{"id":54425,"date":"2025-10-07T06:10:11","date_gmt":"2025-10-07T06:10:11","guid":{"rendered":"https:\/\/www.europesays.com\/no\/54425\/"},"modified":"2025-10-07T06:10:11","modified_gmt":"2025-10-07T06:10:11","slug":"norge-har-hatt-dialog-med-danmark-om-fotball-vm-neste-sommer","status":"publish","type":"post","link":"https:\/\/www.europesays.com\/no\/54425\/","title":{"rendered":"Norge har hatt dialog med Danmark om fotball-VM neste sommer."},"content":{"rendered":"<p class=\"kicker \" style=\"\">Fotball-VM:<\/p>\n<p>  \u00c5tte m\u00e5neder f\u00f8r fotball-VM: &#8211; Vi har begynt \u00e5 snakke med Danmark, sier generalsekret\u00e6r Karl-Petter L\u00f8ken.<\/p>\n<p>\n    EN DR\u00d8M: Manhattan i New York kommer til \u00e5 bli et sentralt motiv under fotball-VM neste \u00e5r. Foto: NTB\n  <\/p>\n<ul>\n<li class=\"lab-bodytext-line font-weight-bold m-font-weight-bold\" data-lab-font_weight=\"font-weight-bold\">Norge &#8211; Israel, klokka 18.00 l\u00f8rdag<\/li>\n<\/ul>\n<p>ULLEVAAL (Dagbladet): En jungel venter fotballandslaget dersom Norge kvalifiserer seg til VM i USA, Canada og Mexico.<\/p>\n<p>Manhattan i New York ligger der som et symbol p\u00e5 Amerikas storhet. Ikke langt unna spilles VM-finalen p\u00e5 MetLife Stadium 19. juli neste \u00e5r.\u00a0<\/p>\n<p> Men f\u00f8r den tid skjer det masse. <\/p>\n<p>          <img loading=\"lazy\" decoding=\"async\" src=\"https:\/\/www.europesays.com\/no\/wp-content\/uploads\/2025\/10\/83687643.webp\" width=\"686\" height=\"467\" title=\"STORSTUE: MetLife Stadium utenfor New York har en kapasitet p\u00e5 82 500 tilskuere. Foto: NTB\" alt=\"\" class=\"\" style=\"--aspect-ratio-image: 1.47; \"\/><\/p>\n<p>\n          STORSTUE: MetLife Stadium utenfor New York har en kapasitet p\u00e5 82 500 tilskuere. Foto: NTB\n      <\/p>\n<p>Generalsekret\u00e6r i Norges Fotballforbund, Karl-Petter L\u00f8ken, opplyser at Norge ikke har begynt \u00e5 planlegge mesterskapet.<\/p>\n<p>Men han bekrefter:<\/p>\n<p>&#8211; Selvf\u00f8lgelig har vi begynt \u00e5 tenke tanken. Vi har snakket med Danmark. De er stort sett alltid i mesterskap p\u00e5 herresida og har erfaring. Vi har f\u00e5tt litt input. Hva b\u00f8r vi tenke p\u00e5?<\/p>\n<p>          <img loading=\"lazy\" decoding=\"async\" src=\"https:\/\/www.europesays.com\/no\/wp-content\/uploads\/2025\/10\/83687645.webp\" width=\"686\" height=\"460\" title=\"F\u00c5R DANSKE R\u00c5D: Generalsekret\u00e6r Karl-Petter L\u00f8ken er i dialog med kollegaen sin i Danmark. Foto: Cornelius Poppe \/ NTB\" alt=\"\" class=\"\" style=\"--aspect-ratio-image: 1.49; \"\/><\/p>\n<p>\n          F\u00c5R DANSKE R\u00c5D: Generalsekret\u00e6r Karl-Petter L\u00f8ken er i dialog med kollegaen sin i Danmark. Foto: Cornelius Poppe \/ NTB\n      <\/p>\n<p class=\"italic m-italic\" data-lab-italic=\"italic\">&#8211; S\u00e5 Danmark blir en viktig sparringspartner?<\/p>\n<p>&#8211; Ja, de har sagt seg villige til det, bekrefter L\u00f8ken.<\/p>\n<p>&#8211; Jeg har snakket med generalsekret\u00e6ren deres, Erik Br\u00f8gger Rasmussen, og de stiller gjerne opp. Jeg kommer selv til \u00e5 dra ned og snakke med ham i forhold til hva de har erfart og hva de anbefaler oss.<\/p>\n<p class=\"font-weight-normal m-font-weight-normal\" data-lab-font_weight=\"font-weight-normal\">L\u00f8ken presiserer ettertrykkelig: Ingenting er avgjort og jobben skal gj\u00f8res f\u00f8rst. Norge har en skrekkelig historie med \u00e5 feile i sluttfasen.\u00a0<\/p>\n<p>Men som leder m\u00e5 generalsekret\u00e6ren ha to tanker i hodet samtidig.<\/p>\n<p>          <img loading=\"lazy\" decoding=\"async\" src=\"https:\/\/www.europesays.com\/no\/wp-content\/uploads\/2025\/10\/83687649.webp\" width=\"686\" height=\"426\" title=\"ENKEL STIL: Erling Braut Haaland hadde neppe blitt plassert p\u00e5 catwalken i Milano med pose og sandaler. Men norsk folkelighet gj\u00f8r seg det ogs\u00e5. Foto: Cornelius Poppe \/ NTB\" alt=\"\" class=\"\" style=\"--aspect-ratio-image: 1.61; \"\/><\/p>\n<p>\n          ENKEL STIL: Erling Braut Haaland hadde neppe blitt plassert p\u00e5 catwalken i Milano med pose og sandaler. Men norsk folkelighet gj\u00f8r seg det ogs\u00e5. Foto: Cornelius Poppe \/ NTB\n      <\/p>\n<p>&#8211; Det vil v\u00e6re en fantastisk nyhet hvis vi klarer \u00e5 kvalifisere oss til mesterskapet. S\u00e5 n\u00e6re som vi er n\u00e5 har vi ikke v\u00e6rt siden vi var i VM forrige gang, p\u00e5peker han.<\/p>\n<p class=\"font-weight-bold m-font-weight-bold\" data-lab-font_weight=\"font-weight-bold\">Forrige gang var i Frankrike i 1998. Og mye m\u00e5 planlegges.\u00a0<\/p>\n<p>Det handler om logistikk. Hoteller. Treningsbaner. Sikkerhet. Kokker. S\u00e6regenheter hos spillere som m\u00e5 tilfredsstilles. I det hele tatt: Jobben er omfattende. Selv hardheten m\u00e5 hotellets madrasser kan gi utslag p\u00e5 banen.<\/p>\n<p>        Landslagssjef St\u00e5le Solbakken m\u00f8tte pressen p\u00e5 Ullevaal stadion mandag. Martin \u00d8degaard er ute med skade. Video: NTB<\/p>\n<p>En avgj\u00f8rende dato blir VM-trekningen i Washington 5. desember. Da vil de 48 nasjonene vite hvem som skal m\u00f8te hvem.\u00a0<\/p>\n<p class=\"font-weight-bold m-font-weight-bold\" data-lab-font_weight=\"font-weight-bold\">Til sammen er det 16 vertsbyer. Elleve av vertsbyene er i USA, tre i Mexico og to i Canada.\u00a0<\/p>\n<p class=\"italic m-italic\" data-lab-italic=\"italic\">&#8211; Hva vil budsjettet for fotballandslaget v\u00e6re dersom det blir VM-sluttspill?<\/p>\n<p>&#8211; Det er for tidlig \u00e5 si. Men klart: Det m\u00e5 innbefatte handlingsrom, svarer L\u00f8ken.<\/p>\n<p>    <a itemprop=\"url\" href=\"https:\/\/www.dagbladet.no\/sport\/stenger-omrade\/83687265\" rel=\"nofollow noopener\" target=\"_blank\"><\/p>\n<p>      <img loading=\"lazy\" decoding=\"async\" src=\"https:\/\/www.europesays.com\/no\/wp-content\/uploads\/2025\/10\/1759817411_20_83687283.webp\" width=\"147\" height=\"100\" title=\"Stenger omr\u00e5de\" alt=\"\" class=\"lazyload\" style=\"--aspect-ratio-image: 1.47; \"\/><\/p>\n<p>        Stenger omr\u00e5de<\/p>\n<p>    <\/a><\/p>\n<p>N\u00f8kkelkampen i kvaliken er hjemme mot Israel l\u00f8rdag. Med seier vil Norge v\u00e6re veldig n\u00e6re sluttspillet neste sommer. Da gjenst\u00e5r bare Estland hjemme og Italia borte i november.\u00a0<\/p>\n<p>Taper Norge mot trener Ran Ben-Shimon og hans israelske spillere, vil det v\u00e6re full panikk i gruppa. Bare gruppevinneren g\u00e5r direkte til VM-sluttspillet.<\/p>\n<p class=\"font-weight-bold m-font-weight-bold\" data-lab-font_weight=\"font-weight-bold\">&#8211; Det blir en viktig kamp mot Israel, sier L\u00f8ken.<\/p>\n<p>&#8211; Det ser bra ut, men jeg synes synd p\u00e5 Martin \u00d8degaard. Han var fortvilet da han skj\u00f8nte at han m\u00e5tte g\u00e5 av (kneskade mot West Ham). Et VM kan bli en boost vi nesten ikke har sett sidestykke til. Det er lenge siden.<\/p>\n<p>        Erling Braut Haaland \u00e5pner seg i NRK-suksessen A-Laget. Video: Monster\/NRK, Skingen\/Dagbladet TV-sporten<\/p>\n<p>Men &#8211; igjen:<\/p>\n<p>&#8211; Jobben m\u00e5 gj\u00f8res, sier L\u00f8ken.<\/p>\n","protected":false},"excerpt":{"rendered":"Fotball-VM: \u00c5tte m\u00e5neder f\u00f8r fotball-VM: &#8211; Vi har begynt \u00e5 snakke med Danmark, sier generalsekret\u00e6r Karl-Petter L\u00f8ken. EN&hellip;\n","protected":false},"author":2,"featured_media":54426,"comment_status":"","ping_status":"","sticky":false,"template":"","format":"standard","meta":{"footnotes":""},"categories":[59],"tags":[92,6870,30,28,29,83,82,1387],"class_list":{"0":"post-54425","1":"post","2":"type-post","3":"status-publish","4":"format-standard","5":"has-post-thumbnail","7":"category-sport","8":"tag-fotball","9":"tag-karl-petter-loken","10":"tag-no","11":"tag-norge","12":"tag-norway","13":"tag-sport","14":"tag-sports","15":"tag-stale-solbakken"},"share_on_mastodon":{"url":"","error":""},"_links":{"self":[{"href":"https:\/\/www.europesays.com\/no\/wp-json\/wp\/v2\/posts\/54425","targetHints":{"allow":["GET"]}}],"collection":[{"href":"https:\/\/www.europesays.com\/no\/wp-json\/wp\/v2\/posts"}],"about":[{"href":"https:\/\/www.europesays.com\/no\/wp-json\/wp\/v2\/types\/post"}],"author":[{"embeddable":true,"href":"https:\/\/www.europesays.com\/no\/wp-json\/wp\/v2\/users\/2"}],"replies":[{"embeddable":true,"href":"https:\/\/www.europesays.com\/no\/wp-json\/wp\/v2\/comments?post=54425"}],"version-history":[{"count":0,"href":"https:\/\/www.europesays.com\/no\/wp-json\/wp\/v2\/posts\/54425\/revisions"}],"wp:featuredmedia":[{"embeddable":true,"href":"https:\/\/www.europesays.com\/no\/wp-json\/wp\/v2\/media\/54426"}],"wp:attachment":[{"href":"https:\/\/www.europesays.com\/no\/wp-json\/wp\/v2\/media?parent=54425"}],"wp:term":[{"taxonomy":"category","embeddable":true,"href":"https:\/\/www.europesays.com\/no\/wp-json\/wp\/v2\/categories?post=54425"},{"taxonomy":"post_tag","embeddable":true,"href":"https:\/\/www.europesays.com\/no\/wp-json\/wp\/v2\/tags?post=54425"}],"curies":[{"name":"wp","href":"https:\/\/api.w.org\/{rel}","templated":true}]}}