{"id":54427,"date":"2025-10-07T06:11:09","date_gmt":"2025-10-07T06:11:09","guid":{"rendered":"https:\/\/www.europesays.com\/no\/54427\/"},"modified":"2025-10-07T06:11:09","modified_gmt":"2025-10-07T06:11:09","slug":"jennifer-lopez-og-ben-affleck-overrasker-pa-rod-loper-etter-brudd-2","status":"publish","type":"post","link":"https:\/\/www.europesays.com\/no\/54427\/","title":{"rendered":"Jennifer Lopez og Ben Affleck overrasker p\u00e5 r\u00f8d l\u00f8per etter brudd"},"content":{"rendered":"<p class=\"kicker \" style=\"\">Jennifer Lopez og Ben Affleck:<\/p>\n<p>  Stemningen mellom eksparet virket sv\u00e6rt god p\u00e5 den r\u00f8de l\u00f8peren.<\/p>\n<p>\n    OVERRASKET: Jennifer Lopez og Ben Affleck poserte tett sammen p\u00e5 den r\u00f8de l\u00f8peren. Foto: Andrew H. Walker\/Shutterstock\/NTB\n  <\/p>\n<p>Da ryktene om en mulig gjenforening mellom Jennifer Lopez (56) og Ben Affleck (53) begynte \u00e5 svirre tilbake i 2021, var det mange som m\u00e5tte gni seg en ekstra gang i \u00f8ynene. Duoen var nemlig blant Hollywoods mest popul\u00e6re par p\u00e5 starten av 2000-tallet, men br\u00f8t forlovelsen i 2004.<\/p>\n<p>    <a itemprop=\"url\" href=\"https:\/\/www.seher.no\/kjendis\/viser-seg-etter-bruddet\/83687916\" rel=\"nofollow noopener\" target=\"_blank\"><\/p>\n<p>      <img loading=\"lazy\" decoding=\"async\" src=\"https:\/\/www.europesays.com\/no\/wp-content\/uploads\/2025\/10\/83687934.webp\" width=\"147\" height=\"98\" title=\"Viser seg etter bruddet\" alt=\"\" class=\"lazyload\" style=\"--aspect-ratio-image: 1.50; \"\/><\/p>\n<p>        Viser seg etter bruddet<\/p>\n<p>    <\/a><\/p>\n<p>Da de gjenopptok romansen nesten 20 \u00e5r senere gikk det derimot fort, og i 2022 giftet de seg i Las Vegas. Men lykken var ogs\u00e5 denne gang kortvarig, og nesten like raskt &#8211; i 2024 &#8211; gikk de hver til sitt igjen. Paret oppga uforenlige forskjeller som \u00e5rsak til skilsmissen. <\/p>\n<p>          <img loading=\"lazy\" decoding=\"async\" src=\"https:\/\/www.europesays.com\/no\/wp-content\/uploads\/2025\/10\/83688398.webp\" width=\"686\" height=\"1029\" title=\"DEN GANG DA: Jennifer Lopez og Ben Affleck p\u00e5 en filmpremiere i 2003. Foto: Matt Baron\/BEI\/REX\/NTB\" alt=\"\" class=\"\" style=\"--aspect-ratio-image: 0.67; \"\/><\/p>\n<p>\n          DEN GANG DA: Jennifer Lopez og Ben Affleck p\u00e5 en filmpremiere i 2003. Foto: Matt Baron\/BEI\/REX\/NTB\n      <\/p>\n<p>Mandag kveld var det derfor mange som ble overrasket da Lopez og Affleck dukket opp sammen p\u00e5 den r\u00f8de l\u00f8peren under premieren av\u00a0\u00abKiss of the Spider Woman\u00bb i New York. Eksparet poserte tett sammen, og stemningen s\u00e5 ut til \u00e5 v\u00e6re sv\u00e6rt god mellom de to skuespillerne.<\/p>\n<p>          <img loading=\"lazy\" decoding=\"async\" src=\"https:\/\/www.europesays.com\/no\/wp-content\/uploads\/2025\/10\/83688394.webp\" width=\"686\" height=\"1029\" title=\"SNAKKET TETT: Eksparet slo av en samtale foran fotografene. Foto: Andrew H. Walker\/Shutterstock\/NTB\" alt=\"\" class=\"\" style=\"--aspect-ratio-image: 0.67; \"\/><\/p>\n<p>\n          SNAKKET TETT: Eksparet slo av en samtale foran fotografene. Foto: Andrew H. Walker\/Shutterstock\/NTB\n      <\/p>\n<p>Lopez spiller hovedrollen i den kommende musikalen, mens Affleck er ut\u00f8vende produsent for filmen gjennom sitt produksjonsselskap Artist Equity.<\/p>\n<p>F\u00f8r visningen benyttet 56-\u00e5ringen muligheten til \u00e5 takke sin eksmann for hans bidrag til filmen. Hun fortalte samtidig at hun ble overveldet da hun leste manuset.<\/p>\n<p>        TATT P\u00c5 FERSKEN: Etter realitydeltakeren nekter for \u00e5 ha v\u00e6rt utro mot kj\u00e6resten, tar programlederen grep. Video: ITVX\/ \u00abBad Boyfriends\u00bb\/ R\u00f8d L\u00f8per<\/p>\n<p>&#8211; Jeg l\u00e5 i sengen og ble bare m\u00e5ll\u00f8s. Jeg tenkte: Skjer dette faktisk? Jeg f\u00e5r synge, jeg f\u00e5r danse, jeg f\u00e5r skuespille. Jeg f\u00e5r v\u00e6re en gammeldags Hollywood-filmstjerne, sa hun til TODAY-showet mandag, if\u00f8lge <a href=\"https:\/\/people.com\/jennifer-lopez-and-ben-affleck-pose-on-red-carpet-together-during-surprise-reunion-11825369\" rel=\"nofollow noopener\" target=\"_blank\">People<\/a>.<\/p>\n<p>Til tross for bruddet har Lopez v\u00e6rt \u00e5pen om Afflecks rolle i musikalens produksjon.<\/p>\n<p>          <img loading=\"lazy\" decoding=\"async\" src=\"https:\/\/www.europesays.com\/no\/wp-content\/uploads\/2025\/10\/83688395.webp\" width=\"686\" height=\"885\" title=\"GOD STEMNING: Eksparet str\u00e5lte om kapp med sola p\u00e5 filmpremieren. Foto: Evan Agostini\/Invision\/AP\/NTB\" alt=\"\" class=\"\" style=\"--aspect-ratio-image: 0.78; \"\/><\/p>\n<p>\n          GOD STEMNING: Eksparet str\u00e5lte om kapp med sola p\u00e5 filmpremieren. Foto: Evan Agostini\/Invision\/AP\/NTB\n      <\/p>\n<p>&#8211; Hvis det ikke hadde v\u00e6rt for Ben, hadde ikke filmen blitt laget. Og jeg vil alltid gi ham den \u00e6ren.<\/p>\n<p>Hun beskrev ogs\u00e5 hvordan arbeidet med filmen hjalp henne gjennom en vanskelig periode.<\/p>\n<p>        INNR\u00d8MMER: Da Fetisha Williams gjestet podkasten \u00abRealitycheck\u00bb avsl\u00f8rte hun hva som m\u00e5tte til for \u00e5 forsones med eks-venninna Sophie Elise. N\u00e5 innr\u00f8mmer hun at hun l\u00f8y. Video: Sanne Holt\/ Thea Hope\/ R\u00f8d L\u00f8per<\/p>\n<p>&#8211; Det er morsomt, filmen handler om virkelighetsflukt. Om hvordan filmer og kunst redder oss i de vanskeligste tidene i livet v\u00e5rt. \u00c5 gj\u00f8re dette prosjektet var en dr\u00f8m som gikk i oppfyllelse for meg, og det hjalp meg virkelig \u00e5 komme meg gjennom en tid som var vanskelig i mitt personlige liv ogs\u00e5.<\/p>\n","protected":false},"excerpt":{"rendered":"Jennifer Lopez og Ben Affleck: Stemningen mellom eksparet virket sv\u00e6rt god p\u00e5 den r\u00f8de l\u00f8peren. OVERRASKET: Jennifer Lopez&hellip;\n","protected":false},"author":2,"featured_media":54428,"comment_status":"","ping_status":"","sticky":false,"template":"","format":"standard","meta":{"footnotes":""},"categories":[58],"tags":[7454,71,7455,479,2543,30,28,29,72],"class_list":{"0":"post-54427","1":"post","2":"type-post","3":"status-publish","4":"format-standard","5":"has-post-thumbnail","7":"category-underholdning","8":"tag-ben-affleck","9":"tag-entertainment","10":"tag-jennifer-lopez","11":"tag-kjendis","12":"tag-kjendisdesken","13":"tag-no","14":"tag-norge","15":"tag-norway","16":"tag-underholdning"},"share_on_mastodon":{"url":"","error":""},"_links":{"self":[{"href":"https:\/\/www.europesays.com\/no\/wp-json\/wp\/v2\/posts\/54427","targetHints":{"allow":["GET"]}}],"collection":[{"href":"https:\/\/www.europesays.com\/no\/wp-json\/wp\/v2\/posts"}],"about":[{"href":"https:\/\/www.europesays.com\/no\/wp-json\/wp\/v2\/types\/post"}],"author":[{"embeddable":true,"href":"https:\/\/www.europesays.com\/no\/wp-json\/wp\/v2\/users\/2"}],"replies":[{"embeddable":true,"href":"https:\/\/www.europesays.com\/no\/wp-json\/wp\/v2\/comments?post=54427"}],"version-history":[{"count":0,"href":"https:\/\/www.europesays.com\/no\/wp-json\/wp\/v2\/posts\/54427\/revisions"}],"wp:featuredmedia":[{"embeddable":true,"href":"https:\/\/www.europesays.com\/no\/wp-json\/wp\/v2\/media\/54428"}],"wp:attachment":[{"href":"https:\/\/www.europesays.com\/no\/wp-json\/wp\/v2\/media?parent=54427"}],"wp:term":[{"taxonomy":"category","embeddable":true,"href":"https:\/\/www.europesays.com\/no\/wp-json\/wp\/v2\/categories?post=54427"},{"taxonomy":"post_tag","embeddable":true,"href":"https:\/\/www.europesays.com\/no\/wp-json\/wp\/v2\/tags?post=54427"}],"curies":[{"name":"wp","href":"https:\/\/api.w.org\/{rel}","templated":true}]}}