{"id":54440,"date":"2025-10-07T06:26:16","date_gmt":"2025-10-07T06:26:16","guid":{"rendered":"https:\/\/www.europesays.com\/no\/54440\/"},"modified":"2025-10-07T06:26:16","modified_gmt":"2025-10-07T06:26:16","slug":"iphone-17-serien-selger-visstnok-godt-men-en-modell-henger-etter","status":"publish","type":"post","link":"https:\/\/www.europesays.com\/no\/54440\/","title":{"rendered":"iPhone 17-serien selger visstnok godt \u2013 men \u00e9n modell henger etter"},"content":{"rendered":"<ul id=\"1f4f02e3-5664-45f8-89bb-4fda4a78cccd\">\n<li><strong>iPhone 17-serien har sterkere ettersp\u00f8rsel enn Morgan Stanley sp\u00e5dde<\/strong><\/li>\n<li><strong>iPhone Air er det svake leddet med lavere ettersp\u00f8rsel<\/strong><\/li>\n<li><strong>Det er uklart hva dette betyr for fremtidige Air-modeller<\/strong><\/li>\n<\/ul>\n<p id=\"20a2ab77-bdfa-482f-be35-57869591a28f\"><a data-analytics-id=\"inline-link\" href=\"https:\/\/global.techradar.com\/no-no\/tag\/apple\" data-auto-tag-linker=\"true\" data-url=\"https:\/\/global.techradar.com\/no-no\/tag\/apple\" data-hl-processed=\"none\" data-before-rewrite-localise=\"https:\/\/global.techradar.com\/no-no\/tag\/apple\" rel=\"nofollow noopener\" target=\"_blank\">Apple<\/a> har ikke avsl\u00f8rt hvor godt iPhone 17-serien selger, men den gj\u00f8r det tydeligvis veldig bra \u2013 noe som kanskje ikke er overraskende, med tanke p\u00e5 at selskapet har fornyet designet og introdusert en helt ny modell i form av <a data-analytics-id=\"inline-link\" href=\"https:\/\/global.techradar.com\/no-no\/phones\/iphone\/test-apple-iphone-air\" target=\"_blank\" data-url=\"https:\/\/global.techradar.com\/no-no\/phones\/iphone\/test-apple-iphone-air\" data-hl-processed=\"none\" data-before-rewrite-localise=\"https:\/\/global.techradar.com\/no-no\/phones\/iphone\/test-apple-iphone-air\" rel=\"nofollow noopener\">iPhone Air<\/a>.<\/p>\n<p>Men nettopp iPhone Air ser ut til \u00e5 v\u00e6re det svake punktet i \u00e5rets modellutvalg, if\u00f8lge analytikere hos Morgan Stanley (via <a data-analytics-id=\"inline-link\" href=\"https:\/\/www.macrumors.com\/2025\/10\/02\/iphone-17-strong-demand-morgan-stanley\/\" target=\"_blank\" data-url=\"https:\/\/www.macrumors.com\/2025\/10\/02\/iphone-17-strong-demand-morgan-stanley\/\" referrerpolicy=\"no-referrer-when-downgrade\" data-hl-processed=\"none\" rel=\"nofollow noopener\">MacRumors<\/a>).<\/p>\n<p><a id=\"elk-seasonal\" href=\"\" data-url=\"\" target=\"_blank\" referrerpolicy=\"no-referrer-when-downgrade\" data-hl-processed=\"none\"\/><\/p>\n<p id=\"20a2ab77-bdfa-482f-be35-57869591a28f-2\">Selskapet sier at den n\u00e5v\u00e6rende ettersp\u00f8rselen etter iPhone 17-serien som helhet har v\u00e6rt \u00ablitt sterkere enn vi opprinnelig regnet med\u00bb, basert p\u00e5 informasjon fra Apples forsyningskjede og estimerte <a data-analytics-id=\"inline-link\" href=\"https:\/\/www.techradar.com\/phones\/iphone\/the-iphone-17-pro-series-is-in-high-demand-heres-how-long-youll-have-to-wait-to-get-one\" target=\"_blank\" rel=\"nofollow noopener\">leveringstider i Apples nettbutikk<\/a>.<\/p>\n<p>Du kan like<\/p>\n<p>Mens iPhone 17, <a data-analytics-id=\"inline-link\" href=\"https:\/\/global.techradar.com\/no-no\/phones\/iphone\/test-iphone-17-pro\" target=\"_blank\" data-url=\"https:\/\/global.techradar.com\/no-no\/phones\/iphone\/test-iphone-17-pro\" data-hl-processed=\"none\" data-before-rewrite-localise=\"https:\/\/global.techradar.com\/no-no\/phones\/iphone\/test-iphone-17-pro\" rel=\"nofollow noopener\">iPhone 17 Pro<\/a> og <a data-analytics-id=\"inline-link\" href=\"https:\/\/global.techradar.com\/no-no\/phones\/iphone\/test-apple-iphone-17-pro-max\" target=\"_blank\" data-url=\"https:\/\/global.techradar.com\/no-no\/phones\/iphone\/test-apple-iphone-17-pro-max\" data-hl-processed=\"none\" data-before-rewrite-localise=\"https:\/\/global.techradar.com\/no-no\/phones\/iphone\/test-apple-iphone-17-pro-max\" rel=\"nofollow noopener\">iPhone 17 Pro Max<\/a> ser ut til \u00e5 v\u00e6re etterspurt, viser rapporten at iPhone Air s\u00e5 langt har vist \u00abrelativ svakhet\u00bb i salget. Det er verdt \u00e5 merke seg at iPhone Air enn\u00e5 ikke har blitt lansert i Kina, et av Apples st\u00f8rste markeder, noe som kan v\u00e6re en medvirkende faktor.<\/p>\n<p><a id=\"elk-44816b84-7cd7-453f-a211-9fa7c84a81b8\" href=\"\" data-url=\"\" target=\"_blank\" referrerpolicy=\"no-referrer-when-downgrade\" data-hl-processed=\"none\"\/>En utfordrende modell<\/p>\n<p class=\"vanilla-image-block\" style=\"padding-top:56.25%;\">\n<p><img decoding=\"async\" src=\"https:\/\/www.europesays.com\/no\/wp-content\/uploads\/2025\/10\/LFxqAKWj4APbJvQnuhZyx9.jpg\" alt=\"Apple iPhone Air\"   loading=\"lazy\" data-new-v2-image=\"true\" data-original-mos=\"https:\/\/www.europesays.com\/no\/wp-content\/uploads\/2025\/10\/LFxqAKWj4APbJvQnuhZyx9.jpg\" data-pin-media=\"https:\/\/www.europesays.com\/no\/wp-content\/uploads\/2025\/10\/LFxqAKWj4APbJvQnuhZyx9.jpg\"\/>\n<\/p>\n<p>iPhone Air ser ut til \u00e5 v\u00e6re vanskelig \u00e5 selge. (Image credit: Jacob Krol\/Future)<\/p>\n<p id=\"f04a7254-b23e-4b81-b457-8827726993f1\">Selv uten Kina-faktoren er det ingen stor overraskelse at iPhone Air kanskje er den svakeste salgsmessig. Selv om <a data-analytics-id=\"inline-link\" href=\"https:\/\/www.techradar.com\/phones\/iphone\/i-ditched-my-new-iphone-17-pro-for-the-iphone-air-and-for-the-first-time-in-years-apple-has-blown-me-away\" target=\"_blank\" rel=\"nofollow noopener\">noen liker den veldig godt<\/a>, er det en telefon du nesten m\u00e5 pr\u00f8ve selv for \u00e5 bli overbevist, ettersom spesifikasjonene \u2013 inkludert et enkelt kamera og et batteri med lavere kapasitet \u2013 absolutt kunne ha v\u00e6rt bedre.<\/p>\n<p>Selv etter \u00e5 ha testet den, kan mange potensielle kj\u00f8pere f\u00f8le at kompromissene er for store. Dermed er den blitt vanskelig \u00e5 selge<\/p>\n<p>Hva <a data-analytics-id=\"inline-link\" href=\"https:\/\/www.techradar.com\/phones\/iphone\/the-iphone-airs-new-naming-scheme-could-suggest-a-new-release-pattern-but-im-not-sure-if-apple-should-make-the-switch\" target=\"_blank\" rel=\"nofollow noopener\">dette betyr for fremtiden til iPhone Air-serien<\/a> \u2013 og om det vil komme flere modeller \u2013 er fortsatt uklart. Men med rapporter om at Apple planlegger \u00e5 lansere sin f\u00f8rste <a data-analytics-id=\"inline-link\" href=\"https:\/\/global.techradar.com\/no-no\/news\/iphone-flip-nyheter\" target=\"_blank\" data-url=\"https:\/\/global.techradar.com\/no-no\/news\/iphone-flip-nyheter\" data-hl-processed=\"none\" data-before-rewrite-localise=\"https:\/\/global.techradar.com\/no-no\/news\/iphone-flip-nyheter\" rel=\"nofollow noopener\">brettbare iPhone<\/a> neste \u00e5r, er det ikke utenkelig at selskapet vil velge \u00e5 avvikle Air-serien og i stedet fokusere p\u00e5 den brettbare modellen som sitt fjerde hovedprodukt.<\/p>\n<p class=\"newsletter-form__strapline\">Registrer deg for siste nytt, anmeldelser, meninger, toppteknologiske tilbud og mer.<\/p>\n<p>I mellomtiden har b\u00e5de iPhone mini og iPhone Plus overlevd flere generasjoner til tross for lignende salgsproblemer, s\u00e5 det er fullt mulig at Apple vil gi iPhone Air minst \u00e9n sjanse til.<\/p>\n<p><a id=\"elk-dcc0d91c-97d9-4a8d-898d-e49937d6faf0\" href=\"\" data-url=\"\" target=\"_blank\" referrerpolicy=\"no-referrer-when-downgrade\" data-hl-processed=\"none\"\/><\/p>\n<p>Dagens beste priser p\u00e5 iPhone 17-serien<\/p>\n<p><a id=\"elk-videre-lesning\" href=\"\" data-url=\"\" target=\"_blank\" referrerpolicy=\"no-referrer-when-downgrade\" data-hl-processed=\"none\"\/>Videre lesning<\/p>\n","protected":false},"excerpt":{"rendered":"iPhone 17-serien har sterkere ettersp\u00f8rsel enn Morgan Stanley sp\u00e5dde iPhone Air er det svake leddet med lavere ettersp\u00f8rsel&hellip;\n","protected":false},"author":2,"featured_media":54441,"comment_status":"","ping_status":"","sticky":false,"template":"","format":"standard","meta":{"footnotes":""},"categories":[57],"tags":[30,28,29,65,63,64,66,70,69,67,68],"class_list":{"0":"post-54440","1":"post","2":"type-post","3":"status-publish","4":"format-standard","5":"has-post-thumbnail","7":"category-vitenskap-og-teknologi","8":"tag-no","9":"tag-norge","10":"tag-norway","11":"tag-science","12":"tag-science-and-technology","13":"tag-scienceandtechnology","14":"tag-technology","15":"tag-teknologi","16":"tag-vitenskap","17":"tag-vitenskap-og-teknologi","18":"tag-vitenskapteknologi"},"share_on_mastodon":{"url":"","error":""},"_links":{"self":[{"href":"https:\/\/www.europesays.com\/no\/wp-json\/wp\/v2\/posts\/54440","targetHints":{"allow":["GET"]}}],"collection":[{"href":"https:\/\/www.europesays.com\/no\/wp-json\/wp\/v2\/posts"}],"about":[{"href":"https:\/\/www.europesays.com\/no\/wp-json\/wp\/v2\/types\/post"}],"author":[{"embeddable":true,"href":"https:\/\/www.europesays.com\/no\/wp-json\/wp\/v2\/users\/2"}],"replies":[{"embeddable":true,"href":"https:\/\/www.europesays.com\/no\/wp-json\/wp\/v2\/comments?post=54440"}],"version-history":[{"count":0,"href":"https:\/\/www.europesays.com\/no\/wp-json\/wp\/v2\/posts\/54440\/revisions"}],"wp:featuredmedia":[{"embeddable":true,"href":"https:\/\/www.europesays.com\/no\/wp-json\/wp\/v2\/media\/54441"}],"wp:attachment":[{"href":"https:\/\/www.europesays.com\/no\/wp-json\/wp\/v2\/media?parent=54440"}],"wp:term":[{"taxonomy":"category","embeddable":true,"href":"https:\/\/www.europesays.com\/no\/wp-json\/wp\/v2\/categories?post=54440"},{"taxonomy":"post_tag","embeddable":true,"href":"https:\/\/www.europesays.com\/no\/wp-json\/wp\/v2\/tags?post=54440"}],"curies":[{"name":"wp","href":"https:\/\/api.w.org\/{rel}","templated":true}]}}