{"id":54448,"date":"2025-10-07T06:40:08","date_gmt":"2025-10-07T06:40:08","guid":{"rendered":"https:\/\/www.europesays.com\/no\/54448\/"},"modified":"2025-10-07T06:40:08","modified_gmt":"2025-10-07T06:40:08","slug":"triste-nyheter-for-alle-gmail-brukere","status":"publish","type":"post","link":"https:\/\/www.europesays.com\/no\/54448\/","title":{"rendered":"Triste nyheter for alle Gmail-brukere"},"content":{"rendered":"<p>Google har bekreftet at to velkjente funksjoner i Gmail forsvinner ved starten av 2026. <\/p>\n<p>Endringen trer i kraft i januar og betyr at b\u00e5de Gmailify og den eldre POP-st\u00f8tten fases ut permanent.<\/p>\n<p>Tiltaket skal gj\u00f8re e-posttjenesten enklere og mer effektiv, men markerer samtidig slutten for funksjoner som i mange \u00e5r har gjort Gmail ekstra fleksibel.<\/p>\n<p>Det skriver <a href=\"https:\/\/www.pcforalla.se\/article\/2929391\/gmail-forlorar-tva-mejlfunktioner-2026.html\" target=\"_blank\" rel=\"noopener nofollow\">pcforalla<\/a>.<\/p>\n<p>Gmailify forsvinner etter ti \u00e5r<\/p>\n<p>Gmailify ble lansert i 2016 og gjorde det mulig \u00e5 koble eksterne e-postkontoer, som Outlook, Yahoo og Hotmail, direkte til Gmail. <\/p>\n<p>Funksjonen ga brukerne tilgang til Googles mer avanserte l\u00f8sninger, blant annet bedre spamfilter, automatisk sortering av innboksen, avanserte s\u00f8kefunksjoner og stabile varsler.<\/p>\n<p>M\u00e5let var \u00e5 samle alt p\u00e5 ett sted, uavhengig av hvilken e-postadresse man brukte. <\/p>\n<p>Fra januar 2026 blir dette ikke lenger mulig, og brukere m\u00e5 h\u00e5ndtere eksterne kontoer p\u00e5 annen m\u00e5te.<\/p>\n<p>POP-teknologien blir historie<\/p>\n<p>Google fjerner samtidig st\u00f8tten for den eldre POP-protokollen, som i mange \u00e5r gjorde det mulig \u00e5 hente e-post fra andre kontoer inn i Gmail. <\/p>\n<p>Teknologien anses som utdatert, og Google oppfordrer brukerne til \u00e5 g\u00e5 over til IMAP, som i dag er standard hos de fleste e-postleverand\u00f8rer.<\/p>\n<p>Endringen gjelder kun nye e-poster. Meldinger som allerede er hentet eller synkronisert, vil fortsatt v\u00e6re tilgjengelige i Gmail, og eksisterende eksterne kontoer kan fremdeles brukes via IMAP.<\/p>\n<p>Fokus p\u00e5 enkelhet og sikkerhet<\/p>\n<p>Google har ikke gitt noen detaljert forklaring p\u00e5 hvorfor endringen kommer n\u00e5, men selskapet f\u00f8lger en tydelig trend mot forenkling og bedre ytelse i Gmail. <\/p>\n<p>M\u00e5let er \u00e5 redusere kompleksiteten og opprettholde h\u00f8y hastighet og sikkerhet.<\/p>\n<p>For de fleste brukere vil endringen ha liten praktisk betydning, ettersom POP og Gmailify ikke brukes like mye som f\u00f8r. <\/p>\n<p>For dem som fortsatt benytter funksjonene, markerer det likevel slutten p\u00e5 en epoke der Gmail kunne samle alle kontoer i \u00e9n og samme innboks.<\/p>\n","protected":false},"excerpt":{"rendered":"Google har bekreftet at to velkjente funksjoner i Gmail forsvinner ved starten av 2026. Endringen trer i kraft&hellip;\n","protected":false},"author":2,"featured_media":54449,"comment_status":"","ping_status":"","sticky":false,"template":"","format":"standard","meta":{"footnotes":""},"categories":[57],"tags":[30,28,29,65,63,64,66,70,69,67,68],"class_list":{"0":"post-54448","1":"post","2":"type-post","3":"status-publish","4":"format-standard","5":"has-post-thumbnail","7":"category-vitenskap-og-teknologi","8":"tag-no","9":"tag-norge","10":"tag-norway","11":"tag-science","12":"tag-science-and-technology","13":"tag-scienceandtechnology","14":"tag-technology","15":"tag-teknologi","16":"tag-vitenskap","17":"tag-vitenskap-og-teknologi","18":"tag-vitenskapteknologi"},"share_on_mastodon":{"url":"","error":""},"_links":{"self":[{"href":"https:\/\/www.europesays.com\/no\/wp-json\/wp\/v2\/posts\/54448","targetHints":{"allow":["GET"]}}],"collection":[{"href":"https:\/\/www.europesays.com\/no\/wp-json\/wp\/v2\/posts"}],"about":[{"href":"https:\/\/www.europesays.com\/no\/wp-json\/wp\/v2\/types\/post"}],"author":[{"embeddable":true,"href":"https:\/\/www.europesays.com\/no\/wp-json\/wp\/v2\/users\/2"}],"replies":[{"embeddable":true,"href":"https:\/\/www.europesays.com\/no\/wp-json\/wp\/v2\/comments?post=54448"}],"version-history":[{"count":0,"href":"https:\/\/www.europesays.com\/no\/wp-json\/wp\/v2\/posts\/54448\/revisions"}],"wp:featuredmedia":[{"embeddable":true,"href":"https:\/\/www.europesays.com\/no\/wp-json\/wp\/v2\/media\/54449"}],"wp:attachment":[{"href":"https:\/\/www.europesays.com\/no\/wp-json\/wp\/v2\/media?parent=54448"}],"wp:term":[{"taxonomy":"category","embeddable":true,"href":"https:\/\/www.europesays.com\/no\/wp-json\/wp\/v2\/categories?post=54448"},{"taxonomy":"post_tag","embeddable":true,"href":"https:\/\/www.europesays.com\/no\/wp-json\/wp\/v2\/tags?post=54448"}],"curies":[{"name":"wp","href":"https:\/\/api.w.org\/{rel}","templated":true}]}}