{"id":54460,"date":"2025-10-07T07:06:13","date_gmt":"2025-10-07T07:06:13","guid":{"rendered":"https:\/\/www.europesays.com\/no\/54460\/"},"modified":"2025-10-07T07:06:13","modified_gmt":"2025-10-07T07:06:13","slug":"eksperten-spar-drama-for-hushovds-lag-tross-kjempeledelse-jeg-er-ikke-trygg","status":"publish","type":"post","link":"https:\/\/www.europesays.com\/no\/54460\/","title":{"rendered":"Eksperten sp\u00e5r drama for Hushovds lag tross kjempeledelse: \u2013 Jeg er ikke trygg"},"content":{"rendered":"<p>Det norske sykkellaget er i pole position i kampen om \u00e5 sikre seg den siste og uhyre ettertraktede World Tour-lisensen foran neste sesong.<\/p>\n<p>Etter \u00e5 ha plukket til sammen 254 poeng under Tour de Langkawi i Malaysia har Uno-X 470 poengs ledelse p\u00e5 franske Cofidis i kampen om 19.-plassen p\u00e5 tre\u00e5rsrankingen til Det internasjonale sykkelforbundet (UCI).<\/p>\n<p>Den gir etter alle solemerker World Tour-lisens for de tre neste \u00e5rene. I s\u00e5 fall er Uno-X sikret deltakelse i alle sykkelsportens storritt, inkludert Tour de France, Giro d&#8217;Italia og Vuelta a Espa\u00f1a.<\/p>\n<p>\u2013 Utgangspunktet er bra, men jeg er ikke trygg. Cofidis har flere ritt en Uno-X igjen p\u00e5 \u00f8verste niv\u00e5 hvor de kan hente inn det tapte, sier sykkelekspert Mads Kaggestad til NTB.<\/p>\n<p>Ute av form<\/p>\n<p>Han peker videre p\u00e5 at Cofidis har byttet ledelse den siste tiden, og at det kanskje ogs\u00e5 kan bidra positivt i den intense innspurten som venter.<\/p>\n<p>\u2013 Samtidig har Cofidis v\u00e6rt ute av form i hele \u00e5r, og slikt er ikke lett \u00e5 snu p\u00e5 tampen av en lang og tung sesong. Jeg h\u00e5per og tror at Uno-X er i en positiv giv, som gj\u00f8r at de fortsetter \u00e5 \u00f8ke differansen og dermed er klare for et ytterligere l\u00f8ft fra 2026, sier Kaggestad.<\/p>\n<p>De 18 lagene som har plukket flest UCI-poeng i perioden 2023 til 2025, f\u00e5r World Tour-lisens for de tre kommende sesongene.<\/p>\n<p>Per n\u00e5 innehar Uno-X 19.-plassen p\u00e5 poenglisten, men den gir trolig lisens som f\u00f8lge av at to av lagene foran (Lotto og Intermarche) rapporteres \u00e5 ville sl\u00e5 seg sammen.<\/p>\n<p>19. oktober stenges d\u00f8ren for \u00e5 sanke flere poeng.<\/p>\n<p>\u2013 Dramatisk kamp<\/p>\n<p>To World Tour-ritt gjenst\u00e5r p\u00e5 kalenderen f\u00f8r fasiten skal skrives: Il endagsrittet Lombardia og etapperittet Tour of Guangxi. Uno-X deltar i det f\u00f8rstnevnte, Cofidis i begge.<\/p>\n<p>I tillegg kommer flere andre mindre ritt der poengfangsten ogs\u00e5 kan \u00f8kes. Mye tyder p\u00e5 at Uno-X-dramaet kan vare helt til det siste.<\/p>\n<p>Det har teamsjef Hushovd v\u00e6rt forberedt p\u00e5 lenge.<\/p>\n<p>\u2013 Det er en dramatisk kamp for hvert eneste l\u00f8p og hvert poeng, fordi det er s\u00e5pass tett. Det vil v\u00e6re en kamp mot et par andre lag helt fram til siste ritt 19. oktober, sa han til NTB nylig.<\/p>\n<p>En eventuell deltakelse i samtlige ritt p\u00e5 World Tour-niv\u00e5 vil gj\u00f8re 2026 til et sv\u00e6rt hektisk \u00e5r.<\/p>\n<p>\u2013 Det blir nye utfordringer for oss, men vi er rigget for \u00e5 ta det steget, har Hushovd lovet.<\/p>\n<p>At laget m\u00e5 styrkes b\u00e5de p\u00e5 rytter- og ledersiden, er klart.<\/p>\n<p>Uno X har s\u00f8rlendingene S\u00f8ren W\u00e6renskjold og Stian Fredheim i stallen.<\/p>\n","protected":false},"excerpt":{"rendered":"Det norske sykkellaget er i pole position i kampen om \u00e5 sikre seg den siste og uhyre ettertraktede&hellip;\n","protected":false},"author":2,"featured_media":54461,"comment_status":"","ping_status":"","sticky":false,"template":"","format":"standard","meta":{"footnotes":""},"categories":[59],"tags":[967,30,28,29,83,82],"class_list":{"0":"post-54460","1":"post","2":"type-post","3":"status-publish","4":"format-standard","5":"has-post-thumbnail","7":"category-sport","8":"tag-artikler-fra-ntb","9":"tag-no","10":"tag-norge","11":"tag-norway","12":"tag-sport","13":"tag-sports"},"share_on_mastodon":{"url":"","error":""},"_links":{"self":[{"href":"https:\/\/www.europesays.com\/no\/wp-json\/wp\/v2\/posts\/54460","targetHints":{"allow":["GET"]}}],"collection":[{"href":"https:\/\/www.europesays.com\/no\/wp-json\/wp\/v2\/posts"}],"about":[{"href":"https:\/\/www.europesays.com\/no\/wp-json\/wp\/v2\/types\/post"}],"author":[{"embeddable":true,"href":"https:\/\/www.europesays.com\/no\/wp-json\/wp\/v2\/users\/2"}],"replies":[{"embeddable":true,"href":"https:\/\/www.europesays.com\/no\/wp-json\/wp\/v2\/comments?post=54460"}],"version-history":[{"count":0,"href":"https:\/\/www.europesays.com\/no\/wp-json\/wp\/v2\/posts\/54460\/revisions"}],"wp:featuredmedia":[{"embeddable":true,"href":"https:\/\/www.europesays.com\/no\/wp-json\/wp\/v2\/media\/54461"}],"wp:attachment":[{"href":"https:\/\/www.europesays.com\/no\/wp-json\/wp\/v2\/media?parent=54460"}],"wp:term":[{"taxonomy":"category","embeddable":true,"href":"https:\/\/www.europesays.com\/no\/wp-json\/wp\/v2\/categories?post=54460"},{"taxonomy":"post_tag","embeddable":true,"href":"https:\/\/www.europesays.com\/no\/wp-json\/wp\/v2\/tags?post=54460"}],"curies":[{"name":"wp","href":"https:\/\/api.w.org\/{rel}","templated":true}]}}