{"id":54464,"date":"2025-10-07T07:14:09","date_gmt":"2025-10-07T07:14:09","guid":{"rendered":"https:\/\/www.europesays.com\/no\/54464\/"},"modified":"2025-10-07T07:14:09","modified_gmt":"2025-10-07T07:14:09","slug":"jon-fosse-kristi-helene-engberg-kristi-helene-giaever-engeberg-har-hovedrolle-i-jon-fosse-filmen","status":"publish","type":"post","link":"https:\/\/www.europesays.com\/no\/54464\/","title":{"rendered":"Jon Fosse, Kristi-Helene Engberg | Kristi-Helene Gi\u00e6ver Engeberg har hovedrolle i Jon Fosse-filmen"},"content":{"rendered":"\n<p>Den forel\u00f8pig navnl\u00f8se kinofilmen er basert p\u00e5 nobelprisvinnerens eneste originalskrevne spillefilmmanus. Det er som kjent den prisvinnende regiss\u00f8ren Erik Poppe som tar h\u00e5nd om \u00e5 f\u00e5 den opp p\u00e5 kinolerretet til neste \u00e5r.<\/p>\n<p>Innspillingen er i gang \u2013 if\u00f8lge pressemeldingen \u00abi et sl\u00e5ende vestlandslandskap\u00bb p\u00e5 Stadlandet og i Hardanger, som Poppe kaller \u00aben karakter i seg selv\u00bb.<\/p>\n<p>   <img decoding=\"async\" width=\"8256\" height=\"5504\" fetchpriority=\"low\"  loading=\"lazy\"  src=\"https:\/\/www.europesays.com\/no\/wp-content\/uploads\/2025\/10\/5_8_2539155_EH9_0289_Behandlet_ny__2_.jpg\" alt=\"Jon Fosse fikk gratulasjon fra pave Frans. \" class=\"brick-c-cFOWSL\" style=\"--brick-image-ratio: 8256 \/ 5504;\"\/><\/p>\n<p>    Jon Fosse har skrevet ett filmmanus, og det skal vises p\u00e5 kino i 2026.<br \/>\n    Foto: EIRIK HAGES\u00c6TER (Arkiv)\n  <\/p>\n<p>  Ble overrasket<\/p>\n<p>Fosse stiller i handlingen sp\u00f8rsm\u00e5l om hvor mye avstand kj\u00e6rligheten t\u00e5ler. Hovedpersoner er Asle, spilt av Leo de la Nuez, og Gerd, spilt av Kristi-Helene Gi\u00e6ver Engeberg fra \u00c5sane, som m\u00f8tes i en liten kystby og f\u00e5r en s\u00f8nn.<\/p>\n<p>Men sj\u00f8mannen Asle trekkes vekk av havet og rastl\u00f8sheten, mens Gerd blir igjen i bygden \u2013 alene med barnet.<\/p>\n<p>\u2013 Jeg ble overrasket da jeg leste Jons manus for f\u00f8rste gang. Det er gjenkjennelig Fosse i hver linje, men samtidig \u00e5pnere og mer inviterende enn deler av hans dramatikk, sier regiss\u00f8r Erik Poppe.<\/p>\n<p>   <img decoding=\"async\" width=\"4319\" height=\"2879\" fetchpriority=\"low\"  loading=\"lazy\"  src=\"https:\/\/www.europesays.com\/no\/wp-content\/uploads\/2025\/10\/NTB_DvMdEdhTnsE.jpg\" alt=\"Haugesund 20240818. &#10;Erik Poppe under r\u00f8d l\u00f8per f\u00f8r premieren p\u00e5 filmen \" quislings=\"\" siste=\"\" dager=\"\" foto:=\"\" jan=\"\" k=\"\" ness=\"\" ntb=\"\" class=\"brick-c-cFOWSL\" style=\"--brick-image-ratio: 4319 \/ 2879;\"\/><\/p>\n<p>    Erik Poppe har regissert noen av landets virkelig store filmer de siste \u00e5rene.<br \/>\n    Foto: Jan K\u00e5re Ness \/ NTB (Arkiv)\n  <\/p>\n<p>  \u2013 Dr\u00f8mmerollen<\/p>\n<p>33 \u00e5r gamle Kristi-Helene Gi\u00e6ver Engeberg har jobbet p\u00e5 DNS i syv \u00e5r mer eller mindre uavbrutt. Bergenseren forteller til <a href=\"https:\/\/www.bt.no\/kultur\/i\/0VMGQ2\/jon-fosse-har-skrevet-filmmanuset-33-aaringen-fra-aasane-fikk-hovedrollen\" rel=\"Follow nofollow noopener\" target=\"_blank\">BT <\/a>at teatersjef Solrun Toft Iversen var raus da hun \u00f8nsket \u00e5 teste noe nytt.<\/p>\n<p>   <img decoding=\"async\" width=\"1197\" height=\"1796\" fetchpriority=\"low\"  loading=\"lazy\"  src=\"https:\/\/www.europesays.com\/no\/wp-content\/uploads\/2025\/10\/_1738030.jpeg\" alt=\"\" class=\"brick-c-cFOWSL\" style=\"--brick-image-ratio: 1197 \/ 1796;\"\/><\/p>\n<p>    Foto: Sebastian Dalseide\n  <\/p>\n<p>En periode fryktet skuespilleren imidlertid at storfilmen ikke skulle bli noe av, fordi innspillingen ble utsatt.<\/p>\n<p>\u2013 F\u00f8rst da vi reiste inn til Hardanger i september, slappet jeg av: \u00abDet skjer! Vi er her!\u00bb. For dette er virkelig dr\u00f8mmerollen, sier Engeberg til BT.<\/p>\n<p>\u00c5sabuen studerte skuespill for teater og film p\u00e5 Norsk Skuespillerinstitutt. Hun er ogs\u00e5 utdannet innen dans p\u00e5 B\u00e5rdar Akademiet. If\u00f8lge DNS debuterte hun der i \u00abFolk og r\u00f8vere i Kardemomme by\u00bb h\u00f8sten 2018.<\/p>\n<p>Utfordrende<\/p>\n<p>Erik Poppes utfordring som filmskaper blir if\u00f8lge eget utsagn \u00e5 formidle det usagte n\u00e5r spr\u00e5ket gradvis opph\u00f8rer mellom mennesker som st\u00e5r hverandre n\u00e6r.<\/p>\n<p>\u2013 For meg er dette en kunstnerisk unders\u00f8kelse som utfordrer meg mer enn p\u00e5 lenge, sier Poppe, som skryter av de to hovedrolleinnehaverne. De er relativt ukjente navn for folk flest, men han beskriver dem som \u00abenorme talenter\u00bb.<\/p>\n<p>\u2013 Gjennom deres f\u00f8lsomme, men kloke tiln\u00e6rming overfor Jon Fosses blikk p\u00e5 verden f\u00e5r de frem en naturlighet i rytme og dialoger som vil kunne introdusere Fosses dramatikk for enda flere der ute, tror han.<\/p>\n<p>\u2013 Gjenkjennelig<\/p>\n<p>Produsent Finn Gjerdrum i filmselskapet Paradox hadde selv en far som var sj\u00f8mann, og kjenner seg igjen i manusets skildring av \u00absavnet, ventingen og de korte, intense stundene n\u00e5r han var hjemme\u00bb.<\/p>\n<p>\u2013 Historien handler ikke bare om avstand og ensomhet, men om hvordan vi lever med dem \u2013 og hvordan kj\u00e6rligheten kan overleve i mellomrommene. Jeg tror filmen vil ber\u00f8re dypt, p\u00e5 en m\u00e5te som b\u00e5de er tidl\u00f8s og universell, sier Gjerdrum i en uttalelse.<\/p>\n","protected":false},"excerpt":{"rendered":"Den forel\u00f8pig navnl\u00f8se kinofilmen er basert p\u00e5 nobelprisvinnerens eneste originalskrevne spillefilmmanus. Det er som kjent den prisvinnende regiss\u00f8ren&hellip;\n","protected":false},"author":2,"featured_media":54465,"comment_status":"","ping_status":"","sticky":false,"template":"","format":"standard","meta":{"footnotes":""},"categories":[58],"tags":[36,71,8226,1445,8225,410,30,28,29,1558,1510,72],"class_list":{"0":"post-54464","1":"post","2":"type-post","3":"status-publish","4":"format-standard","5":"has-post-thumbnail","7":"category-underholdning","8":"tag-art","9":"tag-entertainment","10":"tag-erik-poppe","11":"tag-jon-fosse","12":"tag-kristi-helene-engberg","13":"tag-kultur","14":"tag-no","15":"tag-norge","16":"tag-norway","17":"tag-pulsen","18":"tag-story","19":"tag-underholdning"},"share_on_mastodon":{"url":"","error":""},"_links":{"self":[{"href":"https:\/\/www.europesays.com\/no\/wp-json\/wp\/v2\/posts\/54464","targetHints":{"allow":["GET"]}}],"collection":[{"href":"https:\/\/www.europesays.com\/no\/wp-json\/wp\/v2\/posts"}],"about":[{"href":"https:\/\/www.europesays.com\/no\/wp-json\/wp\/v2\/types\/post"}],"author":[{"embeddable":true,"href":"https:\/\/www.europesays.com\/no\/wp-json\/wp\/v2\/users\/2"}],"replies":[{"embeddable":true,"href":"https:\/\/www.europesays.com\/no\/wp-json\/wp\/v2\/comments?post=54464"}],"version-history":[{"count":0,"href":"https:\/\/www.europesays.com\/no\/wp-json\/wp\/v2\/posts\/54464\/revisions"}],"wp:featuredmedia":[{"embeddable":true,"href":"https:\/\/www.europesays.com\/no\/wp-json\/wp\/v2\/media\/54465"}],"wp:attachment":[{"href":"https:\/\/www.europesays.com\/no\/wp-json\/wp\/v2\/media?parent=54464"}],"wp:term":[{"taxonomy":"category","embeddable":true,"href":"https:\/\/www.europesays.com\/no\/wp-json\/wp\/v2\/categories?post=54464"},{"taxonomy":"post_tag","embeddable":true,"href":"https:\/\/www.europesays.com\/no\/wp-json\/wp\/v2\/tags?post=54464"}],"curies":[{"name":"wp","href":"https:\/\/api.w.org\/{rel}","templated":true}]}}