{"id":54470,"date":"2025-10-07T07:18:15","date_gmt":"2025-10-07T07:18:15","guid":{"rendered":"https:\/\/www.europesays.com\/no\/54470\/"},"modified":"2025-10-07T07:18:15","modified_gmt":"2025-10-07T07:18:15","slug":"stordalen-dukket-opp-pa-krykker","status":"publish","type":"post","link":"https:\/\/www.europesays.com\/no\/54470\/","title":{"rendered":"Stordalen dukket opp p\u00e5 krykker"},"content":{"rendered":"<p>  En skatteregning p\u00e5 200 millioner kroner er stridstemaet n\u00e5r Petter Stordalen m\u00f8ter Skatteetaten i Borgarting lagmannsrett.<\/p>\n<p>\n    I RETTEN: Petter Stordalen dukket opp p\u00e5 krykker da ankesaken hans mot Skatteetaten startet i Borgarting lagmannsrett i dag. Foto: Lars Eivind Bones \/ Dagbladet\n  <\/p>\n<p>    Kort fortalt<\/p>\n<p lang=\"nb-NO\">Petter Stordalen har anket en dom fra Oslo tingrett om en skatteregning p\u00e5 200 millioner kroner.<\/p>\n<p lang=\"nb-NO\">Kjernen i saken er om Stordalen utnyttet en skattefordel han ikke hadde rett p\u00e5 ved kj\u00f8p av Strawberry Fields.<\/p>\n<p lang=\"nb-NO\">Staten mener kj\u00f8pet var motivert av skattebesparelse, mens Stordalen hevder det var en forretningsmulighet.<\/p>\n<p lang=\"nb-NO\">Saken start tirsdag i Borgarting lagmannsrett, med sju dager satt av til rettsforhandlingene.<\/p>\n<p class=\"italic ai-disclaimer\" data-lab-italic=\"italic\">Sammendraget er laget av ChatGPT og godkjent av B\u00f8rsen.<\/p>\n<p>      Vis mer<br \/>\n      Vis mindre<\/p>\n<p>Petter Stordalen er selv p\u00e5 plass i Borgarting lagmannsrett, i forbindelse med saken han har anlagt mot Skatteetaten.<\/p>\n<p>Hotellkongen kom inn i rettssalen hinkende p\u00e5 to krykker, etter et uhell p\u00e5 en av sine daglige l\u00f8peturer p\u00e5 Bygd\u00f8y. Der snublet han i en rot, og rev av leddb\u00e5nd i beinet, noe som f\u00f8rte til at han m\u00e5tte gjennomg\u00e5 en mikrooperasjon.<\/p>\n<p class=\"font-weight-bold m-font-weight-bold\" data-lab-font_weight=\"font-weight-bold\">&#8211; Jeg er veldig forn\u00f8yd med behandlingen, sier Stordalen, som h\u00e5per han kan kaste krykkene til rettens andre dag i morgen.<\/p>\n<p>          <img loading=\"lazy\" decoding=\"async\" src=\"https:\/\/www.europesays.com\/no\/wp-content\/uploads\/2025\/10\/83688986.webp\" width=\"980\" height=\"559\" title=\"P\u00c5 KRYKKER: Petter Stordalen h\u00e5per han kan kaste krykkene f\u00f8r han kommer i retten p\u00e5 onsdag. Foto: Lars Eivind Bones \/ Dagbladet\" alt=\"\" class=\"\" style=\"--aspect-ratio-image: 1.75; \"\/><\/p>\n<p>\n          P\u00c5 KRYKKER: Petter Stordalen h\u00e5per han kan kaste krykkene f\u00f8r han kommer i retten p\u00e5 onsdag. Foto: Lars Eivind Bones \/ Dagbladet\n      <\/p>\n<p>Skattekrav p\u00e5 200 millioner\t<\/p>\n<p>Da skattesaken var oppe for Oslo tingrett v\u00e5ren 2024, tapte Stordalen, noe som f\u00f8rte til at han anket.<\/p>\n<p class=\"font-weight-bold m-font-weight-bold\" data-lab-font_weight=\"font-weight-bold\">Kjernen i saken som n\u00e5 kommer opp for Borgarting lagmannsrett tirsdag er et skattekrav p\u00e5 200 millioner kroner.<\/p>\n<p>Bakgrunnen for saken er at staten mener Stordalen har utnyttet en skattefordel han ikke hadde rett p\u00e5. Det var ikke Stordalen enig i, og han nektet \u00e5 betale skatteregningen og gikk til s\u00f8ksm\u00e5l.<\/p>\n<p>I forkant av saken i lagmannsretten sier Stordalen til B\u00f8rsen at \u00e5rsaken til at de er p\u00e5 plass er at\u00a0\u00abtingrettens konklusjon ikke er i samsvar med de kommersielle forutsetningene og motivene som l\u00e5 til grunn for avtalen\u00bb.<\/p>\n<p class=\"font-weight-bold m-font-weight-bold\" data-lab-font_weight=\"font-weight-bold\">&#8211; Disse reglene vi har fulgt har v\u00e6rt der i 100 \u00e5r. Vi har fulgt dem, og som dommeren i tingretten ogs\u00e5 sa s\u00e5 har vi opplyst alle sammen om det fra dag \u00e9n. Da mener vi \u00e5penbart at jussen er feil, sier Stordalen.<\/p>\n<p class=\"italic m-italic\" data-lab-italic=\"italic\">&#8211; N\u00e5r retten i forrige runde konkluderte med at det ikke var noen forretningsmessige \u00e5rsaker til \u00e5 ta over selskapet, s\u00e5 er du helt uenig i det?<\/p>\n<p>&#8211; Det er \u00e5penbart.<\/p>\n<p>    <a itemprop=\"url\" href=\"https:\/\/borsen.dagbladet.no\/nyheter\/enkel-oppskrift-for-norges-rikeste\/81071922\" rel=\"nofollow noopener\" target=\"_blank\"><\/p>\n<p>      <img loading=\"lazy\" decoding=\"async\" src=\"https:\/\/www.europesays.com\/no\/wp-content\/uploads\/2025\/10\/81072004.webp\" width=\"980\" height=\"441\" title=\"- Enkel oppskrift for Norges rikeste\" alt=\"\" class=\"lazyload\" style=\"--aspect-ratio-image: 2.22; \"\/><\/p>\n<p>        &#8211; Enkel oppskrift for Norges rikeste<\/p>\n<p>    <\/a><\/p>\n<p>Kj\u00f8pte selskap\t<\/p>\n<p>Kort oppsummert handler saken om holdingsselskapet Strawberry Fields, som opprinnelig het Oslo Properties.<\/p>\n<p>Dette selskapet ble stiftet i 2007 og kj\u00f8pte flere hoteller. P\u00e5 grunn av finanskrisen gikk virksomheten d\u00e5rlig, og selskapet hadde store underskudd.<\/p>\n<p>    <a itemprop=\"url\" href=\"https:\/\/borsen.dagbladet.no\/nyheter\/na-forklarer-stordalen-seg\/81073424\" rel=\"nofollow noopener\" target=\"_blank\"><\/p>\n<p>      <img loading=\"lazy\" decoding=\"async\" src=\"https:\/\/www.europesays.com\/no\/wp-content\/uploads\/2025\/10\/81073451.webp\" width=\"980\" height=\"441\" title=\"N\u00e5 forklarer Stordalen seg\" alt=\"\" class=\"lazyload\" style=\"--aspect-ratio-image: 2.22; \"\/><\/p>\n<p>        N\u00e5 forklarer Stordalen seg<\/p>\n<p>    <\/a><\/p>\n<p>I de seks \u00e5rene som gikk fra 2007 til 2013 ble det spyttet inn rundt 3 milliarder kroner i egenkapital i selskapet. Nesten alle disse pengene var borte da Stordalen kj\u00f8pte selskapet.<\/p>\n<p class=\"font-weight-bold m-font-weight-bold\" data-lab-font_weight=\"font-weight-bold\">I \u00e5rene som fulgte tok Stordalen ut over 795 millioner kroner i utbytte uten \u00e5 betale skatt. \u00c5rsaken til det er egenkapitalen som hadde blitt betalt inn i selskapet.<\/p>\n<p>Disse tre milliardene trenger man i utgangspunktet ikke \u00e5 betale skatt av for \u00e5 ta det ut av selskapet igjen. I praksis betyr det at man kan ta ut opptil tre milliarder i utbytte uten \u00e5 betale utbytteskatt.<\/p>\n<p>Et slikt skattefritak f\u00f8lger i utgangspunktet selskapet videre n\u00e5r det selges til nye eiere, men ikke dersom form\u00e5let med \u00e5 kj\u00f8pe selskapet var \u00e5 spare skatt.<\/p>\n<p>    <a itemprop=\"url\" href=\"https:\/\/borsen.dagbladet.no\/nyheter\/refser-stordalen-hykleri\/81084712\" rel=\"nofollow noopener\" target=\"_blank\"><\/p>\n<p>      <img loading=\"lazy\" decoding=\"async\" src=\"https:\/\/www.europesays.com\/no\/wp-content\/uploads\/2025\/10\/81086645.webp\" width=\"980\" height=\"441\" title=\"Refser Stordalen: \u00abHykleri\u00bb\" alt=\"\" class=\"lazyload\" style=\"--aspect-ratio-image: 2.22; \"\/><\/p>\n<p>        Refser Stordalen: \u00abHykleri\u00bb<\/p>\n<p>    <\/a><\/p>\n<p>&#8211; Risikofri investering\t<\/p>\n<p>Staten mente at kj\u00f8pet i seg selv var motivert av den mulige skattebesparelsen, mens Stordalens advokater argumenterte for at hotellkongen \u00abs\u00e5 en forretningsmulighet\u00bb.<\/p>\n<p>Under rettsbehandlingen i fjor sa Stordalen at han s\u00e5 en investering som var \u00abbasically risikofri\u00bb, og p\u00e5 sp\u00f8rsm\u00e5l om hva som var motivet med oppkj\u00f8pet, svarte Stordalen.<\/p>\n<p class=\"font-weight-bold m-font-weight-bold\" data-lab-font_weight=\"font-weight-bold\">&#8211; Det jeg s\u00e5 var noen titalls millioner som jeg kunne ta helt uten risiko, og jeg s\u00e5 sannsynligheten for default som liten.<\/p>\n<p>I mars i fjor falt dommen, og i den heter det at \u00abrettens konklusjon er etter dette at Stordalens oppkj\u00f8p av Strawberry Fields ikke hadde noen forretningsmessig verdi\u00bb.<\/p>\n<p>Stordalen fikk riktignok medhold i at kapitalen som var igjen i selskapet da han kj\u00f8pte det &#8211; 184 millioner kroner &#8211; kunne tas ut skattefritt, noe som reduserte skatteregningen Stordalen ble ilagt.\u00a0 Hotellkongen ble dermed d\u00f8mt til \u00e5 betale 180 millioner kroner til staten.<\/p>\n<p>    <a itemprop=\"url\" href=\"https:\/\/borsen.dagbladet.no\/nyheter\/ma-punge-ut\/81160365\" rel=\"nofollow noopener\" target=\"_blank\"><\/p>\n<p>      <img loading=\"lazy\" decoding=\"async\" src=\"https:\/\/www.europesays.com\/no\/wp-content\/uploads\/2025\/10\/81160386.webp\" width=\"980\" height=\"441\" title=\"M\u00e5 punge ut\" alt=\"\" class=\"lazyload\" style=\"--aspect-ratio-image: 2.22; \"\/><\/p>\n<p>        M\u00e5 punge ut<\/p>\n<p>    <\/a><\/p>\n<p>Kommenterer ikke\t<\/p>\n<p>B\u00f8rsen har v\u00e6rt i kontakt med Petter Stordalens advokat, Kaare Andreas Shetelig i forkant av ankesaken.<\/p>\n<p class=\"font-weight-bold m-font-weight-bold\" data-lab-font_weight=\"font-weight-bold\">&#8211; Vi har ingen kommentar f\u00f8r rettssaken starter, skriver Shetelig i en melding.<\/p>\n<p>Da det ble kjent at Stordalen anket tingrettens avgj\u00f8relse sa Shetelig at de mener at \u00abmed riktig bevisbed\u00f8mmelse og rettsanvendelse, vil anken bli tatt til f\u00f8lge\u00bb.<\/p>\n<p> Stordalen selv skal etter planen forklare seg for retten p\u00e5 torsdag. <\/p>\n<p>    <a itemprop=\"url\" href=\"https:\/\/borsen.dagbladet.no\/nyheter\/petter-stordalen-anker-skattedom\/81330545\" rel=\"nofollow noopener\" target=\"_blank\"><\/p>\n<p>      <img loading=\"lazy\" decoding=\"async\" src=\"https:\/\/www.europesays.com\/no\/wp-content\/uploads\/2025\/10\/81330531.webp\" width=\"980\" height=\"441\" title=\"Petter Stordalen anker skattedom\" alt=\"\" class=\"lazyload\" style=\"--aspect-ratio-image: 2.22; \"\/><\/p>\n<p>        Petter Stordalen anker skattedom<\/p>\n<p>    <\/a><\/p>\n<p>&#8211; En enkel oppskrift\t<\/p>\n<p>Heller ikke Nils Sture Nilsson, advokat hos Regjeringsadvokaten, \u00f8nsker \u00e5 si noe f\u00f8r rettssaken sparker i gang.<\/p>\n<p class=\"font-weight-bold m-font-weight-bold\" data-lab-font_weight=\"font-weight-bold\">I forbindelse med at saken ble behandlet av tingretten sa Nilsson at han mener saken i et n\u00f8tteskall, dog forenklet, handler om beskatning av Norges rikeste personer.<\/p>\n<p> &#8211; Stordalens inntekt er utbytte. Sp\u00f8rsm\u00e5let er om Stordalen kan kj\u00f8pe selskapet, som har tre milliarder i innbetalt kapital, men lite annet av betydning, og i realiteten slippe utbytteskatt resten av livet. Siden inntekten til Norges rikeste er utbytte, er dette en enkel oppskrift som mange av Norges rikeste kan f\u00f8lge for \u00e5 unng\u00e5 all utbytteskatt, sa Nilsson.<\/p>\n<p>Han understreket riktignok at saken var mer komplisert enn som s\u00e5.<\/p>\n<p>Det er satt av sju dager til saken.<\/p>\n","protected":false},"excerpt":{"rendered":"En skatteregning p\u00e5 200 millioner kroner er stridstemaet n\u00e5r Petter Stordalen m\u00f8ter Skatteetaten i Borgarting lagmannsrett. I RETTEN:&hellip;\n","protected":false},"author":2,"featured_media":54471,"comment_status":"","ping_status":"","sticky":false,"template":"","format":"standard","meta":{"footnotes":""},"categories":[10],"tags":[1468,20,21,24,25,15,22,23,13,30,28,29,14,16,1934,1289,26,27],"class_list":{"0":"post-54470","1":"post","2":"type-post","3":"status-publish","4":"format-standard","5":"has-post-thumbnail","7":"category-norge","8":"tag-borgarting-lagmannsrett","9":"tag-breaking-news","10":"tag-breakingnews","11":"tag-featured-news","12":"tag-featurednews","13":"tag-headlines","14":"tag-latest-news","15":"tag-latestnews","16":"tag-news","17":"tag-no","18":"tag-norge","19":"tag-norway","20":"tag-nyheter","21":"tag-overskrifter","22":"tag-petter-stordalen","23":"tag-skatt","24":"tag-top-stories","25":"tag-topstories"},"share_on_mastodon":{"url":"","error":""},"_links":{"self":[{"href":"https:\/\/www.europesays.com\/no\/wp-json\/wp\/v2\/posts\/54470","targetHints":{"allow":["GET"]}}],"collection":[{"href":"https:\/\/www.europesays.com\/no\/wp-json\/wp\/v2\/posts"}],"about":[{"href":"https:\/\/www.europesays.com\/no\/wp-json\/wp\/v2\/types\/post"}],"author":[{"embeddable":true,"href":"https:\/\/www.europesays.com\/no\/wp-json\/wp\/v2\/users\/2"}],"replies":[{"embeddable":true,"href":"https:\/\/www.europesays.com\/no\/wp-json\/wp\/v2\/comments?post=54470"}],"version-history":[{"count":0,"href":"https:\/\/www.europesays.com\/no\/wp-json\/wp\/v2\/posts\/54470\/revisions"}],"wp:featuredmedia":[{"embeddable":true,"href":"https:\/\/www.europesays.com\/no\/wp-json\/wp\/v2\/media\/54471"}],"wp:attachment":[{"href":"https:\/\/www.europesays.com\/no\/wp-json\/wp\/v2\/media?parent=54470"}],"wp:term":[{"taxonomy":"category","embeddable":true,"href":"https:\/\/www.europesays.com\/no\/wp-json\/wp\/v2\/categories?post=54470"},{"taxonomy":"post_tag","embeddable":true,"href":"https:\/\/www.europesays.com\/no\/wp-json\/wp\/v2\/tags?post=54470"}],"curies":[{"name":"wp","href":"https:\/\/api.w.org\/{rel}","templated":true}]}}