{"id":54472,"date":"2025-10-07T07:24:14","date_gmt":"2025-10-07T07:24:14","guid":{"rendered":"https:\/\/www.europesays.com\/no\/54472\/"},"modified":"2025-10-07T07:24:14","modified_gmt":"2025-10-07T07:24:14","slug":"venezuela-advarte-usa-om-planlagt-bombeattentat","status":"publish","type":"post","link":"https:\/\/www.europesays.com\/no\/54472\/","title":{"rendered":"Venezuela advarte USA om planlagt bombeattentat"},"content":{"rendered":"\n<p class=\"_lead_1994c_2 _lead_xtcu6_50 layout-component text-serif-m layout-normal text-serif-l layout-component layout-wide layout-padded _wide_17hqh_1 layout-padded\">President Nicol\u00e1s Maduro sier Venezuela har advart USA om et planlagt bombeattentat mot landets ambassade i Caracas. <\/p>\n<p><img alt=\"Venezuelas president Nicol\u00e1s Maduro, her under en pressekonferanse i Caracas i Venezuela 15. september i \u00e5r, sier de har avdekket en angivelig falskt flagg-operasjon i landet.  Foto: Jesus Vargas \/ AP \/ NTB\" class=\"_image_qp4xg_65 layout-component layout-wide\" data-fullscreen- data-track-element-type=\"Article image fullscreen\" data-track-name=\"ImageFullscreen\" fetchpriority=\"high\" decoding=\"sync\" loading=\"eager\" height=\"4000\" itemprop=\"image\"  src=\"https:\/\/www.europesays.com\/no\/wp-content\/uploads\/2025\/10\/365cbdd6-60dc-4667-8c14-fd232beeb47c\"  style=\"object-position:0% 0%\" width=\"6000\"\/>Venezuelas president Nicol\u00e1s Maduro, her under en pressekonferanse i Caracas i Venezuela 15. september i \u00e5r, sier de har avdekket en angivelig falskt flagg-operasjon i landet.  Foto: Jesus Vargas \/ AP \/ NTB<\/p>\n<ul aria-hidden=\"true\" class=\"_images_1y6fe_106\">\n<li><a class=\"_link_1y6fe_111\" href=\"https:\/\/www.vg.no\/forfatter\/ntb\" style=\"z-index:1\" title=\"NTB\" rel=\"nofollow noopener\" target=\"_blank\"><img alt=\"Bilde av NTB\" class=\"_image_1y6fe_88\" fetchpriority=\"low\" loading=\"lazy\" decoding=\"async\" itemprop=\"image\"  src=\"https:\/\/www.europesays.com\/no\/wp-content\/uploads\/2025\/10\/1759821854_622_c33980b0-5d07-4027-84a1-813f90a7c8d6\"  width=\"480\"\/><\/a><\/li>\n<\/ul>\n<p> Oppdatert tirsdag 7. oktober kl. 05:18     <\/p>\n<p class=\"_paragraph_1994c_4 _paragraph_xtcu6_10 layout-component text-serif-m layout-normal text-serif-m layout-padded\">Maduro sa mandag at regjeringen hans har advart Washington om en \u00abfalskt flagg-operasjon\u00bb planlagt av \u00abekstreme elementer p\u00e5 den venezuelanske h\u00f8yresiden\u00bb for \u00e5 plassere eksplosiver ved den amerikanske ambassaden i <a href=\"https:\/\/www.vg.no\/tag\/caracas?utm_source=vg-article&amp;utm_medium=auto-tagger&amp;utm_campaign=8qrqex\" class=\"_link_1994c_39\" rel=\"nofollow noopener\" target=\"_blank\">Caracas<\/a>.<\/p>\n<p class=\"_paragraph_1994c_4 _paragraph_xtcu6_10 layout-component text-serif-m layout-normal text-serif-m layout-padded\">En falskt flagg-operasjon er en handling som utf\u00f8res slik at det ser ut som om en annen part st\u00e5r bak.<\/p>\n<p class=\"_paragraph_1994c_4 _paragraph_xtcu6_10 layout-component text-serif-m layout-normal text-serif-m layout-padded\">Det hvite hus og det amerikanske utenriksdepartementet har ikke kommentert saken.<\/p>\n<p>P\u00e5litelige kilder<\/p>\n<p class=\"_paragraph_1994c_4 _paragraph_xtcu6_10 layout-component text-serif-m layout-normal text-serif-m layout-padded\">Presidenten for Venezuelas nasjonalforsamling, Jorge Rodr\u00edguez, meldte f\u00f8rst om det angivelige plottet p\u00e5 sin Telegram-konto s\u00f8ndag. Han sa at de p\u00e5st\u00e5tte planene var blitt videreformidlet til USA gjennom tre ulike kanaler.<\/p>\n<p class=\"_paragraph_1994c_4 _paragraph_xtcu6_10 layout-component text-serif-m layout-normal text-serif-m layout-padded\">Han la til at ogs\u00e5 en europeisk ambassade var blitt varslet om planene, men spesifiserte ikke hvilken. Venezuela br\u00f8t de diplomatiske forbindelsene med USA i 2019, og amerikansk diplomatisk personell forlot landet samme \u00e5r.<\/p>\n<p class=\"_paragraph_1994c_4 _paragraph_xtcu6_10 layout-component text-serif-m layout-normal text-serif-m layout-padded\">I et fjernsynsintervju sent mandag sa Maduro at to p\u00e5litelige kilder \u2013 \u00e9n nasjonal og \u00e9n internasjonal \u2013 hadde informert regjeringen om det mulige angrepet, og at sikkerhetsstyrker ble sendt ut for \u00e5 forsterke vaktholdet ved ambassaden.<\/p>\n<p>\u2013 Vet hvem som skal st\u00e5 bak<\/p>\n<p class=\"_paragraph_1994c_4 _paragraph_xtcu6_10 layout-component text-serif-m layout-normal text-serif-m layout-padded\">Maduro la til at myndighetene fors\u00f8ker \u00e5 p\u00e5gripe dem som st\u00e5r bak planen, og at de vet hvem som st\u00e5r bak. Han la til at m\u00e5let med plottet var \u00e5 legge skylden p\u00e5 regjeringen hans \u00abog starte en opptrapping av konflikten\u00bb.<\/p>\n<p class=\"_paragraph_1994c_4 _paragraph_xtcu6_10 layout-component text-serif-m layout-normal text-serif-m layout-padded\">USA har de siste ukene angrepet minst fire fart\u00f8y som angivelig fraktet narkotika utenfor Venezuelas kyst. President Donald Trump har ogs\u00e5 sagt at USA vil vurdere \u00e5 angripe narkokarteller som \u00abkommer via land\u00bb i Venezuela.<\/p>\n<p class=\"_paragraph_1994c_4 _paragraph_xtcu6_10 layout-component text-serif-m layout-normal text-serif-m layout-padded\">Mandag rapporterte New York Times at Trump hadde instruert sin spesialutsending Richard Grenell om \u00e5 stanse alle fors\u00f8kt p\u00e5 kontakt med Venezuela og avslutte fors\u00f8kene p\u00e5 \u00e5 oppn\u00e5 en diplomatisk avtale.<\/p>\n","protected":false},"excerpt":{"rendered":"President Nicol\u00e1s Maduro sier Venezuela har advart USA om et planlagt bombeattentat mot landets ambassade i Caracas. Venezuelas&hellip;\n","protected":false},"author":2,"featured_media":54473,"comment_status":"","ping_status":"","sticky":false,"template":"","format":"standard","meta":{"footnotes":""},"categories":[12],"tags":[20,21,8227,24,25,15,22,23,13,4037,30,28,29,14,16,26,27,50,95,42,43,44,45],"class_list":{"0":"post-54472","1":"post","2":"type-post","3":"status-publish","4":"format-standard","5":"has-post-thumbnail","7":"category-verden","8":"tag-breaking-news","9":"tag-breakingnews","10":"tag-caracas","11":"tag-featured-news","12":"tag-featurednews","13":"tag-headlines","14":"tag-latest-news","15":"tag-latestnews","16":"tag-news","17":"tag-nicolas-maduro","18":"tag-no","19":"tag-norge","20":"tag-norway","21":"tag-nyheter","22":"tag-overskrifter","23":"tag-top-stories","24":"tag-topstories","25":"tag-usa","26":"tag-venezuela","27":"tag-verden","28":"tag-world","29":"tag-world-news","30":"tag-worldnews"},"share_on_mastodon":{"url":"","error":""},"_links":{"self":[{"href":"https:\/\/www.europesays.com\/no\/wp-json\/wp\/v2\/posts\/54472","targetHints":{"allow":["GET"]}}],"collection":[{"href":"https:\/\/www.europesays.com\/no\/wp-json\/wp\/v2\/posts"}],"about":[{"href":"https:\/\/www.europesays.com\/no\/wp-json\/wp\/v2\/types\/post"}],"author":[{"embeddable":true,"href":"https:\/\/www.europesays.com\/no\/wp-json\/wp\/v2\/users\/2"}],"replies":[{"embeddable":true,"href":"https:\/\/www.europesays.com\/no\/wp-json\/wp\/v2\/comments?post=54472"}],"version-history":[{"count":0,"href":"https:\/\/www.europesays.com\/no\/wp-json\/wp\/v2\/posts\/54472\/revisions"}],"wp:featuredmedia":[{"embeddable":true,"href":"https:\/\/www.europesays.com\/no\/wp-json\/wp\/v2\/media\/54473"}],"wp:attachment":[{"href":"https:\/\/www.europesays.com\/no\/wp-json\/wp\/v2\/media?parent=54472"}],"wp:term":[{"taxonomy":"category","embeddable":true,"href":"https:\/\/www.europesays.com\/no\/wp-json\/wp\/v2\/categories?post=54472"},{"taxonomy":"post_tag","embeddable":true,"href":"https:\/\/www.europesays.com\/no\/wp-json\/wp\/v2\/tags?post=54472"}],"curies":[{"name":"wp","href":"https:\/\/api.w.org\/{rel}","templated":true}]}}