{"id":54488,"date":"2025-10-07T07:54:08","date_gmt":"2025-10-07T07:54:08","guid":{"rendered":"https:\/\/www.europesays.com\/no\/54488\/"},"modified":"2025-10-07T07:54:08","modified_gmt":"2025-10-07T07:54:08","slug":"meninger-gaza-etter-7-oktober","status":"publish","type":"post","link":"https:\/\/www.europesays.com\/no\/54488\/","title":{"rendered":"Meninger: Gaza etter 7.oktober"},"content":{"rendered":"\n<p class=\"_paragraph_1994c_4 _paragraph_xtcu6_10 layout-component text-serif-m layout-normal text-serif-m layout-padded\">N\u00e5 h\u00e5per verden at USAs president Donald Trump lykkes med sitt press p\u00e5 partene, slik at det kan bli en v\u00e5penhvile.<\/p>\n<p class=\"_paragraph_1994c_4 _paragraph_xtcu6_10 layout-component text-serif-m layout-normal text-serif-m layout-padded\">Hadde Hamas-lederne satt i gang massakren p\u00e5 israelere 7.oktober 2023, dersom de hadde ant hva som ville komme?<\/p>\n<p class=\"_paragraph_1994c_4 _paragraph_xtcu6_10 layout-component text-serif-m layout-normal text-serif-m layout-padded\">De visste \u00e5penbart at Israel ville svare massivt. Det hadde de erfart flere ganger. Men var de forberedt p\u00e5 at den israelske krigsmaskinen ville legge n\u00e6r hele <a href=\"https:\/\/www.vg.no\/tag\/gaza?utm_source=vg-article&amp;utm_medium=auto-tagger&amp;utm_campaign=vg0EWB\" class=\"_link_1994c_39\" rel=\"nofollow noopener\" target=\"_blank\">Gaza<\/a> i ruiner? Og at titusener av sivile palestinere ville bli drept gjennom en langvarig og usedvanlig brutal krig?<\/p>\n<p class=\"_paragraph_1994c_4 _paragraph_xtcu6_10 layout-component text-serif-m layout-normal text-serif-m layout-padded\">Kanskje visste de det. Som andre politiske bevegelser som aksepterer vold for \u00e5 n\u00e5 sine m\u00e5l, har Hamas aldri brydd seg om sivile liv. Hverken blant motstanderne, eller blant sine egne.<\/p>\n<p>P\u00e5 Netanyahus vakt<\/p>\n<p class=\"_paragraph_1994c_4 _paragraph_xtcu6_10 layout-component text-serif-m layout-normal text-serif-m layout-padded\">Den islamistiske jihadist-bevegelsen islamistiske jihadist-bevegelsenEn gruppe som \u00f8nsker \u00e5 etablere en stat basert p\u00e5 islamske lover og ofte bruker vold for \u00e5 oppn\u00e5 dette m\u00e5let. har som m\u00e5l \u00e5 etablere en islamsk stat. Hamas \u00f8nsker ikke en tostatsl\u00f8sningtostatsl\u00f8sningEn foresl\u00e5tt l\u00f8sning p\u00e5 den israelsk-palestinske konflikten som inneb\u00e6rer opprettelsen av to separate stater, en for israelere og en for palestinere., og aksepterer ikke Israels rett til \u00e5 eksistere.<\/p>\n<p class=\"_paragraph_1994c_4 _paragraph_xtcu6_10 layout-component text-serif-m layout-normal text-serif-m layout-padded\">Israels statsminister Benjamin Netanyahu vil heller ikke ha en tostatsl\u00f8sning. Gjennom alle de \u00e5rene han har v\u00e6rt sentral i israelsk politikk, har han gjort det han kan for \u00e5 motarbeide en slik l\u00f8sning.<\/p>\n<p><img alt=\"Israels statsminister Benjamin Netanyahu har gjennom alle sine \u00e5r ved makten motarbeidet en mulig tostatsl\u00f8sning.  Foto: RONEN ZVULUN \/ POOL \/ EPA\" class=\"_image_qp4xg_65 layout-component layout-normal\" data-fullscreen- data-track-element-type=\"Article image fullscreen\" data-track-name=\"ImageFullscreen\" decoding=\"async\" loading=\"lazy\" height=\"3371\" itemprop=\"image\"  src=\"https:\/\/www.europesays.com\/no\/wp-content\/uploads\/2025\/10\/d5864f97-cedc-424b-a352-19b3743da107\"  style=\"object-position:0% 0%\" width=\"5057\"\/>Israels statsminister Benjamin Netanyahu har gjennom alle sine \u00e5r ved makten motarbeidet en mulig tostatsl\u00f8sning.  Foto: RONEN ZVULUN \/ POOL \/ EPA<\/p>\n<p class=\"_paragraph_1994c_4 _paragraph_xtcu6_10 layout-component text-serif-m layout-normal text-serif-m layout-padded\">Terrorangrepet 7.oktober skjedde p\u00e5 Netanyahus vakt. 1200 mennesker ble massakrert. Barn foran foreldrene sine, foreldre foran barna. Mennesker ble torturert, brent og voldtatt. <a href=\"https:\/\/www.vg.no\/nyheter\/i\/jleMb9\/hamas-sitt-bestialske-angrep\" data-track-element-type=\"Link\" data-track-id=\"link:jleMb9\" class=\"_link_1994c_39\" rel=\"nofollow noopener\" target=\"_blank\">Det var ren ondskap, det som skjedde.<\/a><\/p>\n<p class=\"_paragraph_1994c_4 _paragraph_xtcu6_10 layout-component text-serif-m layout-normal text-serif-m layout-padded\">Israel gikk i svart. Mange vil si at israelere flest fortsatt befinner seg mentalt der de var 8.oktober 2023, dagen etter angrepet. At tiden har st\u00e5tt stille for dem, mens resten av verden har fulgt med p\u00e5 det som skjer i Gaza. Og at israelerne ikke kan komme seg videre f\u00f8r alle gislene er tilbake i hjemlandet. B\u00e5de de d\u00f8de, og de som fortsatt lever.<\/p>\n<p>Hans egne personlige interesser?<\/p>\n<p class=\"_paragraph_1994c_4 _paragraph_xtcu6_10 layout-component text-serif-m layout-normal text-serif-m layout-padded\">N\u00e5 er det en avgrunn mellom israelere og palestinere. Begge er overbevist om at den andre \u00f8nsker \u00e5 utslette dem. I et slikt klima er det vanskelig \u00e5 f\u00f8le b\u00e5de empati og sympati for den andre. Frykt og hat har tatt plassen til h\u00e5p, og til troen p\u00e5 en bedre fremtid der begge parter kan ha frihet og trygghet.<\/p>\n<p class=\"_paragraph_1994c_4 _paragraph_xtcu6_10 layout-component text-serif-m layout-normal text-serif-m layout-padded\">Tragedien utviklet seg til en katastrofe nettopp fordi det var Netanyahu som var statsminister da angrepet skjedde. Enhver israelsk regjering ville svart med umiddelbar krig. Ogs\u00e5 da ville det v\u00e6rt demonstrasjoner mange steder. Likevel ville store deler av verden akseptert en slik forsvarskrig.<\/p>\n<p><img alt=\"Kibbutzen Kfar Azza ble angrepet av Hamas. Bildet herfra er tatt f\u00e5 dager etter Hamas sitt terrorangrep.  Foto: Harald Henden \/ VG\" class=\"_image_qp4xg_65 layout-component layout-normal\" data-fullscreen- data-track-element-type=\"Article image fullscreen\" data-track-name=\"ImageFullscreen\" decoding=\"async\" loading=\"lazy\" height=\"5504\" itemprop=\"image\"  src=\"https:\/\/www.europesays.com\/no\/wp-content\/uploads\/2025\/10\/2c3f4623-2b82-4eeb-8617-13fa47bcc16d\"  style=\"object-position:0% 0%\" width=\"7021\"\/>Kibbutzen Kfar Azza ble angrepet av Hamas. Bildet herfra er tatt f\u00e5 dager etter Hamas sitt terrorangrep.  Foto: Harald Henden \/ VG<\/p>\n<p class=\"_paragraph_1994c_4 _paragraph_xtcu6_10 layout-component text-serif-m layout-normal text-serif-m layout-padded\">Men det oppsto fort en mistanke, b\u00e5de innad i Israel, og ute i verden, om at Netanyahu satte sine egne personlige politiske interesser f\u00f8rst. I stedet for \u00e5 samle folket bak seg, og etablere en bred samlingsregjeringsamlingsregjeringEn regjering som best\u00e5r av medlemmer fra flere politiske partier, ofte dannet i krisetider for \u00e5 samle nasjonen., lot han sine fascistiske regjeringsmedlemmer sette rammene for krigf\u00f8ringen.<\/p>\n<p>Ut til ytterkantene<\/p>\n<p class=\"_paragraph_1994c_4 _paragraph_xtcu6_10 layout-component text-serif-m layout-normal text-serif-m layout-padded\">Det tok ikke lang tid f\u00f8r <a href=\"https:\/\/www.vg.no\/nyheter\/i\/KM75Jy\/boikott-av-israel-ikke-veien-aa-gaa\" data-track-element-type=\"Link\" data-track-id=\"link:KM75Jy\" class=\"_link_1994c_39\" rel=\"nofollow noopener\" target=\"_blank\">b\u00e5de milit\u00e6rledere og tidligere statsministre<\/a> uttrykte bekymring for hvordan krigen i Gaza utviklet seg. Mange sa for lenge siden at store deler av Hamas n\u00e5 var uskadeliggjort. At det for \u00f8yeblikket ikke var mulig \u00e5 komme lenger i \u00e5 utrydde bevegelsen, og at det viktigste n\u00e5 var \u00e5 f\u00e5 gislene hjem.<\/p>\n<p class=\"_paragraph_1994c_4 _paragraph_xtcu6_10 layout-component text-serif-m layout-normal text-serif-m layout-padded\">De s\u00e5 ogs\u00e5 hvordan b\u00e5de krigf\u00f8ringen, og Netanyahu og hans ytterligg\u00e5ende statsr\u00e5der f\u00f8rte Israel stadig lenger ut til ytterkantene av det internasjonale samfunnet. Noen har brukt uttrykk som pariaparia Et begrep som brukes for \u00e5 beskrive en person eller gruppe som er utst\u00f8tt eller isolert fra samfunnet. &#8211; utskudd &#8211; om Israels posisjon i verden akkurat n\u00e5.<\/p>\n<p>Enda st\u00f8rre avstand<\/p>\n<p class=\"_paragraph_1994c_4 _paragraph_xtcu6_10 layout-component text-serif-m layout-normal text-serif-m layout-padded\">Samtidig er det israelske samfunnet dypt splittet. I stedet for \u00e5 st\u00e5 samlet mot en ytre fiende, er det grunn til \u00e5 sp\u00f8rre om <a href=\"https:\/\/www.vg.no\/nyheter\/i\/Rz5n9r\/kan-israel-rakne\" data-track-element-type=\"Link\" data-track-id=\"link:Rz5n9r\" class=\"_link_1994c_39\" rel=\"nofollow noopener\" target=\"_blank\">Israel er i ferd med \u00e5 rakne<\/a>. Det vil v\u00e6re en tragedie, b\u00e5de for Israel, og for resten av Midt\u00f8sten.<\/p>\n<p><img alt=\"I helgen var det massive demonstrasjoner i Tel Aviv, med krav om \u00e5 ende krigen, og f\u00e5 gislene hjem.    Foto: Ammar Awad \/ Reuters \/ NTB\" class=\"_image_qp4xg_65 layout-component layout-normal\" data-fullscreen- data-track-element-type=\"Article image fullscreen\" data-track-name=\"ImageFullscreen\" decoding=\"async\" loading=\"lazy\" height=\"3933\" itemprop=\"image\"  src=\"https:\/\/www.europesays.com\/no\/wp-content\/uploads\/2025\/10\/7d39fec7-067f-4948-ac84-afab7c89bde2\"  style=\"object-position:0% 0%\" width=\"5900\"\/>I helgen var det massive demonstrasjoner i Tel Aviv, med krav om \u00e5 ende krigen, og f\u00e5 gislene hjem.    Foto: Ammar Awad \/ Reuters \/ NTB<\/p>\n<p class=\"_paragraph_1994c_4 _paragraph_xtcu6_10 layout-component text-serif-m layout-normal text-serif-m layout-padded\">Den m\u00f8rke dagen for to \u00e5r siden f\u00f8rte til enda mer m\u00f8rke. Enda st\u00f8rre avstand. Enda lenger unna en l\u00f8sning der israelere og palestinere kan leve side om side, uten frykt.<\/p>\n<p class=\"_paragraph_1994c_4 _paragraph_xtcu6_10 layout-component text-serif-m layout-normal text-serif-m layout-padded\">Med dagens lederskap er det h\u00e5pl\u00f8st. Hverken palestinerne eller israelerne har ledere med evne og vilje til \u00e5 starte p\u00e5 den lange og tunge veien fremover til noe annet. Noe bedre.<\/p>\n<p class=\"_paragraph_1994c_4 _paragraph_xtcu6_10 layout-component text-serif-m layout-normal text-serif-m layout-padded\">De som p\u00e5 et tidspunkt p\u00e5tar seg den jobben, vil trenge hjelp. Mest av alt fra d\u00e5rlige naboer. Med press fra USA. For dersom det finnes noe svar p\u00e5 denne n\u00e6r ul\u00f8selige konflikten, s\u00e5 ligger det i Midt\u00f8sten. Ikke i Europa, ikke i Norge.<\/p>\n<p>Normaliserte forholdet<\/p>\n<p class=\"_paragraph_1994c_4 _paragraph_xtcu6_10 layout-component text-serif-m layout-normal text-serif-m layout-padded\">De arabiske landene har aldri brydd seg s\u00e6rlig om palestinerne.<a href=\"https:\/\/www.vg.no\/nyheter\/i\/xgGjz8\/palestinerne-er-sviktet-av-alle\" data-track-element-type=\"Link\" data-track-id=\"link:xgGjz8\" class=\"_link_1994c_39\" rel=\"nofollow noopener\" target=\"_blank\"> De har i virkeligheten v\u00e6rt sviktet av alle.<\/a> Men gjennom de siste \u00e5rene har flere av disse landene sett seg tjent med \u00e5 f\u00e5 et bedre forhold til Israel. Lederne her har sett hvordan israelerne har f\u00e5tt til innovasjon og \u00f8konomisk vekst, og \u00f8nsket \u00e5 ta del i dette.<\/p>\n<p><img alt=\"Store deler av Gazas befolkning har m\u00e5ttet flykte gang p\u00e5 gang gjennom den to \u00e5r lange krigen.  Barnepsykolog Katrin Glatz Brubak i Leger Uten Grenser har tatt bildene under feltoppdrag p\u00e5 Gazastripen.  Foto: Privat \/ Privat\" class=\"_image_qp4xg_65 layout-component layout-normal\" data-fullscreen- data-track-element-type=\"Article image fullscreen\" data-track-name=\"ImageFullscreen\" decoding=\"async\" loading=\"lazy\" height=\"2252\" itemprop=\"image\"  src=\"https:\/\/www.europesays.com\/no\/wp-content\/uploads\/2025\/10\/ecb6d670-1fad-4034-b604-d81f43e6673a\"  style=\"object-position:0% 0%\" width=\"4000\"\/>Store deler av Gazas befolkning har m\u00e5ttet flykte gang p\u00e5 gang gjennom den to \u00e5r lange krigen.  Barnepsykolog Katrin Glatz Brubak i Leger Uten Grenser har tatt bildene under feltoppdrag p\u00e5 Gazastripen.  Foto: Privat \/ Privat<\/p>\n<p class=\"_paragraph_1994c_4 _paragraph_xtcu6_10 layout-component text-serif-m layout-normal text-serif-m layout-padded\">I 2020 normalisertenormaliserteProsessen der to land etablerer formelle diplomatiske relasjoner etter en periode med konflikt eller fiendtlighet. noen av de arabiske landene sitt forhold til Israel. Det skjedde etter at en samlet arabisk verden helt siden opprettelsen av Israel i 1948, hadde benektet den israelske statens rett til \u00e5 eksistere.<\/p>\n<p class=\"_paragraph_1994c_4 _paragraph_xtcu6_10 layout-component text-serif-m layout-normal text-serif-m layout-padded\">Det var grunn til \u00e5 tro at stormakten Saudi-Arabia var i ferd med \u00e5 g\u00e5 inn i de samme avtalene h\u00f8sten 2023, og at dette var \u00e5rsaken til at Hamas satte i gang sitt terrorangrep 7.oktober.<\/p>\n<p>H\u00e5pet i grus?<\/p>\n<p class=\"_paragraph_1994c_4 _paragraph_xtcu6_10 layout-component text-serif-m layout-normal text-serif-m layout-padded\">Dersom denne prosessen kommer i gang igjen, og den arabiske verden stiller krav til Israel p\u00e5 palestinernes vegne, s\u00e5 er dette kanskje den minst umulige av alle umulige veier fremover.<\/p>\n<p class=\"_paragraph_1994c_4 _paragraph_xtcu6_10 layout-component text-serif-m layout-normal text-serif-m layout-padded\">Men bakteppet er usedvanlig dystert. Sp\u00f8rsm\u00e5let er om de dype s\u00e5rene kan leges. Eller om det som skjedde 7.oktober, og alle dagene etterp\u00e5, har lagt h\u00e5pet i grus. I overskuelig fremtid.<\/p>\n<p>    Dette er en kommentar. Kommentaren gir uttrykk for skribentens holdning. <\/p>\n","protected":false},"excerpt":{"rendered":"N\u00e5 h\u00e5per verden at USAs president Donald Trump lykkes med sitt press p\u00e5 partene, slik at det kan&hellip;\n","protected":false},"author":2,"featured_media":54489,"comment_status":"","ping_status":"","sticky":false,"template":"","format":"standard","meta":{"footnotes":""},"categories":[5],"tags":[54,20,21,24,25,53,566,15,19,22,23,17,18,13,30,28,29,14,16,26,27,103],"class_list":{"0":"post-54488","1":"post","2":"type-post","3":"status-publish","4":"format-standard","5":"has-post-thumbnail","7":"category-overskrifter","8":"tag-benjamin-netanyahu","9":"tag-breaking-news","10":"tag-breakingnews","11":"tag-featured-news","12":"tag-featurednews","13":"tag-gaza","14":"tag-hamas","15":"tag-headlines","16":"tag-hovedoppslag","17":"tag-latest-news","18":"tag-latestnews","19":"tag-main-news","20":"tag-mainnews","21":"tag-news","22":"tag-no","23":"tag-norge","24":"tag-norway","25":"tag-nyheter","26":"tag-overskrifter","27":"tag-top-stories","28":"tag-topstories","29":"tag-vgmeninger"},"share_on_mastodon":{"url":"","error":""},"_links":{"self":[{"href":"https:\/\/www.europesays.com\/no\/wp-json\/wp\/v2\/posts\/54488","targetHints":{"allow":["GET"]}}],"collection":[{"href":"https:\/\/www.europesays.com\/no\/wp-json\/wp\/v2\/posts"}],"about":[{"href":"https:\/\/www.europesays.com\/no\/wp-json\/wp\/v2\/types\/post"}],"author":[{"embeddable":true,"href":"https:\/\/www.europesays.com\/no\/wp-json\/wp\/v2\/users\/2"}],"replies":[{"embeddable":true,"href":"https:\/\/www.europesays.com\/no\/wp-json\/wp\/v2\/comments?post=54488"}],"version-history":[{"count":0,"href":"https:\/\/www.europesays.com\/no\/wp-json\/wp\/v2\/posts\/54488\/revisions"}],"wp:featuredmedia":[{"embeddable":true,"href":"https:\/\/www.europesays.com\/no\/wp-json\/wp\/v2\/media\/54489"}],"wp:attachment":[{"href":"https:\/\/www.europesays.com\/no\/wp-json\/wp\/v2\/media?parent=54488"}],"wp:term":[{"taxonomy":"category","embeddable":true,"href":"https:\/\/www.europesays.com\/no\/wp-json\/wp\/v2\/categories?post=54488"},{"taxonomy":"post_tag","embeddable":true,"href":"https:\/\/www.europesays.com\/no\/wp-json\/wp\/v2\/tags?post=54488"}],"curies":[{"name":"wp","href":"https:\/\/api.w.org\/{rel}","templated":true}]}}