{"id":54493,"date":"2025-10-07T08:01:23","date_gmt":"2025-10-07T08:01:23","guid":{"rendered":"https:\/\/www.europesays.com\/no\/54493\/"},"modified":"2025-10-07T08:01:23","modified_gmt":"2025-10-07T08:01:23","slug":"die-welt-trumps-vei-til-fredsprisen","status":"publish","type":"post","link":"https:\/\/www.europesays.com\/no\/54493\/","title":{"rendered":"Die Welt: Trumps vei til fredsprisen"},"content":{"rendered":"<p><strong>Den tyske avisen <a href=\"https:\/\/www.welt.de\/debatte\/article68e2688cc9fcb483178b850a\/nahost-wenn-der-gaza-plan-von-trump-umgesetzt-wird-verdient-er-den-friedensnobelpreis.html\" rel=\"nofollow noopener\" target=\"_blank\">Die Welt<\/a> skriver p\u00e5 lederplass s\u00f8ndag at president Donald Trump fortjener Nobels fredspris dersom hans plan for Gazastripen blir gjennomf\u00f8rt.<\/strong><\/p>\n<p>Avisen peker p\u00e5 at Trump ofte blir m\u00f8tt med forakt i europeisk presse, og at hans resultater dermed overses. <\/p>\n<p>\u00abEn av dem er fredsplanen for Gazastripen. Skulle den faktisk bli realisert, ville Trump fortjene Nobels fredspris\u00bb, skriver Die Welt.<\/p>\n<p>Lederartikkelen understreker at Trumps plan inneb\u00e6rer at Gazastripen verken vil bli kontrollert av Israel, Palestinas selvstyremyndigheter eller Hamas \u2013 og at dette kan skje uten \u00e5 sette Israels sikkerhet i fare.<\/p>\n<p>Samtidig retter avisen skarp kritikk mot Trump som politisk leder. Die Welt beskriver ham som en mann som ser p\u00e5 seg selv som m\u00e5lestokken for alt, og som skaper fiender gjennom \u00aben skapende fantasiverden av hat\u00bb. Avisen advarer om at Trump kan fors\u00f8ke \u00e5 forme USA til en ny og hittil ukjent form for autorit\u00e6rt styre.<\/p>\n<p>Likevel konkluderer avisen med at dersom Gaza-planen lykkes, vil det v\u00e6re en av Trumps st\u00f8rste prestasjoner \u2013 og et arbeid som kan gj\u00f8re ham fortjent til Nobels fredspris.<\/p>\n<p><img loading=\"lazy\" decoding=\"async\" src=\"data:image\/svg+xml,%3Csvg%20xmlns=\" http:=\"\" width=\"16\" height=\"16\" alt=\"Loading ...\" title=\"Loading ...\" class=\"wp-polls-image\" data-lazy-src=\"https:\/\/www.europesays.com\/no\/wp-content\/uploads\/2025\/08\/loading.gif\"\/>\u00a0Loading &#8230;<\/p>\n","protected":false},"excerpt":{"rendered":"Den tyske avisen Die Welt skriver p\u00e5 lederplass s\u00f8ndag at president Donald Trump fortjener Nobels fredspris dersom hans&hellip;\n","protected":false},"author":2,"featured_media":54494,"comment_status":"","ping_status":"","sticky":false,"template":"","format":"standard","meta":{"footnotes":""},"categories":[5],"tags":[20,21,24,25,53,15,19,22,23,17,18,13,30,1125,28,29,14,16,26,27,766],"class_list":{"0":"post-54493","1":"post","2":"type-post","3":"status-publish","4":"format-standard","5":"has-post-thumbnail","7":"category-overskrifter","8":"tag-breaking-news","9":"tag-breakingnews","10":"tag-featured-news","11":"tag-featurednews","12":"tag-gaza","13":"tag-headlines","14":"tag-hovedoppslag","15":"tag-latest-news","16":"tag-latestnews","17":"tag-main-news","18":"tag-mainnews","19":"tag-news","20":"tag-no","21":"tag-nobels-fredspris","22":"tag-norge","23":"tag-norway","24":"tag-nyheter","25":"tag-overskrifter","26":"tag-top-stories","27":"tag-topstories","28":"tag-trump"},"share_on_mastodon":{"url":"","error":""},"_links":{"self":[{"href":"https:\/\/www.europesays.com\/no\/wp-json\/wp\/v2\/posts\/54493","targetHints":{"allow":["GET"]}}],"collection":[{"href":"https:\/\/www.europesays.com\/no\/wp-json\/wp\/v2\/posts"}],"about":[{"href":"https:\/\/www.europesays.com\/no\/wp-json\/wp\/v2\/types\/post"}],"author":[{"embeddable":true,"href":"https:\/\/www.europesays.com\/no\/wp-json\/wp\/v2\/users\/2"}],"replies":[{"embeddable":true,"href":"https:\/\/www.europesays.com\/no\/wp-json\/wp\/v2\/comments?post=54493"}],"version-history":[{"count":0,"href":"https:\/\/www.europesays.com\/no\/wp-json\/wp\/v2\/posts\/54493\/revisions"}],"wp:featuredmedia":[{"embeddable":true,"href":"https:\/\/www.europesays.com\/no\/wp-json\/wp\/v2\/media\/54494"}],"wp:attachment":[{"href":"https:\/\/www.europesays.com\/no\/wp-json\/wp\/v2\/media?parent=54493"}],"wp:term":[{"taxonomy":"category","embeddable":true,"href":"https:\/\/www.europesays.com\/no\/wp-json\/wp\/v2\/categories?post=54493"},{"taxonomy":"post_tag","embeddable":true,"href":"https:\/\/www.europesays.com\/no\/wp-json\/wp\/v2\/tags?post=54493"}],"curies":[{"name":"wp","href":"https:\/\/api.w.org\/{rel}","templated":true}]}}