{"id":54613,"date":"2025-10-07T10:34:15","date_gmt":"2025-10-07T10:34:15","guid":{"rendered":"https:\/\/www.europesays.com\/no\/54613\/"},"modified":"2025-10-07T10:34:15","modified_gmt":"2025-10-07T10:34:15","slug":"nok-90-tall-i-voksen-trondheim-adressa-no","status":"publish","type":"post","link":"https:\/\/www.europesays.com\/no\/54613\/","title":{"rendered":"Nok 90-tall i Voksen-Trondheim &#8211; adressa.no"},"content":{"rendered":"\n<p>Thorstein Wang  Osloborger med hjerte for Trondheim<\/p>\n<p>Publisert:<br \/>\n  7. oktober 2025 kl. 07:32<br \/>\n  Oppdatert:<br \/>\n  7. oktober 2025 kl. 07:32\n <\/p>\n<p>Dette er et debattinnlegg. Det gir uttrykk for debattantens egen holdning.<\/p>\n<p><strong>I fem \u00e5r <\/strong>var jeg student i Trondheim. Det var fantastisk. For noen omgivelser \u00e5 v\u00e6re student i! Nidarosdomen, Samfundet, Bakklandet, Hovedbygget p\u00e5 NTNU, Studenterhytta og Bymarka. Det var vakkert, og jeg ble betatt f\u00f8rste sekund.<\/p>\n<p>Og for et milj\u00f8 \u00e5 v\u00e6re i! Studentenes Trondheim er en ja-by. Samme hvor ambisi\u00f8s en id\u00e9 man m\u00e5tte ha: Det er mulig. Alle <a href=\"https:\/\/ing.dk\/holdning\/alle-tiders-mest-blaerede-konference-er-arrangeret-af-studerende\" rel=\"noopener nofollow\" target=\"_blank\">tiders mest imponerende konferanse<\/a>? Ingen sak. Norges <a href=\"https:\/\/www.underdusken.no\/chaerrity-festival-spraekk\/uka-25-prydar-seg-med-nytt-namn\/335825#:~:text=Etter%20over%20eit%20%C3%A5r%20med%20arbeid%20er%20rundt,show%20og%20mykje%20meir.%20UKA-25%20varar%20fr%C3%A5%202.-26.oktober.\" rel=\"noopener nofollow\" target=\"_blank\">st\u00f8rste kulturfestival<\/a>? Null problem, studentene fikser det. Skyte opp <a href=\"https:\/\/nyheter.ntnu.no\/klar-for-forste-rakettoppskyting-fra-norsk-jord\/\" rel=\"noopener nofollow\" target=\"_blank\">raketter i verdensrommet<\/a>? Bare \u00e5 beholde Pippi-innstillingen: Det har jeg ikke pr\u00f8vd f\u00f8r, s\u00e5 da f\u00e5r jeg det nok til.<\/p>\n<p><img decoding=\"async\" src=\"data:image\/gif;base64,R0lGODlhEAAJAIAAAP\/\/\/wAAACH5BAEAAAAALAAAAAAQAAkAAAIKhI+py+0Po5yUFQA7\" alt=\"\"\/><br \/>\n  Thorstein Wang.<br \/>\n  <strong>Foto:<\/strong> Privat<\/p>\n<p><strong>Tilv\u00e6relsen min <\/strong>som student ble etterfulgt av en som doktorgradsstipendiat. F\u00f8rst syntes Trondheim \u00e5 v\u00e6re den samme som jeg kjente som student. S\u00e5 kom COVID og et par \u00e5r med periodevise nedstenginger. Byen som \u00e5pnet seg igjen, var en annen by enn den jeg kjente fra f\u00f8r. I l\u00f8pet av noen \u00e5r hadde studentnettverket mitt flyttet vekk, de fleste til Oslo. Uten \u00e5 bevege meg en meter, hadde jeg flyttet til en annen by: Voksen-Trondheim.<\/p>\n<p>Voksen-Trondheim er en ganske annen by enn Student-Trondheim. Det er nemlig ikke en ja-by, men en ja-hvis-det-var-s\u00e5nn-p\u00e5-90-tallet-by: RBK ut i Europa? Det kan skje. Som i de gode, gamle dagene p\u00e5 90-tallet. Et ski-VM som setter Trondheim p\u00e5 verdenskartet? Det skal i alle fall ikke st\u00e5 p\u00e5 offentlige garantier. Kanskje blir det like bra som i 97! Og trafikkproblemene? De skal l\u00f8ses med 90-tallets \u00abgeniale\u00bb byutviklingsid\u00e9: Om vi bare <a href=\"https:\/\/www.adressa.no\/nyheter\/trondheim\/i\/0VPv6B\/maa-rive-hus-for-aa-bygge-ny-tunnel-i-trondheim\" rel=\"noopener nofollow\" target=\"_blank\">flytter bilene under bakken<\/a>, slik at vi ikke ser trafikken, er problemet l\u00f8st! I Voksen-Trondheim er dr\u00f8mmen \u00e5 sitte i samme k\u00f8a som p\u00e5 90-tallet, bare i tunnel.<\/p>\n<p><img decoding=\"async\" src=\"data:image\/gif;base64,R0lGODlhEAAJAIAAAP\/\/\/wAAACH5BAEAAAAALAAAAAAQAAkAAAIKhI+py+0Po5yUFQA7\" alt=\"\"\/><br \/>\n  Seremoni p\u00e5 torget under ski VM i Gran\u00e5sen.<br \/>\n  <strong>Foto:<\/strong> Kim Nyg\u00e5rd<\/p>\n<p><strong>L\u00f8sninger p\u00e5 trafikkproblemer<\/strong> som andre byer har lykkes med i innev\u00e6rende \u00e5rtusen, er Voksen-Trondheim derimot skeptisk til. Pisk eller gulrot er irrelevant: Er det en id\u00e9 av 2020-tallet, er Voksen-Trondheim imot. Bybane? Altfor dyrt (De m\u00e5 jo v\u00e6re veldig rike i Bergen?).<\/p>\n<p>\u00d8kte bompenger for \u00e5 bedre kollektivtilbudet? \u00c5 nei du, vi har kj\u00f8rt fra Byneset til Midtbyen for prisen av en kvart bussbillett i alle de \u00e5r, og det skal vi fortsette med. Og skulle noen foresl\u00e5 \u00e5 gj\u00f8re <a href=\"https:\/\/www.adressa.no\/debatt\/i\/zAvoJK\/naa-maa-de-piske-bilistene-spoersmaalet-er-hvor-hardt\" rel=\"noopener nofollow\" target=\"_blank\">gjennomkj\u00f8ring av Midtbyen<\/a> forbudt, da tar det for alvor fyr. Selv om alle er enige i at gjennomfartstrafikken m\u00e5 ned. Man burde jo kj\u00f8re en av de mange omkj\u00f8ringsveiene kommunen fikk bygget p\u00e5 \u2026 helt sikkert p\u00e5 90-tallet.<\/p>\n<p>Kritikken er selvsagt ogs\u00e5 hentet fra 90-tallet. Da hadde man ikke digitale kartjenester som kunne fortelle en at man faktisk kan komme seg <a href=\"https:\/\/www.adressa.no\/debatt\/i\/9351PE\/mdg-stenger-folk-ute-fra-midtbyen\" rel=\"noopener nofollow\" target=\"_blank\">fra Trondheim Torg til Solsiden<\/a> uten bil \u2013 <a href=\"https:\/\/www.google.no\/maps\/dir\/Trondheim+Torg,+Kongens+gate+9,+7013+Trondheim\/Solsiden+kj%C3%B8pesenter,+Beddingen+10,+7042+Trondheim\/@63.432582,10.3940394,1635m\/data=!3m2!1e3!5s0x466d319a57a6e85f:0xa4e6f5c73aef6e5e!4m13!4m12!1m5!1m1!1s0x466d319ae581504b:0xc035eda4f617f1f8!2m2!1d10.3939341!2d63.4301525!1m5!1m1!1s0x466d319f9d5950c9:0x84fdc0cafdac1f84!2m2!1d10.4117302!2d63.4348203?entry=ttu&amp;g_ep=EgoyMDI1MTAwMS4wIKXMDSoASAFQAw%3D%3D\" rel=\"noopener nofollow\" target=\"_blank\">like raskt<\/a>!<\/p>\n<p>P\u00e5 90-tallet var <a href=\"https:\/\/www.nidaros.no\/vil-bygge-trondheims-egen-berlinmur\/o\/5-113-772280\" rel=\"noopener nofollow\" target=\"_blank\">motstand mot murer<\/a> siste mote. Da nytter det ikke i dagens voksen-Trondheim \u00e5 komme trekkene med empiri. At forslaget om sektorisert kj\u00f8rem\u00f8nster i Midtbyen tross alt ligner mer p\u00e5 popul\u00e6re tiltak i <a href=\"https:\/\/aktuelt.oslo.kommune.no\/videreforing-av-bylivsgatene\" rel=\"noopener nofollow\" target=\"_blank\">Oslo<\/a>, <a href=\"https:\/\/stad.gent\/en\/mobility-ghent\/circulation-plan\" rel=\"noopener nofollow\" target=\"_blank\">Gent<\/a>, eller <a href=\"https:\/\/pure.rug.nl\/ws\/portalfiles\/portal\/14433101\/317.pdf\" rel=\"noopener nofollow\" target=\"_blank\">Groningen<\/a> enn p\u00e5 ekte murer i Berlin, Belfast eller Vestbredden, er irrelevant. For i voksen-Trondheim f\u00f8ler man at man trenger <a href=\"https:\/\/www.trondheim.kommune.no\/globalassets\/10-bilder-og-filer\/10-byutvikling\/byplankontoret\/temaplaner\/gatebruksplan\/gatebruksplan-for-midtbyen---vedtatt-plan.pdf\" rel=\"noopener nofollow\" target=\"_blank\">29 \u00e5r p\u00e5 \u00e5 sette opp noen pullerter og nye skilt<\/a>. Mens \u00e5 <a href=\"https:\/\/www.adressa.no\/nyheter\/trondheim\/i\/5BakvE\/ny-parkeringskjeller-i-midtbyen-kan-gi-plass-til-over-200-biler\" rel=\"noopener nofollow\" target=\"_blank\">grave opp halve Midtbyen for \u00e5 lage parkeringskjeller<\/a>, se d\u00e9t har man klokkertro p\u00e5. Den ideen oppsto jo p\u00e5 90-tallet.<\/p>\n<p><img decoding=\"async\" src=\"data:image\/gif;base64,R0lGODlhEAAJAIAAAP\/\/\/wAAACH5BAEAAAAALAAAAAAQAAkAAAIKhI+py+0Po5yUFQA7\" alt=\"\"\/><br \/>\n  14. november 1989: To \u00f8sttyske grensevakter patruljerer p\u00e5 toppen av Berlinmuren med Brandenburger Tor i bakgrunnen.<br \/>\n  <strong>Foto:<\/strong> Jockel Finck \/ AP \/ Adresseavisen<\/p>\n<p><strong>I fjor forlot<\/strong> jeg voksen-Trondheim til fordel for barndomsbyen Oslo. Ogs\u00e5 denne byen hadde endret seg med tiden og livets faser. Jeg flyttet fra en hovedstad der dr\u00f8mmen var \u00e5 ha r\u00e5d til enebolig ved marka, og, dersom man var skikkelig heldig, \u00e5 finne parkeringsplass i sentrum de gangene man var n\u00f8dt til \u00e5 driste seg inn dit.<\/p>\n<p>Det Oslo jeg har vendt tilbake til, er annerledes: N\u00e5 har 90-tallets tro p\u00e5 \u00e5 l\u00f8se k\u00f8problemer med tunnel (nesten) blitt pass\u00e9. Ved \u00e5 fokusere p\u00e5 \u00e5 behandle sykdom heller enn symptomer, og g\u00e5 inn for \u00e5 <a href=\"https:\/\/www.arkitektur.no\/meninger\/debatt\/om-et-tiaar-kan-privatbiler-vaere-en-liten-og-truet-minoritet-i-hovedstaden-skriver-ulrik-eriksen\/\" rel=\"noopener nofollow\" target=\"_blank\">redusere biltrafikken<\/a> heller enn \u00e5 skjule den, har Oslo lykkes med \u00e5 skape en bykjerne man har lyst til \u00e5 bo i.<\/p>\n<p>Ja vel. S\u00e5 her sitter enda en av hovedstadens arrogante innbyggere og forteller om hvor mye bedre det er \u00e5 bo i Oslo enn i Trondheim. Oss er det nok av i rikspressen, trenger vi spalteplass i tr\u00f8nder-pressa ogs\u00e5? Er jeg verdt \u00e5 lytte til?<\/p>\n<p><img decoding=\"async\" src=\"data:image\/gif;base64,R0lGODlhEAAJAIAAAP\/\/\/wAAACH5BAEAAAAALAAAAAAQAAkAAAIKhI+py+0Po5yUFQA7\" alt=\"\"\/><br \/>\n  Lyskryss i Elgeseter gate.<br \/>\n  <strong>Foto:<\/strong> Terje Svaan<\/p>\n<p><strong>Tja. <\/strong>Man kan selvsagt mene at Trondheim ikke blir bedre enn det var p\u00e5 90-tallet. De av oss som ikke er forn\u00f8yd med \u00e5 bo i en tidskapsel kan jo bare flytte til Oslo. Slik de fleste av mine tidligere medstudenter har gjort, sammen med sv\u00e6rt mange andre <a href=\"https:\/\/www.vg.no\/valg\/norge\/2025\/resultater\/st\/valgdistrikt\/sor-trondelag\/kommuner\/trondheim\/kretser\/ntnu-gloshaugen-elektrobygget-fhs\" rel=\"noopener nofollow\" target=\"_blank\">progressive<\/a>, ferdigstuderte NTNUere. Men Trondheim har n\u00e5 en gang bestemt seg for at de <a href=\"https:\/\/www.trondheim.kommune.no\/contentassets\/ac2623db76654dc882a9fbe6eedf2bd2\/studentstrategi-2025-2030-vedtatt-19.06.25-1.pdf#:~:text=Form%C3%A5let%20med%20strategien%20er%20%C3%A5%20identifisere%20og%20velge,samarbeide%20med%20andre%20for%20%C3%A5%20lykkes%20med%20dette.\" rel=\"noopener nofollow\" target=\"_blank\">\u00f8nsker \u00e5 holde p\u00e5 flere av oss<\/a>, i sin nye studentstrategi. Det blir opp til Trondheims politikere om strategien ender opp med \u00e5 dele skjebne med nullvekstm\u00e5let: Havner i skuffen for politiske m\u00e5l det ikke er politisk vilje til \u00e5 jobbe for \u00e5 oppn\u00e5. Det hadde p\u00e5 et tragikomisk vis passet bra. Det er studentene som betaler den h\u00f8yeste prisen for trafikken i Trondheim, i sine hybler i svevest\u00f8vet langs loslitte Elgeseter Gate.<\/p>\n<p>Om noen \u00e5r skal bostedsstrategien i parforholdet med min tr\u00f8nderske samboer reforhandles. Jeg vil ikke forskuttere resultatet av forhandlingene, men noe kan jeg lekke allerede n\u00e5: Voksen-Trondheim kommer til \u00e5 stille vesentlig sterkere i forhandlingene dersom det blir en by som l\u00e6rer av Student-Trondheim: Et Trondheim som tror p\u00e5 at det er mulig \u00e5 skape noe nytt og bedre.<\/p>\n<p>Jeg vil ikke bo i en by som spiller 90-tallsplater p\u00e5 repeat. Jeg vil bo i en by som lager ny musikk. Det er jeg neppe alene om.<\/p>\n<p><strong>Er du NTNU-student? Da <\/strong>f\u00e5r du gratis abonnement p\u00e5 Adresseavisen. <a href=\"https:\/\/kundeservice.adressa.no\/qa\/jeg-er-student-far-jeg-studentrabatt-pa-adresseavisen\/\" rel=\"noopener nofollow\" target=\"_blank\"><strong>Les mer her.<\/strong><\/a><\/p>\n","protected":false},"excerpt":{"rendered":"Thorstein Wang Osloborger med hjerte for Trondheim Publisert: 7. oktober 2025 kl. 07:32 Oppdatert: 7. oktober 2025 kl.&hellip;\n","protected":false},"author":2,"featured_media":54614,"comment_status":"","ping_status":"","sticky":false,"template":"","format":"standard","meta":{"footnotes":""},"categories":[10],"tags":[2637,1173,222,20,21,8234,8233,37,24,25,15,22,23,13,8236,30,28,29,1567,8237,14,636,16,223,8235,285,356,1330,26,27,224,596,1950],"class_list":{"0":"post-54613","1":"post","2":"type-post","3":"status-publish","4":"format-standard","5":"has-post-thumbnail","7":"category-norge","8":"tag-90-tallet","9":"tag-bakklandet","10":"tag-bil","11":"tag-breaking-news","12":"tag-breakingnews","13":"tag-bymarka","14":"tag-byneset","15":"tag-debatt","16":"tag-featured-news","17":"tag-featurednews","18":"tag-headlines","19":"tag-latest-news","20":"tag-latestnews","21":"tag-news","22":"tag-nidarosdomen","23":"tag-no","24":"tag-norge","25":"tag-norway","26":"tag-ntnu","27":"tag-nullvekstmalet","28":"tag-nyheter","29":"tag-oslo","30":"tag-overskrifter","31":"tag-samferdsel","32":"tag-samfundet","33":"tag-sentrum","34":"tag-ski-vm","35":"tag-student","36":"tag-top-stories","37":"tag-topstories","38":"tag-trafikk","39":"tag-trondheim","40":"tag-tunnel"},"share_on_mastodon":{"url":"","error":""},"_links":{"self":[{"href":"https:\/\/www.europesays.com\/no\/wp-json\/wp\/v2\/posts\/54613","targetHints":{"allow":["GET"]}}],"collection":[{"href":"https:\/\/www.europesays.com\/no\/wp-json\/wp\/v2\/posts"}],"about":[{"href":"https:\/\/www.europesays.com\/no\/wp-json\/wp\/v2\/types\/post"}],"author":[{"embeddable":true,"href":"https:\/\/www.europesays.com\/no\/wp-json\/wp\/v2\/users\/2"}],"replies":[{"embeddable":true,"href":"https:\/\/www.europesays.com\/no\/wp-json\/wp\/v2\/comments?post=54613"}],"version-history":[{"count":0,"href":"https:\/\/www.europesays.com\/no\/wp-json\/wp\/v2\/posts\/54613\/revisions"}],"wp:featuredmedia":[{"embeddable":true,"href":"https:\/\/www.europesays.com\/no\/wp-json\/wp\/v2\/media\/54614"}],"wp:attachment":[{"href":"https:\/\/www.europesays.com\/no\/wp-json\/wp\/v2\/media?parent=54613"}],"wp:term":[{"taxonomy":"category","embeddable":true,"href":"https:\/\/www.europesays.com\/no\/wp-json\/wp\/v2\/categories?post=54613"},{"taxonomy":"post_tag","embeddable":true,"href":"https:\/\/www.europesays.com\/no\/wp-json\/wp\/v2\/tags?post=54613"}],"curies":[{"name":"wp","href":"https:\/\/api.w.org\/{rel}","templated":true}]}}