{"id":54627,"date":"2025-10-07T10:48:10","date_gmt":"2025-10-07T10:48:10","guid":{"rendered":"https:\/\/www.europesays.com\/no\/54627\/"},"modified":"2025-10-07T10:48:10","modified_gmt":"2025-10-07T10:48:10","slug":"tenketank-konkluderer-med-at-russland-har-begynt-informasjons-og-pavirkningsarbeidet-for-en-eventuell-konflikt-med-nato","status":"publish","type":"post","link":"https:\/\/www.europesays.com\/no\/54627\/","title":{"rendered":"Tenketank konkluderer med at Russland har begynt informasjons- og p\u00e5virkningsarbeidet for en eventuell konflikt med Nato."},"content":{"rendered":"<p>  Tenketank konkluderer med at Russland har begynt informasjons- og p\u00e5virkningsarbeidet for en eventuell konflikt med Nato.\u00a0<\/p>\n<p>\n    \u00abFASE 0\u00bb: Den amerikanske tankesmia ISW mener Russland har intensivert \u00abfase 0\u00bb i forberedelsene p\u00e5 en eventuell konflikt med Nato. Foto: Alexander Kazakov \/ POOL \/ AFP \/ NTB\n  <\/p>\n<p> Russland ser ut til \u00e5 akselerere \u00abFase 0\u00bb i sin kampanje for \u00e5 forberede seg p\u00e5 en mulig NATO-Russland-krig i framtida. <\/p>\n<p>Det skriver den amerikanske tankesmia Institute for the Study of War (ISW) i en fersk <a href=\"https:\/\/understandingwar.org\/research\/russia-ukraine\/russian-offensive-campaign-assessment-october-6-2025\/\" rel=\"nofollow noopener\" target=\"_blank\">rapport<\/a>.\u00a0\u00a0<\/p>\n<p>If\u00f8lge ISW er dette en fysisk, men ogs\u00e5 en psykologisk fase for \u00e5 sette betingelsene for en krigssituasjon med Nato, dersom det blir aktuelt.<\/p>\n<p>    <a itemprop=\"url\" href=\"https:\/\/www.dagbladet.no\/nyheter\/vil-odelegge-relasjonen\/83683271\" rel=\"nofollow noopener\" target=\"_blank\"><\/p>\n<p>      <img loading=\"lazy\" decoding=\"async\" src=\"https:\/\/www.europesays.com\/no\/wp-content\/uploads\/2025\/10\/1759834089_967_83683276.webp\" width=\"980\" height=\"441\" title=\"- Vil \u00f8delegge relasjonen\" alt=\"\" class=\"lazyload\" style=\"--aspect-ratio-image: 2.22; \"\/><\/p>\n<p>        &#8211; Vil \u00f8delegge relasjonen<\/p>\n<p>    <\/a><\/p>\n<p>Flere form\u00e5l\t<\/p>\n<p>If\u00f8lge ISW har denne fasen flere form\u00e5l for Kreml, b\u00e5de nasjonalt og internasjonalt:<\/p>\n<ul>\n<li>\u00c5 skape frykt i den europeiske befolkningen og fragmentere Natos besluttsomhet. Dette kan brukes til \u00e5 f\u00e5 innr\u00f8mmelser i krigen mot Ukraina og i en mulig, framtidig krig mellom Nato og Russland.\u00a0<\/li>\n<li>\u00c5 f\u00e5 Europa til \u00e5 redusere eller stoppe opprustningen, ogs\u00e5 i frykt for at dette kan provosere fram egne, russiske angrep.\u00a0<\/li>\n<li>\u00c5 presse russiske motstandere til \u00e5 fatte politiske beslutninger som er i Russlands fav\u00f8r.\u00a0<\/li>\n<li>\u00c5 p\u00e5virke den russiske befolkningens syn p\u00e5 Vesten ved \u00e5 framstille Vesten som de ansvarlige for angrep eller trusler.\u00a0<\/li>\n<\/ul>\n<p>    <a itemprop=\"url\" href=\"https:\/\/www.dagbladet.no\/nyheter\/vi-er-allerede-i-krig\/83656063\" rel=\"nofollow noopener\" target=\"_blank\"><\/p>\n<p>      <img loading=\"lazy\" decoding=\"async\" src=\"https:\/\/www.europesays.com\/no\/wp-content\/uploads\/2025\/10\/83657228.webp\" width=\"980\" height=\"441\" title=\"- Vi er allerede i krig\" alt=\"\" class=\"lazyload\" style=\"--aspect-ratio-image: 2.22; \"\/><\/p>\n<p>        &#8211; Vi er allerede i krig<\/p>\n<p>    <\/a><\/p>\n<p>\u00abAvsl\u00f8rte\u00bb planer\t<\/p>\n<p>Tankesmia viser blant annet til at Russlands utenriksetteretningstjeneste (SVR) mandag hevdet at Storbritannia planlegger et angrep p\u00e5 et ukrainsk marineskip eller et utenlandsk sivilt fart\u00f8y, og at dette skal finne sted i en europeisk havn.\u00a0<\/p>\n<p>Storbritannia skal deretter legge skylden p\u00e5 Moskva.\u00a0<\/p>\n<p>De skal angivelig ogs\u00e5 utstyre sabot\u00f8rgruppa med kinesisk produsert materiell, for \u00e5 skylde p\u00e5 kinesisk st\u00f8tte til den russiske krigf\u00f8ringen i Ukraina.\u00a0\u00a0<\/p>\n<p>If\u00f8lge ISW f\u00f8lger denne anklagen samme m\u00f8nster som tidligere anklager. Dette gjelder angrep utf\u00f8rt under p\u00e5st\u00e5tt falskt flagg mot land som Polen, Moldova og Serbia.<\/p>\n<p>ISW mener Russlands utenriksetteretningstjeneste har kommet stadig oftere med slike uttalelser de siste ukene.\u00a0<\/p>\n<p>    <a itemprop=\"url\" href=\"https:\/\/www.dagbladet.no\/nyheter\/aldri-vaert-naermere-tredje-verdenskrig\/83659722\" rel=\"nofollow noopener\" target=\"_blank\"><\/p>\n<p>      <img loading=\"lazy\" decoding=\"async\" src=\"https:\/\/www.europesays.com\/no\/wp-content\/uploads\/2025\/10\/83660209.webp\" width=\"980\" height=\"441\" title=\"- Aldri v\u00e6rt n\u00e6rmere tredje verdenskrig\" alt=\"\" class=\"lazyload\" style=\"--aspect-ratio-image: 2.22; \"\/><\/p>\n<p>        &#8211; Aldri v\u00e6rt n\u00e6rmere tredje verdenskrig<\/p>\n<p>    <\/a><\/p>\n<p>&#8211; Langsiktige planer\t<\/p>\n<p>ISW viser ogs\u00e5 til den dramatiske \u00f8kningen av angrep mot Nato-land de siste ukene,\u00a0s\u00e6rlig hva gjelder <a href=\"https:\/\/www.dagbladet.no\/nyheter\/dette-er-bare-starten\/83665437\" rel=\"nofollow noopener\" target=\"_blank\">dronehendelsene i Natos luftrom<\/a>, og konkluderer med at dette er Russland. \u00a0<\/p>\n<p>Sammen med det tankesmia trekker fram som en rekke b\u00e5de \u00e5penbare og skjulte angrep mot Nato-land over de siste \u00e5ra, som\u00a0sabotasjeoppdrag, elektronisk krigf\u00f8ring (EW), GPS-jamming og brannstiftelse, kommer de til konklusjonen om den s\u00e5kalte \u00abfase 0\u00bb<\/p>\n<p>Tankesmia tydeliggj\u00f8r at de ikke konkluderer med at Kreml har besluttet verken \u00e5 starte eller delta i et h\u00f8yere krigsniv\u00e5, eller en en eventuell krig mot Nato, og heller ikke hvilken tidshorisont Kreml eventuelt arbeider ut fra.<\/p>\n<p>De mener likevel at Russland har iverksatt langsiktige planer som ISW vurderer kan v\u00e6re en del av forberedelsene til en krig mellom Nato og Russland i framtida.\u00a0<\/p>\n<p>Eksempler p\u00e5 dette er omstrukturering av Russlands milit\u00e6rdistrikter i grensene mot Vest og bygging av milit\u00e6rbaser p\u00e5 grensen til Finland.<\/p>\n","protected":false},"excerpt":{"rendered":"Tenketank konkluderer med at Russland har begynt informasjons- og p\u00e5virkningsarbeidet for en eventuell konflikt med Nato.\u00a0 \u00abFASE 0\u00bb:&hellip;\n","protected":false},"author":2,"featured_media":54628,"comment_status":"","ping_status":"","sticky":false,"template":"","format":"standard","meta":{"footnotes":""},"categories":[12],"tags":[20,21,24,25,15,22,23,233,13,30,28,29,14,16,188,26,27,412,42,186,43,44,45],"class_list":{"0":"post-54627","1":"post","2":"type-post","3":"status-publish","4":"format-standard","5":"has-post-thumbnail","7":"category-verden","8":"tag-breaking-news","9":"tag-breakingnews","10":"tag-featured-news","11":"tag-featurednews","12":"tag-headlines","13":"tag-latest-news","14":"tag-latestnews","15":"tag-nato","16":"tag-news","17":"tag-no","18":"tag-norge","19":"tag-norway","20":"tag-nyheter","21":"tag-overskrifter","22":"tag-russland","23":"tag-top-stories","24":"tag-topstories","25":"tag-utenriks","26":"tag-verden","27":"tag-vladimir-putin","28":"tag-world","29":"tag-world-news","30":"tag-worldnews"},"share_on_mastodon":{"url":"","error":""},"_links":{"self":[{"href":"https:\/\/www.europesays.com\/no\/wp-json\/wp\/v2\/posts\/54627","targetHints":{"allow":["GET"]}}],"collection":[{"href":"https:\/\/www.europesays.com\/no\/wp-json\/wp\/v2\/posts"}],"about":[{"href":"https:\/\/www.europesays.com\/no\/wp-json\/wp\/v2\/types\/post"}],"author":[{"embeddable":true,"href":"https:\/\/www.europesays.com\/no\/wp-json\/wp\/v2\/users\/2"}],"replies":[{"embeddable":true,"href":"https:\/\/www.europesays.com\/no\/wp-json\/wp\/v2\/comments?post=54627"}],"version-history":[{"count":0,"href":"https:\/\/www.europesays.com\/no\/wp-json\/wp\/v2\/posts\/54627\/revisions"}],"wp:featuredmedia":[{"embeddable":true,"href":"https:\/\/www.europesays.com\/no\/wp-json\/wp\/v2\/media\/54628"}],"wp:attachment":[{"href":"https:\/\/www.europesays.com\/no\/wp-json\/wp\/v2\/media?parent=54627"}],"wp:term":[{"taxonomy":"category","embeddable":true,"href":"https:\/\/www.europesays.com\/no\/wp-json\/wp\/v2\/categories?post=54627"},{"taxonomy":"post_tag","embeddable":true,"href":"https:\/\/www.europesays.com\/no\/wp-json\/wp\/v2\/tags?post=54627"}],"curies":[{"name":"wp","href":"https:\/\/api.w.org\/{rel}","templated":true}]}}