{"id":54635,"date":"2025-10-07T10:55:23","date_gmt":"2025-10-07T10:55:23","guid":{"rendered":"https:\/\/www.europesays.com\/no\/54635\/"},"modified":"2025-10-07T10:55:23","modified_gmt":"2025-10-07T10:55:23","slug":"george-clooney-flytter-familien-til-frankrike-for-en-roligere-oppvekst","status":"publish","type":"post","link":"https:\/\/www.europesays.com\/no\/54635\/","title":{"rendered":"George Clooney flytter familien til Frankrike for en roligere oppvekst"},"content":{"rendered":"<p class=\"kicker \" style=\"\">George og Amal Clooney:\u00a0\u00a0<\/p>\n<p>  Den verdenskjente filmstjerna har flyttet familien til den franske landsbygda. Det er ikke tilfeldig.\u00a0<\/p>\n<p>\n    VENEZIA: George og Amal Clooney ankom filmfestivalen i Venezia i august 2025. Til daglig bor familien p\u00e5 eiendommen Domaine du Canadel i S\u00f8r-Frankrike, langt unna Hollywoods rampelys. Foto: Splash News\/NTB\n  <\/p>\n<p> George Clooney (64) er en av Hollywoods mest kjente skuespillere, men da han og kona Amal Clooney (47) fikk tvillinger i 2017, tok livet en ny retning. Familien forlot Los Angeles og slo seg ned p\u00e5 en g\u00e5rd i Provence i S\u00f8r-Frankrike.<\/p>\n<p>    <a itemprop=\"url\" href=\"https:\/\/www.dagbladet.no\/kjendis\/hyller-kona\/83198085\" rel=\"nofollow noopener\" target=\"_blank\"><\/p>\n<p>      <img loading=\"lazy\" decoding=\"async\" src=\"https:\/\/www.europesays.com\/no\/wp-content\/uploads\/2025\/10\/83198165.webp\" width=\"980\" height=\"441\" title=\"Hyller kona\" alt=\"\" class=\"lazyload\" style=\"--aspect-ratio-image: 2.22; \"\/><\/p>\n<p>        Hyller kona<\/p>\n<p>    <\/a><\/p>\n<p> G\u00e5rden, kjent som Domaine du Canadel, ligger n\u00e6r Brignoles og rommer et herskapshus fra 1700-tallet p\u00e5 n\u00e6rmere 900 kvadratmeter, omgitt av oliventr\u00e6r, ving\u00e5rd, innsj\u00f8 og vakre hager.<\/p>\n<p>          <img loading=\"lazy\" decoding=\"async\" src=\"https:\/\/www.europesays.com\/no\/wp-content\/uploads\/2025\/10\/83687605.webp\" width=\"980\" height=\"559\" title=\"ELEGANT: George og Amal Clooney p\u00e5 den r\u00f8de l\u00f8peren 3. oktober 2025. Paret giftet seg i Venezia i 2014 og har to barn sammen. Foto: Millie Turner\/Invision\/AP\/NTB\" alt=\"\" class=\"\" style=\"--aspect-ratio-image: 1.75; \"\/><\/p>\n<p>\n          ELEGANT: George og Amal Clooney p\u00e5 den r\u00f8de l\u00f8peren 3. oktober 2025. Paret giftet seg i Venezia i 2014 og har to barn sammen. Foto: Millie Turner\/Invision\/AP\/NTB\n      <\/p>\n<p>&#8211; Ville ikke f\u00e5tt en rettferdig sjanse\t<\/p>\n<p> Parets tvillinger, Alexander og Ella (8), f\u00e5r dermed en annen oppvekst enn andre barn av Hollywood-stjerner som er bosatt i filmhovedstaden.<\/p>\n<p> Skuespilleren forteller at han \u00f8nsker \u00e5 gi tvillingene en oppvekst som likner mer p\u00e5 hans egen, langt unna det han beskriver som en \u00aburettferdig sjanse\u00bb i Hollywood. <\/p>\n<p>          <img loading=\"lazy\" decoding=\"async\" src=\"https:\/\/www.europesays.com\/no\/wp-content\/uploads\/2025\/10\/83687553.webp\" width=\"980\" height=\"559\" title=\"IDYLL: I \u00e5sene over sm\u00e5byuen Brignoles i Provence har Amal og Clooney sl\u00e5tt seg ned med barna. Foto: LAURENT LAURENT VU\/SIPA\/Shutters\" alt=\"\" class=\"\" style=\"--aspect-ratio-image: 1.75; \"\/><\/p>\n<p>\n          IDYLL: I \u00e5sene over sm\u00e5byuen Brignoles i Provence har Amal og Clooney sl\u00e5tt seg ned med barna. Foto: LAURENT LAURENT VU\/SIPA\/Shutters\n      <\/p>\n<p class=\"font-weight-bold m-font-weight-bold\" data-lab-font_weight=\"font-weight-bold\">&#8211; Jeg var bekymret for \u00e5 oppdra barna v\u00e5re i Los Angeles, midt i Hollywood-kulturen. Jeg f\u00f8lte de aldri kom til \u00e5 f\u00e5 en rettferdig sjanse i livet, sier Clooney i et intervju med magasinet\u00a0<a href=\"https:\/\/www.esquire.com\/entertainment\/movies\/a68136276\/george-clooney-jay-kelly-interview-2025\/\" rel=\"nofollow noopener\" target=\"_blank\">Esquire<\/a>.<\/p>\n<p>    <a itemprop=\"url\" href=\"https:\/\/www.dagbladet.no\/kjendis\/george-og-amal-clooney-snakket-aldri-om-a-fa-barn-sa-skjedde-det-utrolige---jeg-tenkte-at-det-matte-vaere-en-feil\/68672047\" rel=\"nofollow noopener\" target=\"_blank\"><\/p>\n<p>      <img loading=\"lazy\" decoding=\"async\" src=\"https:\/\/www.europesays.com\/no\/wp-content\/uploads\/2025\/10\/68672809.webp\" width=\"147\" height=\"98\" title=\"George og Amal Clooney snakket aldri om \u00e5 f\u00e5 barn\" alt=\"\" class=\"lazyload\" style=\"--aspect-ratio-image: 1.50; \"\/><\/p>\n<p>        George og Amal Clooney snakket aldri om \u00e5 f\u00e5 barn<\/p>\n<p>    <\/a><\/p>\n<p>Kontrasten til Frankrike er sl\u00e5ende sammenliknet med Hollywood, hvor \u00abpaparazzi og kjendisdyrkelse er en del av hverdagen\u00bb, sier han i intervjuet.\u00a0<\/p>\n<p> If\u00f8lge skuespilleren var det blant annet frykten for at barna skulle vokse opp med kontinuerlig mediepress, paparazzi p\u00e5 hvert gatehj\u00f8rne og evige sammenlikninger med andre kjendisbarn.\u00a0<\/p>\n<p>Derfor ble l\u00f8sningen \u00e5 flytte vekk, til et sted hvor ber\u00f8mmelse ikke betyr \u00abalt\u00bb. <\/p>\n<p>          <img loading=\"lazy\" decoding=\"async\" src=\"https:\/\/www.europesays.com\/no\/wp-content\/uploads\/2025\/10\/81134491.webp\" width=\"980\" height=\"559\" title=\"HERREG\u00c5RD: George og Amal Clooney kj\u00f8pte herskapsboligen Domaine du Canadel i Provence i 2021. Foto: TheMegaAgency.com\/ DFGRI\/ NTB\" alt=\"\" class=\"\" style=\"--aspect-ratio-image: 1.75; \"\/><\/p>\n<p>\n          HERREG\u00c5RD: George og Amal Clooney kj\u00f8pte herskapsboligen Domaine du Canadel i Provence i 2021. Foto: TheMegaAgency.com\/ DFGRI\/ NTB\n      <\/p>\n<p>&#8211; I Frankrike bryr de seg egentlig ikke om ber\u00f8mmelse. Jeg vil ikke at barna mine skal g\u00e5 rundt og bekymre seg for paparazzi. Jeg vil ikke at de skal bli sammenliknet med andre kjendisers barn, forklarer Clooney. <\/p>\n<p>Internasjonal hverdag\t<\/p>\n<p> Livet p\u00e5 g\u00e5rden i Provence beskriver han som langt enklere enn Hollywoods luksus og glitter. Han peker p\u00e5 sm\u00e5, hverdagslige rutiner som han mener gir barna en bedre oppvekst. <\/p>\n<p>&#8211; Vi er veldig heldige. Vi bor p\u00e5 en g\u00e5rd i Frankrike \u2026 De sitter ikke bare med iPadene sine. De spiser middag sammen med voksne og m\u00e5 ta inn tallerkenene sine etterp\u00e5. De har et mye bedre liv, sier han. <\/p>\n<p>          <img loading=\"lazy\" decoding=\"async\" src=\"https:\/\/www.europesays.com\/no\/wp-content\/uploads\/2025\/10\/75063937.webp\" width=\"686\" height=\"783\" title=\"FAMILIELIV: Amal Clooney sammen med tvillingene Alexander og Ella, som hun fikk med George Clooney i 2017. Foto: Splashnews.com\/NTB\" alt=\"\" class=\"\" style=\"--aspect-ratio-image: 0.88; \"\/><\/p>\n<p>\n          FAMILIELIV: Amal Clooney sammen med tvillingene Alexander og Ella, som hun fikk med George Clooney i 2017. Foto: Splashnews.com\/NTB\n      <\/p>\n<p>Hverdagen til familien fordeles <a href=\"https:\/\/www.dagbladet.no\/kjendis\/flytter-fra-hverandre\/82756214\" rel=\"nofollow noopener\" target=\"_blank\">mellom ulike land<\/a>. Clooney har tilbrakt perioder i New York for teaterjobber, mens Amal og tvillingene blir i Frankrike.\u00a0<\/p>\n<p> Samtidig har Amal hatt oppdrag i Storbritannia, blant annet som gjesteprofessor ved Oxford. <\/p>\n<p>    <a itemprop=\"url\" href=\"https:\/\/www.dagbladet.no\/kjendis\/roper-hemmeligheten-truffet-jackpot\/82989553\" rel=\"nofollow noopener\" target=\"_blank\"><\/p>\n<p>      <img loading=\"lazy\" decoding=\"async\" src=\"https:\/\/www.europesays.com\/no\/wp-content\/uploads\/2025\/10\/82989638.webp\" width=\"980\" height=\"441\" title=\"R\u00f8per hemmeligheten: - Truffet jackpot\" alt=\"\" class=\"lazyload\" style=\"--aspect-ratio-image: 2.22; \"\/><\/p>\n<p>        R\u00f8per hemmeligheten: &#8211; Truffet jackpot<\/p>\n<p>    <\/a><\/p>\n","protected":false},"excerpt":{"rendered":"George og Amal Clooney:\u00a0\u00a0 Den verdenskjente filmstjerna har flyttet familien til den franske landsbygda. Det er ikke tilfeldig.\u00a0&hellip;\n","protected":false},"author":2,"featured_media":54636,"comment_status":"","ping_status":"","sticky":false,"template":"","format":"standard","meta":{"footnotes":""},"categories":[12],"tags":[8239,20,21,24,25,1244,8238,15,479,22,23,13,30,28,29,14,16,26,27,42,43,44,45],"class_list":{"0":"post-54635","1":"post","2":"type-post","3":"status-publish","4":"format-standard","5":"has-post-thumbnail","7":"category-verden","8":"tag-amal-clooney","9":"tag-breaking-news","10":"tag-breakingnews","11":"tag-featured-news","12":"tag-featurednews","13":"tag-frankrike","14":"tag-george-clooney","15":"tag-headlines","16":"tag-kjendis","17":"tag-latest-news","18":"tag-latestnews","19":"tag-news","20":"tag-no","21":"tag-norge","22":"tag-norway","23":"tag-nyheter","24":"tag-overskrifter","25":"tag-top-stories","26":"tag-topstories","27":"tag-verden","28":"tag-world","29":"tag-world-news","30":"tag-worldnews"},"share_on_mastodon":{"url":"","error":""},"_links":{"self":[{"href":"https:\/\/www.europesays.com\/no\/wp-json\/wp\/v2\/posts\/54635","targetHints":{"allow":["GET"]}}],"collection":[{"href":"https:\/\/www.europesays.com\/no\/wp-json\/wp\/v2\/posts"}],"about":[{"href":"https:\/\/www.europesays.com\/no\/wp-json\/wp\/v2\/types\/post"}],"author":[{"embeddable":true,"href":"https:\/\/www.europesays.com\/no\/wp-json\/wp\/v2\/users\/2"}],"replies":[{"embeddable":true,"href":"https:\/\/www.europesays.com\/no\/wp-json\/wp\/v2\/comments?post=54635"}],"version-history":[{"count":0,"href":"https:\/\/www.europesays.com\/no\/wp-json\/wp\/v2\/posts\/54635\/revisions"}],"wp:featuredmedia":[{"embeddable":true,"href":"https:\/\/www.europesays.com\/no\/wp-json\/wp\/v2\/media\/54636"}],"wp:attachment":[{"href":"https:\/\/www.europesays.com\/no\/wp-json\/wp\/v2\/media?parent=54635"}],"wp:term":[{"taxonomy":"category","embeddable":true,"href":"https:\/\/www.europesays.com\/no\/wp-json\/wp\/v2\/categories?post=54635"},{"taxonomy":"post_tag","embeddable":true,"href":"https:\/\/www.europesays.com\/no\/wp-json\/wp\/v2\/tags?post=54635"}],"curies":[{"name":"wp","href":"https:\/\/api.w.org\/{rel}","templated":true}]}}