{"id":54659,"date":"2025-10-07T11:23:08","date_gmt":"2025-10-07T11:23:08","guid":{"rendered":"https:\/\/www.europesays.com\/no\/54659\/"},"modified":"2025-10-07T11:23:08","modified_gmt":"2025-10-07T11:23:08","slug":"ny-varmerekord-pa-svalbard","status":"publish","type":"post","link":"https:\/\/www.europesays.com\/no\/54659\/","title":{"rendered":"Ny varmerekord p\u00e5 Svalbard"},"content":{"rendered":"\n<p class=\"_lead_1994c_2 _lead_xtcu6_50 layout-component text-serif-m layout-normal text-serif-l layout-component layout-wide layout-padded _wide_17hqh_1 layout-padded\">Mandag ble det m\u00e5lt 10,2 grader klokken 08 p\u00e5 Svalbard lufthavn. Det er ny rekord for oktober m\u00e5ned.<\/p>\n<p><img alt=\"VARMT: Ny varmerekord for Svalbard lufthavn ble satt i g\u00e5r med 10,2 grader. De 10,9 man ser p\u00e5 kartet er m\u00e5lt sentralt i Longyearbyen, men der har man bare hatt m\u00e5linger i to \u00e5r og da regnes det ikke som rekord. Foto: Skjermdump Meteorologisk institutt\" class=\"_image_qp4xg_65 layout-component layout-wide\" data-fullscreen- data-track-element-type=\"Article image fullscreen\" data-track-name=\"ImageFullscreen\" fetchpriority=\"high\" decoding=\"sync\" loading=\"eager\" height=\"1080\" itemprop=\"image\"  src=\"https:\/\/www.europesays.com\/no\/wp-content\/uploads\/2025\/10\/5905ae13-4d16-4608-b73a-1cc14b3e79c8\"  style=\"object-position:0% 0%\" width=\"1080\"\/>VARMT: Ny varmerekord for Svalbard lufthavn ble satt i g\u00e5r med 10,2 grader. De 10,9 man ser p\u00e5 kartet er m\u00e5lt sentralt i Longyearbyen, men der har man bare hatt m\u00e5linger i to \u00e5r og da regnes det ikke som rekord. Foto: Skjermdump Meteorologisk institutt<\/p>\n<ul aria-hidden=\"true\" class=\"_images_1y6fe_106\">\n<li><a class=\"_link_1y6fe_111\" href=\"https:\/\/www.vg.no\/forfatter\/stella-bugge\" style=\"z-index:1\" title=\"Stella Bugge\" rel=\"nofollow noopener\" target=\"_blank\"><img alt=\"Bilde av Stella Bugge\" class=\"_image_1y6fe_88\" fetchpriority=\"low\" loading=\"lazy\" decoding=\"async\" itemprop=\"image\"  src=\"https:\/\/www.europesays.com\/no\/wp-content\/uploads\/2025\/10\/1759836188_528_c673ac82-f3e7-47d3-aa1d-79bb6eca457a\"  width=\"480\"\/><\/a><\/li>\n<\/ul>\n<p> Oppdatert tirsdag 7. oktober kl. 13:04     <\/p>\n<p class=\"_paragraph_1994c_4 _paragraph_xtcu6_10 layout-component text-serif-m layout-normal text-serif-m layout-padded\">Det opplyser Meteorologisk institutt. Temperaturen har sunket litt n\u00e5 tirsdag og mellom klokken 11 og 12 vaker den p\u00e5 9,5 grader.<\/p>\n<p class=\"_paragraph_1994c_4 _paragraph_xtcu6_10 layout-component text-serif-m layout-normal text-serif-m layout-padded\">\u2013 Det er oktober-rekord p\u00e5 Svalbard lufthavn, den er p\u00e5 10,2 grader og ble satt i g\u00e5r, sier redaksjonsmeteorolog Alexander Skeltved til VG.<\/p>\n<p class=\"_paragraph_1994c_4 _paragraph_xtcu6_10 layout-component text-serif-m layout-normal text-serif-m layout-padded\">I oktober i fjor krabbet temperaturen aldri over 7 grader p\u00e5 Svalbard. Dette ble m\u00e5lt den 20. oktober.<\/p>\n<p class=\"_paragraph_1994c_4 _paragraph_xtcu6_10 layout-component text-serif-m layout-normal text-serif-m layout-padded\">\u2013 Hva er normalt?<\/p>\n<p class=\"_paragraph_1994c_4 _paragraph_xtcu6_10 layout-component text-serif-m layout-normal text-serif-m layout-padded\">\u2013 Jevnt over i oktober er det mer normalt med 3\u20134 grader som makstemperatur, sier Skeltved.<\/p>\n<p class=\"_paragraph_1994c_4 _paragraph_xtcu6_10 layout-component text-serif-m layout-normal text-serif-m layout-padded\">\u2013 Hva er \u00e5rsaken til at det er s\u00e5 varmt n\u00e5?<\/p>\n<p class=\"_paragraph_1994c_4 _paragraph_xtcu6_10 layout-component text-serif-m layout-normal text-serif-m layout-padded\">\u2013 Vi har hatt en lang periode med s\u00f8r\u00f8stlig vind som trekker varm luft opp fra fastlands-Europa, sier Skeltved.<\/p>\n<p class=\"_paragraph_1994c_4 _paragraph_xtcu6_10 layout-component text-serif-m layout-normal text-serif-m layout-padded\">Dermed blir det varmere i Nord-Europa enn det pleier \u00e5 v\u00e6re p\u00e5 denne \u00e5rstiden.<\/p>\n<p class=\"_paragraph_1994c_4 _paragraph_xtcu6_10 layout-component text-serif-m layout-normal text-serif-m layout-padded\">Lurer du p\u00e5 det varmeste og kaldeste som noen gang er m\u00e5lt p\u00e5 Svalbard? Her er fasiten:<\/p>\n<p class=\"_paragraph_1994c_4 _paragraph_xtcu6_10 layout-component text-serif-m layout-normal text-serif-m layout-padded\">Varmerekorden satt p\u00e5 Svalbard lufthavn ble notert 25. juli 2020, da stoppet gradestokken p\u00e5 21,7 grader. Minimumstemperaturen m\u00e5 vi tilbake til 1979 for \u00e5 finne, da m\u00e5lte man 37,1 bl\u00e5.<\/p>\n<p class=\"_paragraph_1994c_4 _paragraph_xtcu6_10 layout-component text-serif-m layout-normal text-serif-m layout-padded\">M\u00e5lingene startet f\u00f8rst i 1964, s\u00e5 hva rekordene har v\u00e6rt opp gjennom historien er ikke s\u00e5 godt \u00e5 si. <\/p>\n","protected":false},"excerpt":{"rendered":"Mandag ble det m\u00e5lt 10,2 grader klokken 08 p\u00e5 Svalbard lufthavn. Det er ny rekord for oktober m\u00e5ned.&hellip;\n","protected":false},"author":2,"featured_media":54660,"comment_status":"","ping_status":"","sticky":false,"template":"","format":"standard","meta":{"footnotes":""},"categories":[12],"tags":[20,21,24,25,15,22,23,1645,13,30,28,29,14,16,1644,26,27,8240,42,43,44,45],"class_list":{"0":"post-54659","1":"post","2":"type-post","3":"status-publish","4":"format-standard","5":"has-post-thumbnail","7":"category-verden","8":"tag-breaking-news","9":"tag-breakingnews","10":"tag-featured-news","11":"tag-featurednews","12":"tag-headlines","13":"tag-latest-news","14":"tag-latestnews","15":"tag-longyearbyen","16":"tag-news","17":"tag-no","18":"tag-norge","19":"tag-norway","20":"tag-nyheter","21":"tag-overskrifter","22":"tag-svalbard","23":"tag-top-stories","24":"tag-topstories","25":"tag-varmerekorder","26":"tag-verden","27":"tag-world","28":"tag-world-news","29":"tag-worldnews"},"share_on_mastodon":{"url":"","error":""},"_links":{"self":[{"href":"https:\/\/www.europesays.com\/no\/wp-json\/wp\/v2\/posts\/54659","targetHints":{"allow":["GET"]}}],"collection":[{"href":"https:\/\/www.europesays.com\/no\/wp-json\/wp\/v2\/posts"}],"about":[{"href":"https:\/\/www.europesays.com\/no\/wp-json\/wp\/v2\/types\/post"}],"author":[{"embeddable":true,"href":"https:\/\/www.europesays.com\/no\/wp-json\/wp\/v2\/users\/2"}],"replies":[{"embeddable":true,"href":"https:\/\/www.europesays.com\/no\/wp-json\/wp\/v2\/comments?post=54659"}],"version-history":[{"count":0,"href":"https:\/\/www.europesays.com\/no\/wp-json\/wp\/v2\/posts\/54659\/revisions"}],"wp:featuredmedia":[{"embeddable":true,"href":"https:\/\/www.europesays.com\/no\/wp-json\/wp\/v2\/media\/54660"}],"wp:attachment":[{"href":"https:\/\/www.europesays.com\/no\/wp-json\/wp\/v2\/media?parent=54659"}],"wp:term":[{"taxonomy":"category","embeddable":true,"href":"https:\/\/www.europesays.com\/no\/wp-json\/wp\/v2\/categories?post=54659"},{"taxonomy":"post_tag","embeddable":true,"href":"https:\/\/www.europesays.com\/no\/wp-json\/wp\/v2\/tags?post=54659"}],"curies":[{"name":"wp","href":"https:\/\/api.w.org\/{rel}","templated":true}]}}