{"id":54661,"date":"2025-10-07T11:24:15","date_gmt":"2025-10-07T11:24:15","guid":{"rendered":"https:\/\/www.europesays.com\/no\/54661\/"},"modified":"2025-10-07T11:24:15","modified_gmt":"2025-10-07T11:24:15","slug":"to-av-norges-rikeste-menn-barker-sammen-i-bittert-rettsoppgjor-3","status":"publish","type":"post","link":"https:\/\/www.europesays.com\/no\/54661\/","title":{"rendered":"To av Norges rikeste menn barker sammen i bittert retts\u00adoppgj\u00f8r"},"content":{"rendered":"<p>Tirsdag starter behandlingen av s\u00f8ksm\u00e5let knyttet til refinansieringen av offshorerederiet Solstad.<\/p>\n<p>P\u00e5 den ene siden st\u00e5r Kjell Inge R\u00f8kke (66), styreleder og hovedeier i Aker, og p\u00e5 den andre siden st\u00e5r Christen Sveaas (69) og hans selskap Kistefos. Bak Sveaas st\u00e5r over 40 andre aksjon\u00e6rer som mener de ble grovt forskjellsbehandlet under refinansieringen av Solstad i 2023.<\/p>\n<p>Sveaas, som er nest st\u00f8rste eier, mener R\u00f8kke fikk en urimelig fordel, noe R\u00f8kke bestrider.<\/p>\n<p>Det er ventet at R\u00f8kke kommer til \u00e5 vitne i rettssaken.<\/p>\n<p>Avviser anklager<\/p>\n<p> R\u00f8kke er Norges \u00e5ttende rikeste, med en formue beregnet til 42 milliarder kroner, mens Sveaas er p\u00e5 15. plass med 20,2 milliarder, if\u00f8lge <a href=\"https:\/\/www.finansavisen.no\/kapital-index\/norges-400-rikeste\" rel=\"noopener nofollow\" target=\"_blank\">Kapital<\/a>.<\/p>\n<p>Formelt st\u00e5r s\u00f8ksm\u00e5let mellom Kistefos med aksjon\u00e6rene p\u00e5 den ene siden og meglerhuset Pareto Securities AS, som var finansiell r\u00e5dgiver for Solstad Offshore i prosessen, if\u00f8lge rettsdokumenter. Saken er sl\u00e5tt sammen til felles behandling med en annen sak om erstatningskrav mot Aker og toppledelsen i Solstad.<\/p>\n<p>Pareto avviser alle anklager om ansvar og mener erstatningskravet er grunnl\u00f8st.<\/p>\n<p>Anklager om svertekampanje<\/p>\n<p>I forkant av rettssaken har det ogs\u00e5 v\u00e6rt krangling offentlig. R\u00f8kke har i et brev til aksjon\u00e6rer og ansatte i Aker anklaget Sveaas for \u00e5 ha organisert en svertekampanje gjennom p\u00e5virkning i mediene.<\/p>\n<p>Han beskylder Kistefos for et \u00abkonfliktorientert PR-l\u00f8p\u00bb med \u00abalvorlige p\u00e5stander, beskyldninger, usannheter, spisse formuleringer, overtramp, injurier og karakteristikker\u00bb.<\/p>\n<p>Et av hovedpoengene til R\u00f8kke-leiren er at ingen har lidd \u00f8konomiske tap etter refinansieringen.<\/p>\n<p>\u2013 N\u00e5 bruker partene tre m\u00e5neder i retten og over 200 millioner kroner p\u00e5 \u00e5 behandle et grunnl\u00f8st erstatningskrav, heter det i brevet.<\/p>\n<p>Kistefos: \u2013 Avsporing<\/p>\n<p>Kistefos har omtalt brevet som et elegant fors\u00f8k p\u00e5 \u00e5 avspore saken.<\/p>\n<p> \u2013 V\u00e5rt poeng er bare at Aker har tjent veldig mye mer enn de rettmessig hadde krav p\u00e5, skrev administrerende direkt\u00f8r Bengt A. Rem i Kistefos i en melding til <a href=\"https:\/\/www.dn.no\/oljeservice\/kjell-inge-rokke\/solstad-offshore\/aker\/eksplosivt-brev-fra-kjell-inge-rokke-anklager-sveaas-leiren-for-logner-og-svertekampanje\/2-1-1878671?abtest=a\" rel=\"noopener nofollow\" target=\"_blank\">Dagens N\u00e6ringsliv<\/a> i slutten av september.<\/p>\n<p>Sveaas har tidligere omtalt handelen og Akers framferd som en \u00abav de mest grisete transaksjonene som er sett p\u00e5 Oslo B\u00f8rs\u00bb.<\/p>\n<p>Solstad Offshore befant seg i en sv\u00e6rt vanskelig \u00f8konomisk situasjon i 2023, til tross for at selskapet gjennomgikk en refinansiering i 2016. Aker kom inn som st\u00f8rste aksjon\u00e6r i en konsolidering med andre kriserammede offshoreselskaper i 2016\/2017.<\/p>\n<p>Under en omfattende restrukturering i 2020 gikk s\u00e5 \u00e5 si hele egenkapitalen tapt, if\u00f8lge Paretos sluttinnlegg i Oslo tingrett.<\/p>\n<p>Det er satt av 13 uker til rettssaken.<\/p>\n<p>Lokale selskap fusjonert inn<\/p>\n<p>Solstad Offshore har tidligere fusjonert inn dav\u00e6rende Rem Offshore fra Her\u00f8y og Farstad Shipping fra \u00c5lesund i selskapet.<\/p>\n","protected":false},"excerpt":{"rendered":"Tirsdag starter behandlingen av s\u00f8ksm\u00e5let knyttet til refinansieringen av offshorerederiet Solstad. P\u00e5 den ene siden st\u00e5r Kjell Inge&hellip;\n","protected":false},"author":2,"featured_media":54662,"comment_status":"","ping_status":"","sticky":false,"template":"","format":"standard","meta":{"footnotes":""},"categories":[10],"tags":[2732,20,21,2414,24,25,15,2415,960,22,23,13,30,28,29,14,16,8241,26,27],"class_list":{"0":"post-54661","1":"post","2":"type-post","3":"status-publish","4":"format-standard","5":"has-post-thumbnail","7":"category-norge","8":"tag-aker","9":"tag-breaking-news","10":"tag-breakingnews","11":"tag-christen-sveaas","12":"tag-featured-news","13":"tag-featurednews","14":"tag-headlines","15":"tag-kistefos","16":"tag-kjell-inge-rokke","17":"tag-latest-news","18":"tag-latestnews","19":"tag-news","20":"tag-no","21":"tag-norge","22":"tag-norway","23":"tag-nyheter","24":"tag-overskrifter","25":"tag-solstad-offshore","26":"tag-top-stories","27":"tag-topstories"},"share_on_mastodon":{"url":"","error":""},"_links":{"self":[{"href":"https:\/\/www.europesays.com\/no\/wp-json\/wp\/v2\/posts\/54661","targetHints":{"allow":["GET"]}}],"collection":[{"href":"https:\/\/www.europesays.com\/no\/wp-json\/wp\/v2\/posts"}],"about":[{"href":"https:\/\/www.europesays.com\/no\/wp-json\/wp\/v2\/types\/post"}],"author":[{"embeddable":true,"href":"https:\/\/www.europesays.com\/no\/wp-json\/wp\/v2\/users\/2"}],"replies":[{"embeddable":true,"href":"https:\/\/www.europesays.com\/no\/wp-json\/wp\/v2\/comments?post=54661"}],"version-history":[{"count":0,"href":"https:\/\/www.europesays.com\/no\/wp-json\/wp\/v2\/posts\/54661\/revisions"}],"wp:featuredmedia":[{"embeddable":true,"href":"https:\/\/www.europesays.com\/no\/wp-json\/wp\/v2\/media\/54662"}],"wp:attachment":[{"href":"https:\/\/www.europesays.com\/no\/wp-json\/wp\/v2\/media?parent=54661"}],"wp:term":[{"taxonomy":"category","embeddable":true,"href":"https:\/\/www.europesays.com\/no\/wp-json\/wp\/v2\/categories?post=54661"},{"taxonomy":"post_tag","embeddable":true,"href":"https:\/\/www.europesays.com\/no\/wp-json\/wp\/v2\/tags?post=54661"}],"curies":[{"name":"wp","href":"https:\/\/api.w.org\/{rel}","templated":true}]}}