{"id":54663,"date":"2025-10-07T11:26:49","date_gmt":"2025-10-07T11:26:49","guid":{"rendered":"https:\/\/www.europesays.com\/no\/54663\/"},"modified":"2025-10-07T11:26:49","modified_gmt":"2025-10-07T11:26:49","slug":"sport-fotball-videre-i-vm-ny-lokal-keeper-fikk-sjansen","status":"publish","type":"post","link":"https:\/\/www.europesays.com\/no\/54663\/","title":{"rendered":"Sport, Fotball | Videre i VM \u2013 ny lokal keeper fikk sjansen"},"content":{"rendered":"\n<p><b>FOTBALL: <\/b>Norges lag i U20-VM var klar for avansement allerede f\u00f8r den siste gruppekampen mot Saudi-Arabia i natt.<\/p>\n<p>Kampen endte 1-1, som gj\u00f8r at Norge havnet p\u00e5 2. plass i gruppe. Det betyr at Norge m\u00f8ter Paraguay i kampen om kvartfinaleplass natt til torsdag norsk tid.<\/p>\n<p>I de to f\u00f8rste kampene i gruppespillet var det Einar B\u00f8e Fauskanger som fikk tillit i m\u00e5l. I natt fikk Sander \u00d8straat fra Stord, tidligere FKH, sjansen fra start. \u00d8straat spiller n\u00e5 for HamKam.<\/p>\n<p>   <img decoding=\"async\" width=\"3834\" height=\"2556\" fetchpriority=\"low\"  loading=\"lazy\"  src=\"https:\/\/www.europesays.com\/no\/wp-content\/uploads\/2025\/10\/cueres_scp-jmtnssk_J13mT75Nssk.jpg\" alt=\"Norway's Niklas Fuglestad celebrates scoring his side's opening goal against Saudi Arabia during a FIFA U-20 World Cup Group E soccer match at El Teniente Stadium in Rancagua, Chile, Sunday, Oct. 5, 2025. (AP Photo\/Andre Penner)\" class=\"brick-c-cFOWSL\" style=\"--brick-image-ratio: 3834 \/ 2556;\"\/><\/p>\n<p>    SCORET: Niklas Fuglestad jubler for scoringen som ga Norge ledelsen mot Saudi-Arabia.<br \/>\n    Foto: NTB\n  <\/p>\n<p>  \u00d8straat-m\u00e5lgivende<\/p>\n<p>Niklas Fuglestad sendte Norge i ledelsen rett etter pause, faktisk etter assist fra Sander \u00d8straat. Et langt utspill endte hos Fuglestad, som dro seg forbi to spillere f\u00f8r han plasserte ballen i lengste hj\u00f8rne fra 13 meter.<\/p>\n<p><b>&#8211; Jeg er veldig forn\u00f8yd med den. Jeg snakket med \u00d8straat i pausen om at at med en gang han f\u00e5r ballen s\u00e5 var det bare \u00e5 springe. Han skulle legge den p\u00e5 foten, og det gjorde han jo, s\u00e5 da var det bare for meg \u00e5 sette den i m\u00e5l. Det er ganske stort \u00e5 score i et VM, det er ikke mange som har gjort det. S\u00e5 den tar jeg med meg videre, <a href=\"https:\/\/www.fotball.no\/landslag\/norge-menn-20\/2025\/u20-disse-starter-mot-saudi-arabia2\/\" rel=\"Follow nofollow noopener\" target=\"_blank\">sier Fuglestad til fotball.no<\/a>. <\/b><\/p>\n<p>Talal Haji utlignet for Saudi-Arabia p\u00e5 straffespark sju minutter senere. Norge hadde flere store sjanser til \u00e5 avgj\u00f8re, men kampen endte uavgjort etter \u00e5tte tilleggsminutter.<\/p>\n<p>Kampen b\u00f8d p\u00e5 mange sjanser begge veier. Fuglestad og Sondre Granaas var n\u00e6r flere ganger for Norge, mens Haji og Amar Alyuhaybi skapte de st\u00f8rste mulighetene for Saudi-Arabia. Begge keepere hadde flere gode redninger i en kamp som tidvis ble fysisk.<\/p>\n<p>  <a href=\"https:\/\/www.h-avis.no\/5-62-1932030\" class=\"related-teaser has-image default-story-teaser article--c-eRUmMG article--c-eRUmMG-jKCPdD-design-default\" rel=\"nofollow noopener\" target=\"_blank\"><\/p>\n<p>    <img decoding=\"async\" loading=\"lazy\"  src=\"https:\/\/www.europesays.com\/no\/wp-content\/uploads\/2025\/10\/1759836408_511_U201.JPG\" alt=\"\" class=\"brick-c-cFOWSL\" style=\"\"\/><\/p>\n<p>\n            Les ogs\u00e5<\/p>\n<p>              Holdt nullen igjen \u2013 Fauskanger hylles\n        <\/p>\n<p>  <\/a><br \/>\n  \u2013 Greit resultat<\/p>\n<p>Landslagstrener Bj\u00f8rn Johansen er passe forn\u00f8yd.<\/p>\n<p><b>\u2013 Det b\u00f8lget fram og tilbake i dag. Alt i alt tror jeg 1\u20131 er et greit resultat. Vi hadde gjerne tatt en seier, og det er marginalt at vi ikke vinner gruppa. Det ser ut som vi blir nummer to fordi vi har et gult kort mer enn Colombia, sier Johansen til fotball.no. <\/b><\/p>\n<p>I en eventuell kvartfinale skal Norge opp mot vinneren av \u00e5ttedelsfinalen mellom Japan og Frankrike.<\/p>\n<p>  <a href=\"https:\/\/www.h-avis.no\/5-62-1928330\" class=\"related-teaser has-image default-story-teaser article--c-eRUmMG article--c-eRUmMG-jKCPdD-design-default\" rel=\"nofollow noopener\" target=\"_blank\"><\/p>\n<p>    <img decoding=\"async\" loading=\"lazy\"  src=\"https:\/\/www.europesays.com\/no\/wp-content\/uploads\/2025\/09\/U203.JPG\" alt=\"\" class=\"brick-c-cFOWSL\" style=\"\"\/><\/p>\n<p>\n            Les ogs\u00e5<\/p>\n<p>              Skistad klar for VM: \u2013 Helt fantastisk \u00e5 v\u00e6re her\n        <\/p>\n<p>  <\/a><\/p>\n","protected":false},"excerpt":{"rendered":"FOTBALL: Norges lag i U20-VM var klar for avansement allerede f\u00f8r den siste gruppekampen mot Saudi-Arabia i natt.&hellip;\n","protected":false},"author":2,"featured_media":54664,"comment_status":"","ping_status":"","sticky":false,"template":"","format":"standard","meta":{"footnotes":""},"categories":[59],"tags":[36,617,92,30,28,29,83,82,366,1510],"class_list":{"0":"post-54663","1":"post","2":"type-post","3":"status-publish","4":"format-standard","5":"has-post-thumbnail","7":"category-sport","8":"tag-art","9":"tag-fkh","10":"tag-fotball","11":"tag-no","12":"tag-norge","13":"tag-norway","14":"tag-sport","15":"tag-sports","16":"tag-stord","17":"tag-story"},"share_on_mastodon":{"url":"","error":""},"_links":{"self":[{"href":"https:\/\/www.europesays.com\/no\/wp-json\/wp\/v2\/posts\/54663","targetHints":{"allow":["GET"]}}],"collection":[{"href":"https:\/\/www.europesays.com\/no\/wp-json\/wp\/v2\/posts"}],"about":[{"href":"https:\/\/www.europesays.com\/no\/wp-json\/wp\/v2\/types\/post"}],"author":[{"embeddable":true,"href":"https:\/\/www.europesays.com\/no\/wp-json\/wp\/v2\/users\/2"}],"replies":[{"embeddable":true,"href":"https:\/\/www.europesays.com\/no\/wp-json\/wp\/v2\/comments?post=54663"}],"version-history":[{"count":0,"href":"https:\/\/www.europesays.com\/no\/wp-json\/wp\/v2\/posts\/54663\/revisions"}],"wp:featuredmedia":[{"embeddable":true,"href":"https:\/\/www.europesays.com\/no\/wp-json\/wp\/v2\/media\/54664"}],"wp:attachment":[{"href":"https:\/\/www.europesays.com\/no\/wp-json\/wp\/v2\/media?parent=54663"}],"wp:term":[{"taxonomy":"category","embeddable":true,"href":"https:\/\/www.europesays.com\/no\/wp-json\/wp\/v2\/categories?post=54663"},{"taxonomy":"post_tag","embeddable":true,"href":"https:\/\/www.europesays.com\/no\/wp-json\/wp\/v2\/tags?post=54663"}],"curies":[{"name":"wp","href":"https:\/\/api.w.org\/{rel}","templated":true}]}}