{"id":54675,"date":"2025-10-07T11:46:10","date_gmt":"2025-10-07T11:46:10","guid":{"rendered":"https:\/\/www.europesays.com\/no\/54675\/"},"modified":"2025-10-07T11:46:10","modified_gmt":"2025-10-07T11:46:10","slug":"foxtrot-mal-har-koblinger-til-angrepet-restaurant-pa-strommen","status":"publish","type":"post","link":"https:\/\/www.europesays.com\/no\/54675\/","title":{"rendered":"Foxtrot-m\u00e5l har koblinger til angrepet restaurant p\u00e5 Str\u00f8mmen"},"content":{"rendered":"\n<p class=\"_lead_1994c_2 _lead_xtcu6_50 layout-component text-serif-m layout-normal text-serif-l layout-component layout-wide layout-padded _wide_17hqh_1 layout-padded\">Politiet mener granatangrepet mot restauranten p\u00e5 Str\u00f8mmen var m\u00e5lrettet. To unge menn er p\u00e5grepet. <\/p>\n<p><img alt=\"Restauranten p\u00e5 Str\u00f8mmen ble angrepet med h\u00e5ndgranat. En 18-\u00e5ring og en 19-\u00e5ring er p\u00e5grepet. Foto: Tore Kristiansen \/ VG\" class=\"_image_qp4xg_65 layout-component layout-wide\" data-fullscreen- data-track-element-type=\"Article image fullscreen\" data-track-name=\"ImageFullscreen\" fetchpriority=\"high\" decoding=\"sync\" loading=\"eager\" height=\"1718\" itemprop=\"image\"  src=\"https:\/\/www.europesays.com\/no\/wp-content\/uploads\/2025\/10\/481efa44-1a8f-443d-aadc-80cf6fb11eec\"  style=\"object-position:0% 0%\" width=\"2290\"\/>Restauranten p\u00e5 Str\u00f8mmen ble angrepet med h\u00e5ndgranat. En 18-\u00e5ring og en 19-\u00e5ring er p\u00e5grepet. Foto: Tore Kristiansen \/ VGStr\u00f8mmen\/Oslo Oppdatert tirsdag 7. oktober kl. 13:17     <\/p>\n<p class=\"_paragraph_1994c_4 _paragraph_xtcu6_10 layout-component text-serif-m layout-normal text-serif-m layout-padded\">\u00d8st politidistrikt sa kort tid etter <a href=\"https:\/\/www.vg.no\/nyheter\/i\/Ey3yPo\/to-paagrepet-etter-eksplosjon-paa-strommen\" data-track-element-type=\"Link\" data-track-id=\"link:Ey3yPo\" class=\"_link_1994c_39\" rel=\"nofollow noopener\" target=\"_blank\">eksplosjonen p\u00e5 Str\u00f8mmen<\/a> at politiet har en naturlig hypotese om at hendelsen er knyttet til eksplosjonen i Pilestredet for to uker siden. <\/p>\n<p class=\"_paragraph_1994c_4 _paragraph_xtcu6_10 layout-component text-serif-m layout-normal text-serif-m layout-padded\">I Pilestredet var det en neglesalong som ble rammet av granater. N\u00e5 er det en restaurant.<\/p>\n<p class=\"_paragraph_1994c_4 _paragraph_xtcu6_10 layout-component text-serif-m layout-normal text-serif-m layout-padded\">Innehaveren av restauranten har en famili\u00e6r relasjon til en mann (28) som Foxtrot har rettet et krav mot. VG har tidligere skrevet at det <a href=\"https:\/\/www.vg.no\/nyheter\/i\/Gy4jqB\/granatangrep-kobles-til-kidnappingssak\" data-track-element-type=\"Link\" data-track-id=\"link:Gy4jqB\" class=\"_link_1994c_39\" rel=\"nofollow noopener\" target=\"_blank\">svenske kriminelle nettverket mener at han skylder dem flere millioner kroner<\/a>. <\/p>\n<p>Innehaveren: \u2013 Vi er tilfeldige ofre<\/p>\n<p class=\"_paragraph_1994c_4 _paragraph_xtcu6_10 layout-component text-serif-m layout-normal text-serif-m layout-padded\"><strong class=\"_strong_1994c_25\">\u2013 Vi har ingenting med dette \u00e5 gj\u00f8re, sier restaurantinnehaveren til VG.<\/strong><\/p>\n<p class=\"_paragraph_1994c_4 _paragraph_xtcu6_10 layout-component text-serif-m layout-normal text-serif-m layout-padded\">De fikk natt til tirsdag et varsel om at en alarm hadde g\u00e5tt av i restauranten.<\/p>\n<p class=\"_paragraph_1994c_4 _paragraph_xtcu6_10 layout-component text-serif-m layout-normal text-serif-m layout-padded\">\u2013 Da vi kom dit, s\u00e5 var politiet allerede der, sier innehaveren. <\/p>\n<p><img alt=\"STR\u00d8MMEN: Politiet gj\u00f8r tirsdag unders\u00f8kelser ved restauranten p\u00e5 Str\u00f8mmen, like utenfor Oslo.   Foto: Helge Mikalsen \/ VG\" class=\"_image_qp4xg_65 layout-component layout-normal\" data-fullscreen- data-track-element-type=\"Article image fullscreen\" data-track-name=\"ImageFullscreen\" decoding=\"async\" loading=\"lazy\" height=\"3592\" itemprop=\"image\"  src=\"https:\/\/www.europesays.com\/no\/wp-content\/uploads\/2025\/10\/e39cbd88-39e0-4471-b8e0-0e685cdabcdc\"  style=\"object-position:0% 0%\" width=\"5392\"\/>STR\u00d8MMEN: Politiet gj\u00f8r tirsdag unders\u00f8kelser ved restauranten p\u00e5 Str\u00f8mmen, like utenfor Oslo.   Foto: Helge Mikalsen \/ VG<\/p>\n<p class=\"_paragraph_1994c_4 _paragraph_xtcu6_10 layout-component text-serif-m layout-normal text-serif-m layout-padded\"><strong class=\"_strong_1994c_25\">\u2013 Hva tenker du om at politiet sier angrepet fremst\u00e5r som m\u00e5lrettet?<\/strong><\/p>\n<p class=\"_paragraph_1994c_4 _paragraph_xtcu6_10 layout-component text-serif-m layout-normal text-serif-m layout-padded\">\u2013 Vi driver en restaurant og har ikke noe med kriminelle \u00e5 gj\u00f8re. Vi er tilfeldige ofre, svarer innehaveren. <\/p>\n<p>Politiet: M\u00e5lrettet angrep<\/p>\n<p class=\"_paragraph_1994c_4 _paragraph_xtcu6_10 layout-component text-serif-m layout-normal text-serif-m layout-padded\">To unge menn p\u00e5 18 og 19 \u00e5r er p\u00e5grepet etter angrepet natt til tirsdag. <\/p>\n<p class=\"_paragraph_1994c_4 _paragraph_xtcu6_10 layout-component text-serif-m layout-normal text-serif-m layout-padded\"><strong class=\"_strong_1994c_25\">De to er siktet for fremkalling av fare for allmennheten og grove trusler. Saken etterforskes som et m\u00e5lrettet angrep, skriver \u00d8st politidistrikt i en pressemelding. <\/strong><\/p>\n<p class=\"_paragraph_1994c_4 _paragraph_xtcu6_10 layout-component text-serif-m layout-normal text-serif-m layout-padded\">Politiet utelukker ikke flere p\u00e5gripelser. <\/p>\n<p><img alt=\"BISLETT: To 13-\u00e5ringer ble tatt et granateksplosjonene p\u00e5 Bislett for to uker siden.  Foto: Terje Bendiksby \/ NTB\" class=\"_image_qp4xg_65 layout-component layout-normal\" data-fullscreen- data-track-element-type=\"Article image fullscreen\" data-track-name=\"ImageFullscreen\" decoding=\"async\" loading=\"lazy\" height=\"3606\" itemprop=\"image\"  src=\"https:\/\/www.europesays.com\/no\/wp-content\/uploads\/2025\/10\/84d94774-69e8-44bc-9beb-2150ec6e14e8\"  style=\"object-position:0% 0%\" width=\"5408\"\/>BISLETT: To 13-\u00e5ringer ble tatt et granateksplosjonene p\u00e5 Bislett for to uker siden.  Foto: Terje Bendiksby \/ NTBFoxtrot-krav mot flere menn<\/p>\n<p class=\"_paragraph_1994c_4 _paragraph_xtcu6_10 layout-component text-serif-m layout-normal text-serif-m layout-padded\">VG har tidligere skrevet om en 24 \u00e5r gammel Oslo-mann som ble <a href=\"https:\/\/www.vg.no\/nyheter\/i\/pP7bJR\/kidnappingssak-i-oslo-nye-detaljer-om-bortfoeringen\" data-track-element-type=\"Link\" data-track-id=\"link:pP7bJR\" class=\"_link_1994c_39\" rel=\"nofollow noopener\" target=\"_blank\">bortf\u00f8rt til Danmark med taxi<\/a>. <\/p>\n<p class=\"_paragraph_1994c_4 _paragraph_xtcu6_10 layout-component text-serif-m layout-normal text-serif-m layout-padded\">Noen dager etter kidnappingen ble det kastet granater mot en neglsallong p\u00e5 Bislett i Oslo.<\/p>\n<p class=\"_paragraph_1994c_4 _paragraph_xtcu6_10 layout-component text-serif-m layout-normal text-serif-m layout-padded\"><a href=\"https:\/\/www.vg.no\/nyheter\/i\/Gy4jqB\/granatangrep-kobles-til-kidnappingssak\" data-track-element-type=\"Link\" data-track-id=\"link:Gy4jqB\" class=\"_link_1994c_39\" rel=\"nofollow noopener\" target=\"_blank\">Politiet knytter frihetsber\u00f8velsen og granatangrepet <\/a>til en angivelig milliongjeld til det svenske kriminelle nettverket Foxtrot, if\u00f8lge VGs opplysninger.<\/p>\n<p class=\"_paragraph_1994c_4 _paragraph_xtcu6_10 layout-component text-serif-m layout-normal text-serif-m layout-padded\"><strong class=\"_strong_1994c_25\">Foxtrot-kravet skal v\u00e6re rettet mot flere menn i 20-\u00e5rene i en norsk-vietnamesisk storfamilie, f\u00e5r VG opplyst. <\/strong><\/p>\n<p class=\"_paragraph_1994c_4 _paragraph_xtcu6_10 layout-component text-serif-m layout-normal text-serif-m layout-padded\">Ogs\u00e5 innehaveren av neglsallongen p\u00e5 Bislett har en famili\u00e6r relasjon til mennene som Foxtrot skal ha rettet et krav mot. <\/p>\n<p class=\"_paragraph_1994c_4 _paragraph_xtcu6_10 layout-component text-serif-m layout-normal text-serif-m layout-padded\">Politiadvokat Philip Green i Oslo politidistrikt sier at det er \u00d8st politidistrikt som etterforsker granatangrepet p\u00e5 Str\u00f8mmen per n\u00e5, men at de vil se p\u00e5 om de kan v\u00e6re hensiktsmessig \u00e5 forene sakene.<\/p>\n<p class=\"_paragraph_1994c_4 _paragraph_xtcu6_10 layout-component text-serif-m layout-normal text-serif-m layout-padded\">\u2013 Vi samarbeider tett med \u00d8st politidistrikt og ser p\u00e5 felles konfliktlinjer, sier Green til VG.<\/p>\n<p>    <img decoding=\"async\" alt=\"Tips oss illustrasjon\" width=\"62px\" height=\"auto\" src=\"https:\/\/www.europesays.com\/no\/wp-content\/uploads\/2025\/08\/1754784428_95_W9avJzE.png\"\/>    <\/p>\n<p class=\"title-serif-s\">Har du tips til oss?<\/p>\n<p class=\"text-sans-m\">Send oss informasjon, bilder eller video<\/p>\n<p>  <a href=\"https:\/\/www.vg.no\/tips-oss\" rel=\"nofollow noopener\" target=\"_blank\"> Tips oss <\/a>      <\/p>\n","protected":false},"excerpt":{"rendered":"Politiet mener granatangrepet mot restauranten p\u00e5 Str\u00f8mmen var m\u00e5lrettet. To unge menn er p\u00e5grepet. Restauranten p\u00e5 Str\u00f8mmen ble&hellip;\n","protected":false},"author":2,"featured_media":54676,"comment_status":"","ping_status":"","sticky":false,"template":"","format":"standard","meta":{"footnotes":""},"categories":[5],"tags":[20,21,24,25,7060,15,19,3881,22,23,17,18,13,30,28,29,14,16,26,27],"class_list":{"0":"post-54675","1":"post","2":"type-post","3":"status-publish","4":"format-standard","5":"has-post-thumbnail","7":"category-overskrifter","8":"tag-breaking-news","9":"tag-breakingnews","10":"tag-featured-news","11":"tag-featurednews","12":"tag-granatangrepet-i-pilestredet","13":"tag-headlines","14":"tag-hovedoppslag","15":"tag-kriminelle-nettverk","16":"tag-latest-news","17":"tag-latestnews","18":"tag-main-news","19":"tag-mainnews","20":"tag-news","21":"tag-no","22":"tag-norge","23":"tag-norway","24":"tag-nyheter","25":"tag-overskrifter","26":"tag-top-stories","27":"tag-topstories"},"share_on_mastodon":{"url":"","error":""},"_links":{"self":[{"href":"https:\/\/www.europesays.com\/no\/wp-json\/wp\/v2\/posts\/54675","targetHints":{"allow":["GET"]}}],"collection":[{"href":"https:\/\/www.europesays.com\/no\/wp-json\/wp\/v2\/posts"}],"about":[{"href":"https:\/\/www.europesays.com\/no\/wp-json\/wp\/v2\/types\/post"}],"author":[{"embeddable":true,"href":"https:\/\/www.europesays.com\/no\/wp-json\/wp\/v2\/users\/2"}],"replies":[{"embeddable":true,"href":"https:\/\/www.europesays.com\/no\/wp-json\/wp\/v2\/comments?post=54675"}],"version-history":[{"count":0,"href":"https:\/\/www.europesays.com\/no\/wp-json\/wp\/v2\/posts\/54675\/revisions"}],"wp:featuredmedia":[{"embeddable":true,"href":"https:\/\/www.europesays.com\/no\/wp-json\/wp\/v2\/media\/54676"}],"wp:attachment":[{"href":"https:\/\/www.europesays.com\/no\/wp-json\/wp\/v2\/media?parent=54675"}],"wp:term":[{"taxonomy":"category","embeddable":true,"href":"https:\/\/www.europesays.com\/no\/wp-json\/wp\/v2\/categories?post=54675"},{"taxonomy":"post_tag","embeddable":true,"href":"https:\/\/www.europesays.com\/no\/wp-json\/wp\/v2\/tags?post=54675"}],"curies":[{"name":"wp","href":"https:\/\/api.w.org\/{rel}","templated":true}]}}