{"id":54699,"date":"2025-10-07T12:07:09","date_gmt":"2025-10-07T12:07:09","guid":{"rendered":"https:\/\/www.europesays.com\/no\/54699\/"},"modified":"2025-10-07T12:07:09","modified_gmt":"2025-10-07T12:07:09","slug":"turisthytta-nedbrent-helt-jaevlig-dagbladet","status":"publish","type":"post","link":"https:\/\/www.europesays.com\/no\/54699\/","title":{"rendered":"Turisthytta nedbrent: &#8211; Helt j\u00e6vlig &#8211; Dagbladet"},"content":{"rendered":"<ol>\n<li><a href=\"https:\/\/news.google.com\/rss\/articles\/CBMigAFBVV95cUxQQ3I1YnBZcEpKaGVVSlRuSEswbnR0OE14cTV0NWFMeDNJeTFjbW5zZDhYRGJyTjN0OWFUYmNfR0FZNlhSRk55eUlBVlVlLXRSc0stX2hTdC1OWUtoT3R6Sm10NHhGWUctWjVIbE5PMVY5cUNURnVCS1FCTGZCOXlweQ?oc=5\" target=\"_blank\" rel=\"nofollow noopener\">Turisthytta nedbrent: &#8211; Helt j\u00e6vlig<\/a>&nbsp;&nbsp;Dagbladet<\/li>\n<li><a href=\"https:\/\/news.google.com\/rss\/articles\/CBMiqAFBVV95cUxQdzFOLUxKU3dqWFFacFJEcXJyTTVNeXZvXy02eU9aclJ1U2lnNURpUzEzUVFtdUc0WndWUksxRnc2TWVzN182Rm9fbWZzQjdGNkRJZ1k0Y3JNUFZ6enQ2YWN6cjlMNEFTN1VQNlpWZkd5ZUVpakhUeVk5eVl0ek5ETzB5emdSdDVsV1Z1Nk9nTlpXN2s1MlllMlNkWEU3bHJUVExHbW5PR3U?oc=5\" target=\"_blank\" rel=\"nofollow noopener\">Sannidal | Et trist syn m\u00f8tte Andr\u00e9 tirsdag formiddag: \u2013 Det er et helvete, rett og slett<\/a>&nbsp;&nbsp;Krager\u00f8 Blad Vestmar<\/li>\n<li><a href=\"https:\/\/news.google.com\/rss\/articles\/CBMidkFVX3lxTE5JQ25ZSGZETjF1VzRoMWxFd2tRRFNkXzZWUl8wNFZZV1ZLQzl5bG1xam1DSHNlLWNjTkhwMk9zcmpPVlFmRmFKZ3VPdktTVFFYaGdjNlloZTg0THo2VVpBQldfcDlGcmEzWFdKdmloYktwa3V6SWc?oc=5\" target=\"_blank\" rel=\"nofollow noopener\">Turisthytte helt nedbrent<\/a>&nbsp;&nbsp;Aftenposten<\/li>\n<li><a href=\"https:\/\/news.google.com\/rss\/articles\/CBMijAFBVV95cUxNV29ScTBwaFJYTlpMOEdFS2EzRmJBUUpOdHEwbzg5VEE5Q1U2Z3RybmpkeEhLTDQzblNweWJxcEItS2xFUjRGTHhFaGNPcjdXRFNVMnZxTWZGTS1NdzZPOEVWZUwwdmxzVlVDcGk2amdjcURVVFg5aDZwd0xaaGdQbjlZV0h2Nlo0OHVueQ?oc=5\" target=\"_blank\" rel=\"nofollow noopener\">Andr\u00e9 oppdaget brannen: \u2013 Hva faen? Hytta er vekk!<\/a>&nbsp;&nbsp;varden.no<\/li>\n<li><a href=\"https:\/\/news.google.com\/rss\/articles\/CBMiakFVX3lxTE43ODkzdWU4dlpXS19HZUVEQUIybzNpWjVsSDJoUnc3bnk5TUVyNnM3V0J0Z19BRmFUU3Izd3BqUTZsdWxOWEk1VXpoVTBZS3o2YVM4LUNsZ3N1UDg0WW82SUJCQ000M3lxalE?oc=5\" target=\"_blank\" rel=\"nofollow noopener\">Hendelser, Brann | Turisthytte har brent ned<\/a>&nbsp;&nbsp;Telemarksavisa<\/li>\n<\/ol>\n","protected":false},"excerpt":{"rendered":"Turisthytta nedbrent: &#8211; Helt j\u00e6vlig&nbsp;&nbsp;Dagbladet Sannidal | Et trist syn m\u00f8tte Andr\u00e9 tirsdag formiddag: \u2013 Det er et&hellip;\n","protected":false},"author":2,"featured_media":54700,"comment_status":"","ping_status":"","sticky":false,"template":"","format":"standard","meta":{"footnotes":""},"categories":[10],"tags":[367,20,21,24,25,15,2539,2574,22,23,13,30,28,29,14,16,4005,26,27],"class_list":{"0":"post-54699","1":"post","2":"type-post","3":"status-publish","4":"format-standard","5":"has-post-thumbnail","7":"category-norge","8":"tag-brann","9":"tag-breaking-news","10":"tag-breakingnews","11":"tag-featured-news","12":"tag-featurednews","13":"tag-headlines","14":"tag-innenriks","15":"tag-kragero","16":"tag-latest-news","17":"tag-latestnews","18":"tag-news","19":"tag-no","20":"tag-norge","21":"tag-norway","22":"tag-nyheter","23":"tag-overskrifter","24":"tag-some","25":"tag-top-stories","26":"tag-topstories"},"share_on_mastodon":{"url":"","error":""},"_links":{"self":[{"href":"https:\/\/www.europesays.com\/no\/wp-json\/wp\/v2\/posts\/54699","targetHints":{"allow":["GET"]}}],"collection":[{"href":"https:\/\/www.europesays.com\/no\/wp-json\/wp\/v2\/posts"}],"about":[{"href":"https:\/\/www.europesays.com\/no\/wp-json\/wp\/v2\/types\/post"}],"author":[{"embeddable":true,"href":"https:\/\/www.europesays.com\/no\/wp-json\/wp\/v2\/users\/2"}],"replies":[{"embeddable":true,"href":"https:\/\/www.europesays.com\/no\/wp-json\/wp\/v2\/comments?post=54699"}],"version-history":[{"count":0,"href":"https:\/\/www.europesays.com\/no\/wp-json\/wp\/v2\/posts\/54699\/revisions"}],"wp:featuredmedia":[{"embeddable":true,"href":"https:\/\/www.europesays.com\/no\/wp-json\/wp\/v2\/media\/54700"}],"wp:attachment":[{"href":"https:\/\/www.europesays.com\/no\/wp-json\/wp\/v2\/media?parent=54699"}],"wp:term":[{"taxonomy":"category","embeddable":true,"href":"https:\/\/www.europesays.com\/no\/wp-json\/wp\/v2\/categories?post=54699"},{"taxonomy":"post_tag","embeddable":true,"href":"https:\/\/www.europesays.com\/no\/wp-json\/wp\/v2\/tags?post=54699"}],"curies":[{"name":"wp","href":"https:\/\/api.w.org\/{rel}","templated":true}]}}