{"id":54721,"date":"2025-10-07T12:34:11","date_gmt":"2025-10-07T12:34:11","guid":{"rendered":"https:\/\/www.europesays.com\/no\/54721\/"},"modified":"2025-10-07T12:34:11","modified_gmt":"2025-10-07T12:34:11","slug":"ordforer-alvorlig-skadet-etter-knivstikking","status":"publish","type":"post","link":"https:\/\/www.europesays.com\/no\/54721\/","title":{"rendered":"Ordf\u00f8rer alvorlig skadet etter knivstikking"},"content":{"rendered":"\n<p class=\"_lead_1994c_2 _lead_xtcu6_50 layout-component text-serif-m layout-normal text-serif-l layout-component layout-wide layout-padded _wide_17hqh_1 layout-padded\">Det melder Der Spiegel. Den nyvalgte ordf\u00f8reren i Herdecke, ble funnet i leiligheten sin med livstruende skader. <\/p>\n<p><img alt=\" Foto: Alex Talash \/ AP \/ NTB\" class=\"_image_qp4xg_65 layout-component layout-wide\" data-fullscreen- data-track-element-type=\"Article image fullscreen\" data-track-name=\"ImageFullscreen\" fetchpriority=\"high\" decoding=\"sync\" loading=\"eager\" height=\"853\" itemprop=\"image\"  src=\"https:\/\/www.europesays.com\/no\/wp-content\/uploads\/2025\/10\/f8933753-2e98-4d58-8a32-a96d4406f9ee\"  style=\"object-position:0% 0%\" width=\"1280\"\/> Foto: Alex Talash \/ AP \/ NTB<\/p>\n<ul aria-hidden=\"true\" class=\"_images_1y6fe_106\">\n<li><a class=\"_link_1y6fe_111\" href=\"https:\/\/www.vg.no\/forfatter\/kaja-marie-andreassen\" style=\"z-index:2\" title=\"Kaja Marie Andreassen\" rel=\"nofollow noopener\" target=\"_blank\"><img alt=\"Bilde av Kaja Marie Andreassen\" class=\"_image_1y6fe_88\" fetchpriority=\"low\" loading=\"lazy\" decoding=\"async\" itemprop=\"image\"  src=\"https:\/\/www.europesays.com\/no\/wp-content\/uploads\/2025\/10\/1759840449_359_f9ab1286-21d8-4f37-8c46-c914fd91234e\"  width=\"480\"\/><\/a><\/li>\n<li><a class=\"_link_1y6fe_111\" href=\"https:\/\/www.vg.no\/forfatter\/ingrid-storeboe\" style=\"z-index:1\" title=\"Ingrid Storeb\u00f8\" rel=\"nofollow noopener\" target=\"_blank\"><img alt=\"Bilde av Ingrid Storeb\u00f8\" class=\"_image_1y6fe_88\" fetchpriority=\"low\" loading=\"lazy\" decoding=\"async\" itemprop=\"image\"  src=\"https:\/\/www.europesays.com\/no\/wp-content\/uploads\/2025\/10\/1759840450_818_b3fc896d-536d-4041-8257-79b6b2cd3323\"  width=\"480\"\/><\/a><\/li>\n<\/ul>\n<p> Oppdatert tirsdag 7. oktober kl. 14:28     <\/p>\n<p class=\"_paragraph_1994c_4 _paragraph_xtcu6_10 layout-component text-serif-m layout-normal text-serif-m layout-padded\">Iris Stalzer ble nettopp valgt til ordf\u00f8rer i byen i Ruhr-regionen i omvalget 28. september. Hun skal ha blitt funnet i leiligheten sin med flere knivstikk, if\u00f8lge sikkerhetskilder til den tyske avisen Der Spiegel. <\/p>\n<p class=\"_paragraph_1994c_4 _paragraph_xtcu6_10 layout-component text-serif-m layout-normal text-serif-m layout-padded\">Bakgrunnen for ugjerningen og hvem som st\u00e5r bak, er forel\u00f8pig ukjent. Ingen skal v\u00e6re p\u00e5grepet p\u00e5 n\u00e5v\u00e6rende tidspunkt, if\u00f8lge tabloidavisen <a href=\"https:\/\/www.bild.de\/news\/grosseinsatz-in-herdecke-polizei-am-haus-von-buergermeisterin-68e4fa681de834f4da2e1a6f\" class=\"_link_1994c_39\" rel=\"nofollow noopener\" target=\"_blank\">Bild<\/a>.<\/p>\n<p class=\"_paragraph_1994c_4 _paragraph_xtcu6_10 layout-component text-serif-m layout-normal text-serif-m layout-padded\">Staltzer er 57 \u00e5r gammel og representerer partiet sosialdemokratiske SPD. Hun vant for halvannen uke siden med 52,2 prosent av stemmene. If\u00f8lge hennes nettside er hun utdannet jurist. <\/p>\n<p class=\"_paragraph_1994c_4 _paragraph_xtcu6_10 layout-component text-serif-m layout-normal text-serif-m layout-padded\">Det p\u00e5g\u00e5r en st\u00f8rre politiaksjon ved politikeren sitt hjem, skriver avisen. <\/p>\n<p class=\"_paragraph_1994c_4 _paragraph_xtcu6_10 layout-component text-serif-m layout-normal text-serif-m layout-padded\">Herdecke ligger i delstaten Nordrhein-Westfalen, vest i landet.<\/p>\n<p>Aktiver kart<\/p>\n<p class=\"_paragraph_1994c_4 _paragraph_xtcu6_10 layout-component text-serif-m layout-normal text-serif-m layout-padded\">VG har v\u00e6rt i kontakt med SPD, som p\u00e5 n\u00e5v\u00e6rende tipspunkt ikke \u00f8nsker \u00e5 kommentere saken p\u00e5 n\u00e5v\u00e6rende tidspunkt. <\/p>\n<p>    <img decoding=\"async\" alt=\"Tips oss illustrasjon\" width=\"62px\" height=\"auto\" src=\"https:\/\/www.europesays.com\/no\/wp-content\/uploads\/2025\/08\/1754784428_95_W9avJzE.png\"\/>    <\/p>\n<p class=\"title-serif-s\">Har du tips til oss?<\/p>\n<p class=\"text-sans-m\">Send oss informasjon, bilder eller video<\/p>\n<p>  <a href=\"https:\/\/www.vg.no\/tips-oss\" rel=\"nofollow noopener\" target=\"_blank\"> Tips oss <\/a>      <\/p>\n","protected":false},"excerpt":{"rendered":"Det melder Der Spiegel. Den nyvalgte ordf\u00f8reren i Herdecke, ble funnet i leiligheten sin med livstruende skader. Foto:&hellip;\n","protected":false},"author":2,"featured_media":54722,"comment_status":"","ping_status":"","sticky":false,"template":"","format":"standard","meta":{"footnotes":""},"categories":[12],"tags":[31,20,21,24,25,15,22,23,13,30,28,29,14,16,26,27,175,42,43,44,45],"class_list":{"0":"post-54721","1":"post","2":"type-post","3":"status-publish","4":"format-standard","5":"has-post-thumbnail","7":"category-verden","8":"tag-breaking","9":"tag-breaking-news","10":"tag-breakingnews","11":"tag-featured-news","12":"tag-featurednews","13":"tag-headlines","14":"tag-latest-news","15":"tag-latestnews","16":"tag-news","17":"tag-no","18":"tag-norge","19":"tag-norway","20":"tag-nyheter","21":"tag-overskrifter","22":"tag-top-stories","23":"tag-topstories","24":"tag-tyskland","25":"tag-verden","26":"tag-world","27":"tag-world-news","28":"tag-worldnews"},"share_on_mastodon":{"url":"","error":""},"_links":{"self":[{"href":"https:\/\/www.europesays.com\/no\/wp-json\/wp\/v2\/posts\/54721","targetHints":{"allow":["GET"]}}],"collection":[{"href":"https:\/\/www.europesays.com\/no\/wp-json\/wp\/v2\/posts"}],"about":[{"href":"https:\/\/www.europesays.com\/no\/wp-json\/wp\/v2\/types\/post"}],"author":[{"embeddable":true,"href":"https:\/\/www.europesays.com\/no\/wp-json\/wp\/v2\/users\/2"}],"replies":[{"embeddable":true,"href":"https:\/\/www.europesays.com\/no\/wp-json\/wp\/v2\/comments?post=54721"}],"version-history":[{"count":0,"href":"https:\/\/www.europesays.com\/no\/wp-json\/wp\/v2\/posts\/54721\/revisions"}],"wp:featuredmedia":[{"embeddable":true,"href":"https:\/\/www.europesays.com\/no\/wp-json\/wp\/v2\/media\/54722"}],"wp:attachment":[{"href":"https:\/\/www.europesays.com\/no\/wp-json\/wp\/v2\/media?parent=54721"}],"wp:term":[{"taxonomy":"category","embeddable":true,"href":"https:\/\/www.europesays.com\/no\/wp-json\/wp\/v2\/categories?post=54721"},{"taxonomy":"post_tag","embeddable":true,"href":"https:\/\/www.europesays.com\/no\/wp-json\/wp\/v2\/tags?post=54721"}],"curies":[{"name":"wp","href":"https:\/\/api.w.org\/{rel}","templated":true}]}}