{"id":54725,"date":"2025-10-07T12:41:17","date_gmt":"2025-10-07T12:41:17","guid":{"rendered":"https:\/\/www.europesays.com\/no\/54725\/"},"modified":"2025-10-07T12:41:17","modified_gmt":"2025-10-07T12:41:17","slug":"denise-richards-anklager-aaron-phypers-for-vold-og-trusler-motes-i-retten","status":"publish","type":"post","link":"https:\/\/www.europesays.com\/no\/54725\/","title":{"rendered":"Denise Richards anklager Aaron Phypers for vold og trusler: M\u00f8tes i retten"},"content":{"rendered":"<p class=\"kicker \" style=\"\">Denise Richards og Aaron Phypers:\u00a0<\/p>\n<p>  Kusina til Aaron Phypers hevder hun s\u00e5 ham kvele Denise Richards og sl\u00e5 hodet hennes mot en betongvegg.\u00a0Phypers benekter alle anklager.\u00a0<\/p>\n<p>\n    UENIGE: Denise Richards og Aaron Phypers&#8217; skilsmisse har eskalert. N\u00e5 \u00f8nsker Richards et permant bes\u00f8kforbud. Foto: Majil\/NTB\n  <\/p>\n<p>I juli ble det kjent at skuespiller og realitystjerne Denise Richards (54) skilles fra ektemannen Aaron Phypers (53). Det var Phypers som s\u00f8kte om skilsmisse, etter \u00e5 ha v\u00e6rt gift i sju \u00e5r.\u00a0<\/p>\n<p>    <a itemprop=\"url\" href=\"https:\/\/www.dagbladet.no\/kjendis\/har-anmeldt-eksmannen\/83356865\" rel=\"nofollow noopener\" target=\"_blank\"><\/p>\n<p>      <img loading=\"lazy\" decoding=\"async\" src=\"https:\/\/www.europesays.com\/no\/wp-content\/uploads\/2025\/10\/83357049.webp\" width=\"980\" height=\"441\" title=\"Har anmeldt eksmannen\" alt=\"\" class=\"lazyload\" style=\"--aspect-ratio-image: 2.22; \"\/><\/p>\n<p>        Har anmeldt eksmannen <\/p>\n<p>    <\/a><\/p>\n<p>To uker etter at skilsmissenyheten ble kjent, fikk Richards innvilget bes\u00f8ksforbud mot eksmannen, etter \u00e5 ha anklaget ham for fysisk og psykisk mishandling.\u00a0<\/p>\n<p>Phypers avviste Richards&#8217; anklager. Mandag denne uka m\u00f8ttes de nok en gang i retten, hvor Richards s\u00f8ker om permanent bes\u00f8ksforbud.\u00a0<\/p>\n<p>Kusina vitnet\t<\/p>\n<p>Det har kommet flere sjokkerende vitneforklaringer i retten, if\u00f8lge flere medier, blant annet\u00a0<a href=\"https:\/\/pagesix.com\/2025\/10\/06\/celebrity-news\/aaron-phypers-cousin-saw-him-choke-and-slam-denise-richards-against-a-wall\/\" rel=\"nofollow noopener\" target=\"_blank\">Page Six<\/a>.<\/p>\n<p>Blant dem er Phypers kusine, Kathleen McAllister, som hevder at hun s\u00e5 ham kvele Richards opp mot veggen.\u00a0\u00a0<\/p>\n<p>I tillegg til \u00e5 v\u00e6re i familie, jobbet McAllister og Phypers sammen p\u00e5 sistnevntes senter for holistisk healing i \u00e5ra 2017 til 2022.\u00a0<\/p>\n<p>          <img loading=\"lazy\" decoding=\"async\" src=\"https:\/\/www.europesays.com\/no\/wp-content\/uploads\/2025\/10\/83689708.webp\" width=\"686\" height=\"885\" title=\"BEVIS: Richards har levert inn bilder av det som skal v\u00e6re fysiske skader Phypers p\u00e5f\u00f8rte henne. Det er uvisst om dette er fra den omtalte bl\u00e5veisen i 2022, eller en annen gang. Foto: MEGA\/NTB\" alt=\"\" class=\"\" style=\"--aspect-ratio-image: 0.78; \"\/><\/p>\n<p>\n          BEVIS: Richards har levert inn bilder av det som skal v\u00e6re fysiske skader Phypers p\u00e5f\u00f8rte henne. Det er uvisst om dette er fra den omtalte bl\u00e5veisen i 2022, eller en annen gang. Foto: MEGA\/NTB\n      <\/p>\n<p>Det var p\u00e5 parkeringsplassen til senteret at McAllister hevder hun s\u00e5 mishandlingen.\u00a0<\/p>\n<p>&#8211; Han kvalte henne og hodet hennes smalt inn i veggen, noe som ga henne en hjernerystelse. Hun var lei seg, i smerter og desorientert. Jeg var redd for at hun kunne d\u00f8, sa McAllister p\u00e5 videolink.<\/p>\n<p>Kusina minnes at mishandlingen skal ha blitt verre i m\u00e5nedene januar til mai 2022. Allerede i starten av \u00e5ret skal Phypers angivelig ha gitt Richards en bl\u00e5veis.\u00a0<\/p>\n<p>        SKADET: En av jegerne i \u00abJaget\u00bb skader seg i jakten p\u00e5 Christina Vukicevic og Tarjei B\u00f8. N\u00e5 m\u00e5 han operere. Video: TVNorge\/ Thea Hope\/ R\u00f8d L\u00f8per<\/p>\n<p>&#8211; Jeg s\u00e5 Aaron sl\u00e5 Denise, og hun fikk umiddelbart en bl\u00e5veis. Jeg er fortsatt i sjokk over det, fortalte kusina.<\/p>\n<p>If\u00f8lge McAllister var ogs\u00e5 hun redd for Phypers.\u00a0<\/p>\n<p>&#8211; Han ble forbanna og truet med at hvis vi sa ting videre, s\u00e5 ville han drepe oss alle. Han misbrukte empatien v\u00e5r, samtidig som mishandlingen ble verre gjennom \u00e5ra.<\/p>\n<p>Tok til t\u00e5rene\u00a0\t<\/p>\n<p>Richards ble sv\u00e6rt emosjonell da hun beskrev den p\u00e5st\u00e5tte mishandlingen i retten. Det skriver <a href=\"https:\/\/people.com\/denise-richards-breaks-down-in-court-claims-aaron-phypers-almost-killed-me-11824711\" rel=\"nofollow noopener\" target=\"_blank\">People<\/a>.\u00a0<\/p>\n<p>    <a itemprop=\"url\" href=\"https:\/\/www.dagbladet.no\/kjendis\/overrasket-etter-bruddet\/83688367\" rel=\"nofollow noopener\" target=\"_blank\"><\/p>\n<p>      <img loading=\"lazy\" decoding=\"async\" src=\"https:\/\/www.europesays.com\/no\/wp-content\/uploads\/2025\/10\/83688390.webp\" width=\"980\" height=\"441\" title=\"Overrasket etter bruddet\" alt=\"\" class=\"lazyload\" style=\"--aspect-ratio-image: 2.22; \"\/><\/p>\n<p>        Overrasket etter bruddet<\/p>\n<p>    <\/a><\/p>\n<p>Hun hevdet blant annet at Phypers ofte truet med \u00e5 kaste henne ut av vinduer og balkonger p\u00e5 hotell.\u00a0<\/p>\n<p>&#8211; Det var mange ganger at han nesten drepte meg, fortalte hun.\u00a0<\/p>\n<p>Richards gikk deretter i detalj p\u00e5 hva som skjedde da forholdet tok slutt i juli. Phypers skal ha blitt sv\u00e6rt aggressiv under krangelen, noe som gjorde henne redd.\u00a0<\/p>\n<p>          <img loading=\"lazy\" decoding=\"async\" src=\"https:\/\/www.europesays.com\/no\/wp-content\/uploads\/2025\/10\/83689768.webp\" width=\"686\" height=\"714\" title=\"AVVISER: Aaron Phypers mener det ikke har v\u00e6rt noe mishandling i det sju \u00e5r lange ekteskapet. Foto: Shutterstock\/NTB\" alt=\"\" class=\"\" style=\"--aspect-ratio-image: 0.96; \"\/><\/p>\n<p>\n          AVVISER: Aaron Phypers mener det ikke har v\u00e6rt noe mishandling i det sju \u00e5r lange ekteskapet. Foto: Shutterstock\/NTB\n      <\/p>\n<p>&#8211; Jeg f\u00f8lte meg s\u00e5rbar, redd og lei meg. Han skremte meg. Han er mye st\u00f8rre enn meg.\u00a0<\/p>\n<p>Dagen etter bruddet skal Phypers, sammen med faren sin, ha truet Richards med \u00e5 dele nakenbilder av henne.\u00a0<\/p>\n<p>Avviser alt\t<\/p>\n<p>Blant anklagene hevder Richards at Phypers stadig kvalte henne, slo henne i ansiktet, slo hodet hennes i h\u00e5ndklestativet, truet med \u00e5 kvele henne og holdt henne hardt nede.\u00a0<\/p>\n<p>Phypers har avvist ekskonas anklager blankt. Han mener at hun har angrepet og trakassert ham flere ganger.\u00a0<\/p>\n<p>        INNR\u00d8MMER: Da Fetisha Williams gjestet podkasten \u00abRealitycheck\u00bb avsl\u00f8rte hun hva som m\u00e5tte til for \u00e5 forsones med eks-venninna Sophie Elise. N\u00e5 innr\u00f8mmer hun at hun l\u00f8y. Video: Sanne Holt\/ Thea Hope\/ R\u00f8d L\u00f8per<\/p>\n<p>&#8211; Jeg har aldri fysisk eller psykisk mishandlet Denise, eller noen andre. Disse anklagene er falske og dypt s\u00e5rende. Denise og jeg har, som mange andre par, hatt v\u00e5re uenigheter. Men enhver antydning om mishandling er usann, uttalte han kort tid etter de f\u00f8rste anklagene ble kjent.<\/p>\n","protected":false},"excerpt":{"rendered":"Denise Richards og Aaron Phypers:\u00a0 Kusina til Aaron Phypers hevder hun s\u00e5 ham kvele Denise Richards og sl\u00e5&hellip;\n","protected":false},"author":2,"featured_media":54726,"comment_status":"","ping_status":"","sticky":false,"template":"","format":"standard","meta":{"footnotes":""},"categories":[12],"tags":[6239,20,21,4633,24,25,15,479,22,23,13,30,28,29,14,16,26,27,42,43,44,45],"class_list":{"0":"post-54725","1":"post","2":"type-post","3":"status-publish","4":"format-standard","5":"has-post-thumbnail","7":"category-verden","8":"tag-aaron-phypers","9":"tag-breaking-news","10":"tag-breakingnews","11":"tag-denise-richards","12":"tag-featured-news","13":"tag-featurednews","14":"tag-headlines","15":"tag-kjendis","16":"tag-latest-news","17":"tag-latestnews","18":"tag-news","19":"tag-no","20":"tag-norge","21":"tag-norway","22":"tag-nyheter","23":"tag-overskrifter","24":"tag-top-stories","25":"tag-topstories","26":"tag-verden","27":"tag-world","28":"tag-world-news","29":"tag-worldnews"},"share_on_mastodon":{"url":"","error":""},"_links":{"self":[{"href":"https:\/\/www.europesays.com\/no\/wp-json\/wp\/v2\/posts\/54725","targetHints":{"allow":["GET"]}}],"collection":[{"href":"https:\/\/www.europesays.com\/no\/wp-json\/wp\/v2\/posts"}],"about":[{"href":"https:\/\/www.europesays.com\/no\/wp-json\/wp\/v2\/types\/post"}],"author":[{"embeddable":true,"href":"https:\/\/www.europesays.com\/no\/wp-json\/wp\/v2\/users\/2"}],"replies":[{"embeddable":true,"href":"https:\/\/www.europesays.com\/no\/wp-json\/wp\/v2\/comments?post=54725"}],"version-history":[{"count":0,"href":"https:\/\/www.europesays.com\/no\/wp-json\/wp\/v2\/posts\/54725\/revisions"}],"wp:featuredmedia":[{"embeddable":true,"href":"https:\/\/www.europesays.com\/no\/wp-json\/wp\/v2\/media\/54726"}],"wp:attachment":[{"href":"https:\/\/www.europesays.com\/no\/wp-json\/wp\/v2\/media?parent=54725"}],"wp:term":[{"taxonomy":"category","embeddable":true,"href":"https:\/\/www.europesays.com\/no\/wp-json\/wp\/v2\/categories?post=54725"},{"taxonomy":"post_tag","embeddable":true,"href":"https:\/\/www.europesays.com\/no\/wp-json\/wp\/v2\/tags?post=54725"}],"curies":[{"name":"wp","href":"https:\/\/api.w.org\/{rel}","templated":true}]}}