{"id":54739,"date":"2025-10-07T12:59:11","date_gmt":"2025-10-07T12:59:11","guid":{"rendered":"https:\/\/www.europesays.com\/no\/54739\/"},"modified":"2025-10-07T12:59:11","modified_gmt":"2025-10-07T12:59:11","slug":"blommenholm-baerum-tone-damli-krasjet","status":"publish","type":"post","link":"https:\/\/www.europesays.com\/no\/54739\/","title":{"rendered":"Blommenholm, B\u00e6rum | Tone Damli krasjet"},"content":{"rendered":"\n<p>Artist Tone Damli (37) fra Blommenholm hadde en skikkelig bl\u00e5mandag. Hendelsen, som fant sted mandag ettermiddag, delte hun selv med sine f\u00f8lgere p\u00e5 Snapchat.<\/p>\n<p>\u2013 Jeg har nettopp krasjet bilen, sier hun i innlegget.<\/p>\n<p><a href=\"https:\/\/www.vg.no\/rampelys\/i\/W0Qvqr\/tone-damli-ubehagelig\" rel=\"Follow nofollow noopener\" target=\"_blank\">VG<\/a> omtalte saken f\u00f8rst.<\/p>\n<p>Damli beskriver situasjonen som ubehagelig og forteller om den umiddelbare reaksjonen.<\/p>\n<p>\u2013 Pulsen begynner \u00e5 g\u00e5 litt ned n\u00e5, men jeg blir litt s\u00e5nn \u00abshaky\u00bb og uvel av det, forteller hun videre.<\/p>\n<p>Hun understreker imidlertid at til tross for sjokket, har det g\u00e5tt bra med b\u00e5de henne og de andre involverte i ulykken. Damli har ikke delt bilder av bilen, men opplyser at hun har v\u00e6rt i kontakt med forsikringsselskapet.<\/p>\n<p>\u2013 Jeg er oppgitt over meg selv, innr\u00f8mmer artisten, men legger samtidig til at det kunne ha g\u00e5tt mye verre.<\/p>\n<p>Det er forel\u00f8pig uklart hvor ulykken fant sted. Budstikka har fors\u00f8kt \u00e5 f\u00e5 en kommentar fra hennes manager David Eriksen. Han har ikke besvart henvendelsen.<\/p>\n<p>  <a href=\"https:\/\/www.budstikka.no\/5-55-2073120\" class=\"related-teaser has-image default-story-teaser article--c-eRUmMG article--c-eRUmMG-jKCPdD-design-default\" rel=\"nofollow noopener\" target=\"_blank\"><\/p>\n<p>    <img decoding=\"async\" loading=\"lazy\"  src=\"https:\/\/www.europesays.com\/no\/wp-content\/uploads\/2025\/09\/NTB_urR69ccuJBo.jpg\" alt=\"\" class=\"brick-c-cFOWSL\" style=\"\"\/><\/p>\n<p>\n            Les ogs\u00e5<\/p>\n<p>              Tone Damli blir ny detektiv i \u00abMaskorama\u00bb\n        <\/p>\n<p>  <\/a><\/p>\n","protected":false},"excerpt":{"rendered":"Artist Tone Damli (37) fra Blommenholm hadde en skikkelig bl\u00e5mandag. Hendelsen, som fant sted mandag ettermiddag, delte hun&hellip;\n","protected":false},"author":2,"featured_media":54740,"comment_status":"","ping_status":"","sticky":false,"template":"","format":"standard","meta":{"footnotes":""},"categories":[58],"tags":[36,997,3578,71,30,28,29,223,1510,941,72],"class_list":{"0":"post-54739","1":"post","2":"type-post","3":"status-publish","4":"format-standard","5":"has-post-thumbnail","7":"category-underholdning","8":"tag-art","9":"tag-baerum","10":"tag-blommenholm","11":"tag-entertainment","12":"tag-no","13":"tag-norge","14":"tag-norway","15":"tag-samferdsel","16":"tag-story","17":"tag-ulykker-og-hendelser","18":"tag-underholdning"},"share_on_mastodon":{"url":"","error":""},"_links":{"self":[{"href":"https:\/\/www.europesays.com\/no\/wp-json\/wp\/v2\/posts\/54739","targetHints":{"allow":["GET"]}}],"collection":[{"href":"https:\/\/www.europesays.com\/no\/wp-json\/wp\/v2\/posts"}],"about":[{"href":"https:\/\/www.europesays.com\/no\/wp-json\/wp\/v2\/types\/post"}],"author":[{"embeddable":true,"href":"https:\/\/www.europesays.com\/no\/wp-json\/wp\/v2\/users\/2"}],"replies":[{"embeddable":true,"href":"https:\/\/www.europesays.com\/no\/wp-json\/wp\/v2\/comments?post=54739"}],"version-history":[{"count":0,"href":"https:\/\/www.europesays.com\/no\/wp-json\/wp\/v2\/posts\/54739\/revisions"}],"wp:featuredmedia":[{"embeddable":true,"href":"https:\/\/www.europesays.com\/no\/wp-json\/wp\/v2\/media\/54740"}],"wp:attachment":[{"href":"https:\/\/www.europesays.com\/no\/wp-json\/wp\/v2\/media?parent=54739"}],"wp:term":[{"taxonomy":"category","embeddable":true,"href":"https:\/\/www.europesays.com\/no\/wp-json\/wp\/v2\/categories?post=54739"},{"taxonomy":"post_tag","embeddable":true,"href":"https:\/\/www.europesays.com\/no\/wp-json\/wp\/v2\/tags?post=54739"}],"curies":[{"name":"wp","href":"https:\/\/api.w.org\/{rel}","templated":true}]}}