{"id":54750,"date":"2025-10-07T13:11:16","date_gmt":"2025-10-07T13:11:16","guid":{"rendered":"https:\/\/www.europesays.com\/no\/54750\/"},"modified":"2025-10-07T13:11:16","modified_gmt":"2025-10-07T13:11:16","slug":"voldtektssiktet-syrer-pagrepet-pa-rommen-i-bosnia","status":"publish","type":"post","link":"https:\/\/www.europesays.com\/no\/54750\/","title":{"rendered":"Voldtektssiktet syrer p\u00e5grepet p\u00e5 r\u00f8mmen i Bosnia"},"content":{"rendered":"<p><strong>Den 24 \u00e5r gamle syreren Mohammad Faysal Alabbu, som i september r\u00f8mte fra \u00c5na fengsel, er n\u00e5 p\u00e5grepet i Bosnia. Alabbu satt i varetekt, siktet for en brutal gruppevoldtekt i Stavanger natt til 26. juli.<\/strong><\/p>\n<p>Det bekrefter politiadvokat Fredrik Martin Soma i S\u00f8r-Vest politidistrikt til <a href=\"https:\/\/www.fvn.no\/nyheter\/lokalt\/i\/Xjvqro\/voldtektssiktet-roemling-paagrepet-i-bosnia\" rel=\"nofollow noopener\" target=\"_blank\">F\u00e6drelandsvennen<\/a>.<\/p>\n<p><strong>Ble profilert som integreringssuksess<\/strong><\/p>\n<p>Mohammad Faysal Alabbu kom til Norge som flyktning fra Syria. Han ble l\u00f8ftet frem som en \u00abintegreringssuksess\u00bb i magasinet Kommunespeilet, utgitt av KS. Familien ble der omtalt som et forbilde for vellykket integrering p\u00e5 J\u00e6ren, med m\u00e5l om \u00e5 \u00abinspirere, synliggj\u00f8re mangfoldet og vise de gode eksemplene\u00bb.<\/p>\n<p>Flere \u00e5r senere er situasjonen en helt annen. <\/p>\n<p>Alabbu er siktet for en av de mest alvorlige forbrytelsene i norsk straffelov, og ble internasjonalt etterlyst etter \u00e5 ha r\u00f8mt fra varetekt. Han er n\u00e5 p\u00e5grepet utenfor Norges grenser etter over to uker p\u00e5 r\u00f8mmen.<\/p>\n<p>R\u00f8mningen skjedde 23. september fra \u00c5na fengsel p\u00e5 J\u00e6ren \u2013 et h\u00f8ysikkerhetsfengsel. Han var da varetektsfengslet for grov voldtekt, men hadde ingen restriksjoner p\u00e5 bes\u00f8k eller kommunikasjon med omverdenen.<\/p>\n<p><strong>Les ogs\u00e5: <a href=\"https:\/\/inyheter.no\/24\/09\/2025\/romte-fra-fengsel-siktet-for-gruppevoldtekt\/\" rel=\"nofollow noopener\" target=\"_blank\">Syrer r\u00f8mte fra fengsel \u2013 siktet for gruppevoldtekt<\/a><\/strong><\/p>\n<p><strong>Politiet: \u2013 Ikke ansett som farlig for allmennheten<\/strong><\/p>\n<p>Politiet mistenker at han fikk hjelp til \u00e5 komme seg ut av landet, og en mann fra S\u00f8rlandet er n\u00e5 siktet for \u00e5 ha gitt ham husly under flukten, if\u00f8lge <a href=\"https:\/\/www.nrk.no\/rogaland\/mann-som-romte-fra-ana-fengsel-paagrepet-i-bosnia-1.17387077\" rel=\"nofollow noopener\" target=\"_blank\">NRK<\/a>.<\/p>\n<p>Alabbu er siktet for \u00e5 ha voldtatt en kvinne i 20-\u00e5rene sammen med en annen mann natt til 26. juli. If\u00f8lge politiet skal forn\u00e6rmede ha blitt tatt med i bilen deres mot sin vilje og voldtatt p\u00e5 et avsidesliggende sted i Stavanger. Retten har to ganger konkludert med at det foreligger skjellig grunn til mistanke \u2013 alts\u00e5 at det er mer sannsynlig enn ikke at de er skyldige.<\/p>\n<p>Strafferammen for grov voldtekt er opptil 15 \u00e5rs fengsel.<\/p>\n<p>Til tross for den alvorlige siktelsen, uttalte politiadvokat Soma tidligere at Alabbu ikke ble ansett som farlig for allmennheten. Samtidig beskrev han handlingene han er siktet for som \u00abnoe av det mest alvorlige man kan v\u00e6re siktet for\u00bb.<\/p>\n<p><strong>If\u00f8lge Soma skal Alabbu n\u00e5 utleveres til Norge. Prosessen h\u00e5ndteres gjennom internasjonalt samarbeid mellom norsk og bosnisk politi, men detaljer om tidsl\u00f8pet er ikke kjent.<\/strong><\/p>\n","protected":false},"excerpt":{"rendered":"Den 24 \u00e5r gamle syreren Mohammad Faysal Alabbu, som i september r\u00f8mte fra \u00c5na fengsel, er n\u00e5 p\u00e5grepet&hellip;\n","protected":false},"author":2,"featured_media":54751,"comment_status":"","ping_status":"","sticky":false,"template":"","format":"standard","meta":{"footnotes":""},"categories":[5],"tags":[20,21,24,25,15,19,4232,4233,8250,22,23,17,18,13,30,28,29,14,16,26,27,2589],"class_list":{"0":"post-54750","1":"post","2":"type-post","3":"status-publish","4":"format-standard","5":"has-post-thumbnail","7":"category-overskrifter","8":"tag-breaking-news","9":"tag-breakingnews","10":"tag-featured-news","11":"tag-featurednews","12":"tag-headlines","13":"tag-hovedoppslag","14":"tag-innvandring","15":"tag-integrering","16":"tag-internasjonal-etterlysning","17":"tag-latest-news","18":"tag-latestnews","19":"tag-main-news","20":"tag-mainnews","21":"tag-news","22":"tag-no","23":"tag-norge","24":"tag-norway","25":"tag-nyheter","26":"tag-overskrifter","27":"tag-top-stories","28":"tag-topstories","29":"tag-voldtekt"},"share_on_mastodon":{"url":"","error":""},"_links":{"self":[{"href":"https:\/\/www.europesays.com\/no\/wp-json\/wp\/v2\/posts\/54750","targetHints":{"allow":["GET"]}}],"collection":[{"href":"https:\/\/www.europesays.com\/no\/wp-json\/wp\/v2\/posts"}],"about":[{"href":"https:\/\/www.europesays.com\/no\/wp-json\/wp\/v2\/types\/post"}],"author":[{"embeddable":true,"href":"https:\/\/www.europesays.com\/no\/wp-json\/wp\/v2\/users\/2"}],"replies":[{"embeddable":true,"href":"https:\/\/www.europesays.com\/no\/wp-json\/wp\/v2\/comments?post=54750"}],"version-history":[{"count":0,"href":"https:\/\/www.europesays.com\/no\/wp-json\/wp\/v2\/posts\/54750\/revisions"}],"wp:featuredmedia":[{"embeddable":true,"href":"https:\/\/www.europesays.com\/no\/wp-json\/wp\/v2\/media\/54751"}],"wp:attachment":[{"href":"https:\/\/www.europesays.com\/no\/wp-json\/wp\/v2\/media?parent=54750"}],"wp:term":[{"taxonomy":"category","embeddable":true,"href":"https:\/\/www.europesays.com\/no\/wp-json\/wp\/v2\/categories?post=54750"},{"taxonomy":"post_tag","embeddable":true,"href":"https:\/\/www.europesays.com\/no\/wp-json\/wp\/v2\/tags?post=54750"}],"curies":[{"name":"wp","href":"https:\/\/api.w.org\/{rel}","templated":true}]}}