{"id":54781,"date":"2025-10-07T14:00:12","date_gmt":"2025-10-07T14:00:12","guid":{"rendered":"https:\/\/www.europesays.com\/no\/54781\/"},"modified":"2025-10-07T14:00:12","modified_gmt":"2025-10-07T14:00:12","slug":"ulrikke-brandstorp-avslorer-tarevat-nyhet-forlater-bakemesterskapet","status":"publish","type":"post","link":"https:\/\/www.europesays.com\/no\/54781\/","title":{"rendered":"Ulrikke Brandstorp avsl\u00f8rer t\u00e5rev\u00e5t nyhet: Forlater bakemesterskapet"},"content":{"rendered":"<p class=\"kicker \" style=\"\">Ulrikke Brandstorp:\u00a0<\/p>\n<p>  Programlederen deler en trist nyhet i en t\u00e5rev\u00e5t video p\u00e5 Instagram.<\/p>\n<p>\n    SLUTT: Ulrikke Brandstorp deler en trist beskjed med f\u00f8lgerne sine tirsdag ettermiddag. Foto. Andreas Fadum \/ Se og H\u00f8r\n  <\/p>\n<p>\u00abDet ble dessverre s\u00e5nn jeg fryktet\u00bb, skriver artist og programleder Ulrikke Brandstorp (30) p\u00e5 <a href=\"https:\/\/www.instagram.com\/p\/DPgii_djLls\/\" rel=\"nofollow noopener\" target=\"_blank\">Instagram<\/a>.\u00a0<\/p>\n<p class=\"font-weight-bold m-font-weight-bold\" data-lab-font_weight=\"font-weight-bold\">Hun bekrefter med det at hun ikke vil v\u00e6re programleder for den kommende sesongen av \u00abBakemesterskapet\u00bb. Hun har v\u00e6rt programleder for begge de forrige sesongene.\u00a0<\/p>\n<p>          <img loading=\"lazy\" decoding=\"async\" src=\"https:\/\/www.europesays.com\/no\/wp-content\/uploads\/2025\/10\/83691284.webp\" width=\"686\" height=\"652\" title=\"TRIST: Ulrikke Brandstorp holder ikke tilbake p\u00e5 Instagram, hvor hun deler en t\u00e5rev\u00e5t video om at hun ikke f\u00e5r fortsette i programlederjobben. Foto: Instagram \/ @ulrikkeofficial\" alt=\"\" class=\"\" style=\"--aspect-ratio-image: 1.05; \"\/><\/p>\n<p>\n          TRIST: Ulrikke Brandstorp holder ikke tilbake p\u00e5 Instagram, hvor hun deler en t\u00e5rev\u00e5t video om at hun ikke f\u00e5r fortsette i programlederjobben. Foto: Instagram \/ @ulrikkeofficial\n      <\/p>\n<p> I mai ble hun br\u00e5tt satt i f\u00f8dsel <a href=\"https:\/\/www.dagbladet.no\/kjendis\/ringte-nrk-jeg-foder\/83188136\" rel=\"nofollow noopener\" target=\"_blank\">to m\u00e5neder f\u00f8r termin<\/a>. Hun forteller n\u00e5 at hun den gang var livredd for at det skulle g\u00e5 utover jobben i NRK-programmet.\u00a0\u00a0<\/p>\n<p>    <a itemprop=\"url\" href=\"https:\/\/www.dagbladet.no\/kjendis\/spydde-over-hele-senga\/83496970\" rel=\"nofollow noopener\" target=\"_blank\"><\/p>\n<p>      <img loading=\"lazy\" decoding=\"async\" src=\"https:\/\/www.europesays.com\/no\/wp-content\/uploads\/2025\/10\/83497690.webp\" width=\"980\" height=\"441\" title=\"- Spydde over hele senga\" alt=\"\" class=\"lazyload\" style=\"--aspect-ratio-image: 2.22; \"\/><\/p>\n<p>        &#8211; Spydde over hele senga<\/p>\n<p>    <\/a><\/p>\n<p class=\"font-weight-bold m-font-weight-bold\" data-lab-font_weight=\"font-weight-bold\"> \u00abJeg tekstet derfor produksjonen under og etter f\u00f8dselen for \u00e5 gi beskjed om at jeg kunne m\u00f8te opp til innspilling dagen etterp\u00e5\u00bb.<\/p>\n<p>Hun forteller i videoen at hun var villig til \u00e5 m\u00f8te opp dagen etter hun f\u00f8dte for \u00e5 lede programmet. Slik ble det ikke, og det ble <a href=\"https:\/\/www.dagbladet.no\/kjendis\/na-er-erstatteren-klar\/83060042\" rel=\"nofollow noopener\" target=\"_blank\">Julie Str\u00f8msv\u00e5g (43)<\/a> som steppet inn i programmets tredje sesong.\u00a0\u00a0<\/p>\n<p class=\"font-weight-bold m-font-weight-bold\" data-lab-font_weight=\"font-weight-bold\">N\u00e5 bekrefter Kristin Ytre-Arne, programredakt\u00f8r i NRK Vest at det er Str\u00f8msv\u00e5g som skal fortsette som programleder i programmets fjerde sesong.\u00a0<\/p>\n<p>          <img loading=\"lazy\" decoding=\"async\" src=\"https:\/\/www.europesays.com\/no\/wp-content\/uploads\/2025\/10\/82785023.webp\" width=\"980\" height=\"559\" title=\"ERSTATTER: Julie Str\u00f8msv\u00e5g ble erstatteren som programleder i \u00abBakermesterskapet\u00bb, etter at Ulriklke Brandstorp f\u00f8dte. Foto: Bj\u00f8rn Langsem \/ Dagbladet\" alt=\"\" class=\"\" style=\"--aspect-ratio-image: 1.75; \"\/><\/p>\n<p>\n          ERSTATTER: Julie Str\u00f8msv\u00e5g ble erstatteren som programleder i \u00abBakermesterskapet\u00bb, etter at Ulriklke Brandstorp f\u00f8dte. Foto: Bj\u00f8rn Langsem \/ Dagbladet\n      <\/p>\n<p class=\"font-weight-bold m-font-weight-bold\" data-lab-font_weight=\"font-weight-bold\"> \u00abVi skj\u00f8nner godt at Ulrikke er skuffet og lei seg for at vi ikke g\u00e5r videre med henne n\u00e5 og vil takke henne\u00a0for den formidable innsatsen hun har gjort for \u00e5 gj\u00f8re Bakemesterskapet s\u00e5 popul\u00e6rt som det har blitt gjennom to sesonger\u00bb, skriver hun i en e-post til Dagbladet.\u00a0<\/p>\n<p class=\"font-weight-bold m-font-weight-bold\" data-lab-font_weight=\"font-weight-bold\"> Ytre-Arne forklarer utskiftingen med at de \u00f8nsker \u00e5 fornye \u00abBakemesterskapet\u00bb.\u00a0<\/p>\n<p class=\"font-weight-bold m-font-weight-bold\" data-lab-font_weight=\"font-weight-bold\"> De beskriver b\u00e5de Brandstorp og Str\u00f8msv\u00e5g som sterke profiler med ulik signatur, utstr\u00e5ling og personlighet. If\u00f8lge kanalen gir overgangen \u00aben fornyelse som kler formatet\u00bb, samtidig som de takker Brandstorp for den formidable innsatsen hun har lagt ned gjennom to sesonger. <\/p>\n<p>&#8211; F\u00f8les ekstra vondt\t<\/p>\n<p class=\"font-weight-bold m-font-weight-bold\" data-lab-font_weight=\"font-weight-bold\"> \u00abPrinsen i magen meldte sin ankomst i natt, to m\u00e5neder f\u00f8r termin med styrtf\u00f8dsel midt i innspillingen av Bakemesterskapet\u00bb, delte Brandstorp p\u00e5\u00a0<a href=\"https:\/\/www.instagram.com\/p\/DJG6alqiCVM\/?utm_source=ig_web_copy_link&amp;igsh=MzRlODBiNWFlZA==\" rel=\"nofollow noopener\" target=\"_blank\">Instagram<\/a>\u00a0den gangen. <\/p>\n<p>Brandstorp at hun har forst\u00e5else for at NRK-programmet vil pr\u00f8ve noe nytt, men hevder at avgj\u00f8relsen ble tatt uten \u00e5 involvere henne.<\/p>\n<p>          <img loading=\"lazy\" decoding=\"async\" src=\"https:\/\/www.europesays.com\/no\/wp-content\/uploads\/2025\/10\/83020608.webp\" width=\"686\" height=\"460\" title=\"I TELTET: Ulrikke Brandstorp og deltaker Bawer Abbasi i Bakemesterskapet sesong 2 p\u00e5 NRK. Foto: LK Steen\/NRK\" alt=\"\" class=\"\" style=\"--aspect-ratio-image: 1.49; \"\/><\/p>\n<p>\n          I TELTET: Ulrikke Brandstorp og deltaker Bawer Abbasi i Bakemesterskapet sesong 2 p\u00e5 NRK. Foto: LK Steen\/NRK\n      <\/p>\n<p class=\"font-weight-bold m-font-weight-bold\" data-lab-font_weight=\"font-weight-bold\"> \u00abJeg har forst\u00e5else for at man \u00f8nsker \u00e5 fornye konsepter og at programlederrollen ikke var min for alltid, men det f\u00f8les ekstra vondt og skuffende \u00e5 ikke f\u00e5 gj\u00f8re en ny sesong, da avgj\u00f8relsen om \u00e5 ikke gjennomf\u00f8re etter f\u00f8dsel ble tatt av andre enn Timotheus og meg\u00bb. <\/p>\n<p class=\"italic m-italic\" data-lab-italic=\"italic\">Dagbladet har fors\u00f8kt Ulrikke Brandstorp for en kommentar, forel\u00f8pig uten hell.\u00a0<\/p>\n<p class=\"italic m-italic\" data-lab-italic=\"italic\">Heller ikke NRK har besvart Dagbladets henvendelse.\u00a0<\/p>\n<p><script async src=\"\/\/www.instagram.com\/embed.js\"><\/script><\/p>\n","protected":false},"excerpt":{"rendered":"Ulrikke Brandstorp:\u00a0 Programlederen deler en trist nyhet i en t\u00e5rev\u00e5t video p\u00e5 Instagram. SLUTT: Ulrikke Brandstorp deler en&hellip;\n","protected":false},"author":2,"featured_media":54782,"comment_status":"","ping_status":"","sticky":false,"template":"","format":"standard","meta":{"footnotes":""},"categories":[5],"tags":[8256,20,21,24,25,15,19,479,22,23,17,18,13,30,28,29,14,16,26,27,4388],"class_list":{"0":"post-54781","1":"post","2":"type-post","3":"status-publish","4":"format-standard","5":"has-post-thumbnail","7":"category-overskrifter","8":"tag-bakemesterskapet","9":"tag-breaking-news","10":"tag-breakingnews","11":"tag-featured-news","12":"tag-featurednews","13":"tag-headlines","14":"tag-hovedoppslag","15":"tag-kjendis","16":"tag-latest-news","17":"tag-latestnews","18":"tag-main-news","19":"tag-mainnews","20":"tag-news","21":"tag-no","22":"tag-norge","23":"tag-norway","24":"tag-nyheter","25":"tag-overskrifter","26":"tag-top-stories","27":"tag-topstories","28":"tag-ulrikke-brandstorp"},"share_on_mastodon":{"url":"","error":""},"_links":{"self":[{"href":"https:\/\/www.europesays.com\/no\/wp-json\/wp\/v2\/posts\/54781","targetHints":{"allow":["GET"]}}],"collection":[{"href":"https:\/\/www.europesays.com\/no\/wp-json\/wp\/v2\/posts"}],"about":[{"href":"https:\/\/www.europesays.com\/no\/wp-json\/wp\/v2\/types\/post"}],"author":[{"embeddable":true,"href":"https:\/\/www.europesays.com\/no\/wp-json\/wp\/v2\/users\/2"}],"replies":[{"embeddable":true,"href":"https:\/\/www.europesays.com\/no\/wp-json\/wp\/v2\/comments?post=54781"}],"version-history":[{"count":0,"href":"https:\/\/www.europesays.com\/no\/wp-json\/wp\/v2\/posts\/54781\/revisions"}],"wp:featuredmedia":[{"embeddable":true,"href":"https:\/\/www.europesays.com\/no\/wp-json\/wp\/v2\/media\/54782"}],"wp:attachment":[{"href":"https:\/\/www.europesays.com\/no\/wp-json\/wp\/v2\/media?parent=54781"}],"wp:term":[{"taxonomy":"category","embeddable":true,"href":"https:\/\/www.europesays.com\/no\/wp-json\/wp\/v2\/categories?post=54781"},{"taxonomy":"post_tag","embeddable":true,"href":"https:\/\/www.europesays.com\/no\/wp-json\/wp\/v2\/tags?post=54781"}],"curies":[{"name":"wp","href":"https:\/\/api.w.org\/{rel}","templated":true}]}}