{"id":54911,"date":"2025-10-07T16:21:09","date_gmt":"2025-10-07T16:21:09","guid":{"rendered":"https:\/\/www.europesays.com\/no\/54911\/"},"modified":"2025-10-07T16:21:09","modified_gmt":"2025-10-07T16:21:09","slug":"sport-heidi-weng-skal-aldri-si-aldri","status":"publish","type":"post","link":"https:\/\/www.europesays.com\/no\/54911\/","title":{"rendered":"Sport, Heidi Weng | \u2013 Skal aldri si aldri"},"content":{"rendered":"\n<p>I et intervju med NTB under treningssamling med langrennslandslaget p\u00e5 Mosetertoppen snakker Weng om gleden ved l\u00f8ping og lysten om \u00e5 sette gode tider p\u00e5 friidrettsbanen.<\/p>\n<p>Hun g\u00e5r langt i \u00e5 antyde at det kan bli mer l\u00f8ping og mindre langrenn i \u00e5rene som kommer \u2013 i hvert fall hvis hun skal satse helt mot OL i 2030.<\/p>\n<p>\u2013 Jeg tror ikke jeg har motivasjonen til det (OL om fem \u00e5r). Da kunne jeg p\u00e5 en m\u00e5te ikke ha v\u00e6rt 100 prosent skil\u00f8per. Jeg synes det er g\u00f8y \u00e5 konkurrere, og jeg tror ikke at jeg blir lei av det med det f\u00f8rste. Men jeg kjenner at det \u00e5 skulle stort sett v\u00e6re borte to uker i m\u00e5neden, det frister ikke i fire \u00e5r. Du skal aldri si aldri, alts\u00e5, men jeg blir overrasket hvis jeg er der.<\/p>\n<p>Weng vil v\u00e6re 38 \u00e5r n\u00e5r OL arrangeres i De franske alpene i 2030.<\/p>\n<p>Jakter p\u00e5 tider<\/p>\n<p>Kommende sesong er OL i Italia det store m\u00e5let. \u00c5ret etter kommer ski-VM i Falun, men Weng har ikke tenkt s\u00e5 langt enn\u00e5.<\/p>\n<p>\u2013 Jeg tar \u00e9n sesong om gangen. Det er liksom i \u00e5r, og s\u00e5 f\u00e5r jeg se hvordan situasjonen min er etter denne sesongen. Jeg har veldig lyst til \u00e5 v\u00e6re med p\u00e5 litt l\u00f8p, og jeg har ikke noen tider verken p\u00e5 3.000 eller 10.000 meter, s\u00e5 jeg har litt lyst til \u00e5 utnytte formen til \u00e5 f\u00e5 noen tider der, da. Det er liksom planen det \u00e5ret her. S\u00e5 f\u00e5r vi se om det blir et \u00e5r til, men da er det i s\u00e5 fall l\u00f8ping som frister mer, tror jeg.<\/p>\n<p>   <img decoding=\"async\" width=\"8192\" height=\"5464\" fetchpriority=\"low\"  loading=\"lazy\"  src=\"https:\/\/www.europesays.com\/no\/wp-content\/uploads\/2025\/10\/cueres_scp-mangler_navn_NJJyK2a-jWw.jpg\" alt=\"\u00d8yer 20251007. &#10;Heidi Weng under landslagsamling for langrenn kvinner elite i \u00d8yer og Hafjell.&#10;Foto: Geir Olsen \/ NTB\" class=\"brick-c-cFOWSL\" style=\"--brick-image-ratio: 8192 \/ 5464;\"\/><\/p>\n<p>    LADER OPP: Heidi Weng og de andre langrennskvinnene trener i \u00d8yer og Hafjell foran OL-sesongen.<br \/>\n    Foto: Geir Olsen\/NTB\n  <\/p>\n<p>34-\u00e5ringen forteller at hun egentlig ville delta i Norgesl\u00f8pet p\u00e5 Jessheim i helgen som var, men at det ikke passet helt inn i treningsplanen.<\/p>\n<p>\u2013 I og med at det bare er hard\u00f8kter her, s\u00e5 ble det litt voldsomt. S\u00e5 da droppet jeg det. Men jeg skal innr\u00f8mme at det satt langt inne.<\/p>\n<p>Liker seg i OL-l\u00f8ypene<\/p>\n<p>OL kommende vinter har Weng uansett ingen problemer med \u00e5 motivere seg for. Langrenns\u00f8velsene skal g\u00e5 i Val di Fiemme, et sted hun har gode minner fra.<\/p>\n<p>\u2013 Jeg m\u00e5 jo innr\u00f8mmet at det er litt ekstra stas at det er i Val di Fiemme, siden mitt f\u00f8rste mesterskap (VM) var der 2013. Sm\u00f8reren min er i tillegg fra Predazzo, s\u00e5nn fem minutter unna stadion, s\u00e5 jeg f\u00f8ler liksom at det er litt stas for oss begge, forteller hun.<\/p>\n<p>Weng tok bronse i skiathlon og gull p\u00e5 stafett da hun mesterskapsdebuterte i Italia for nesten 13 \u00e5r siden. Det ble ogs\u00e5 4.-plass p\u00e5 30 kilometer og 6.-plass p\u00e5 10 kilometer i samme mesterskap.<\/p>\n<p>\u2013 Jeg har i hvert fall gode minner fra den gangen, og s\u00e5 f\u00e5r vi se om det blir gode minner denne gangen. Men jeg m\u00e5 komme meg dit f\u00f8rst, og s\u00e5 h\u00e5per jeg at jeg kan finne like god form som jeg gjorde i Trondheim (forrige VM). Det er m\u00e5let \u2013 klare \u00e5 finne toppformen n\u00e5r det virkelig gjelder.<\/p>\n<p>(\u00a9NTB)<\/p>\n","protected":false},"excerpt":{"rendered":"I et intervju med NTB under treningssamling med langrennslandslaget p\u00e5 Mosetertoppen snakker Weng om gleden ved l\u00f8ping og&hellip;\n","protected":false},"author":2,"featured_media":54912,"comment_status":"","ping_status":"","sticky":false,"template":"","format":"standard","meta":{"footnotes":""},"categories":[59],"tags":[36,5413,398,30,28,29,83,82,1510],"class_list":{"0":"post-54911","1":"post","2":"type-post","3":"status-publish","4":"format-standard","5":"has-post-thumbnail","7":"category-sport","8":"tag-art","9":"tag-heidi-weng","10":"tag-langrenn","11":"tag-no","12":"tag-norge","13":"tag-norway","14":"tag-sport","15":"tag-sports","16":"tag-story"},"share_on_mastodon":{"url":"","error":""},"_links":{"self":[{"href":"https:\/\/www.europesays.com\/no\/wp-json\/wp\/v2\/posts\/54911","targetHints":{"allow":["GET"]}}],"collection":[{"href":"https:\/\/www.europesays.com\/no\/wp-json\/wp\/v2\/posts"}],"about":[{"href":"https:\/\/www.europesays.com\/no\/wp-json\/wp\/v2\/types\/post"}],"author":[{"embeddable":true,"href":"https:\/\/www.europesays.com\/no\/wp-json\/wp\/v2\/users\/2"}],"replies":[{"embeddable":true,"href":"https:\/\/www.europesays.com\/no\/wp-json\/wp\/v2\/comments?post=54911"}],"version-history":[{"count":0,"href":"https:\/\/www.europesays.com\/no\/wp-json\/wp\/v2\/posts\/54911\/revisions"}],"wp:featuredmedia":[{"embeddable":true,"href":"https:\/\/www.europesays.com\/no\/wp-json\/wp\/v2\/media\/54912"}],"wp:attachment":[{"href":"https:\/\/www.europesays.com\/no\/wp-json\/wp\/v2\/media?parent=54911"}],"wp:term":[{"taxonomy":"category","embeddable":true,"href":"https:\/\/www.europesays.com\/no\/wp-json\/wp\/v2\/categories?post=54911"},{"taxonomy":"post_tag","embeddable":true,"href":"https:\/\/www.europesays.com\/no\/wp-json\/wp\/v2\/tags?post=54911"}],"curies":[{"name":"wp","href":"https:\/\/api.w.org\/{rel}","templated":true}]}}