{"id":54927,"date":"2025-10-07T16:55:11","date_gmt":"2025-10-07T16:55:11","guid":{"rendered":"https:\/\/www.europesays.com\/no\/54927\/"},"modified":"2025-10-07T16:55:11","modified_gmt":"2025-10-07T16:55:11","slug":"kaibosh-briller-spikeren-i-kisten-for-kaibosh-kommer-ikke-i-mal","status":"publish","type":"post","link":"https:\/\/www.europesays.com\/no\/54927\/","title":{"rendered":"Kaibosh, Briller | Spikeren i kisten for Kaibosh: \u2013 Kommer ikke i m\u00e5l"},"content":{"rendered":"\n<p>Det opplyser styret i en pressemelding tirsdag.<\/p>\n<p><b>\u2013 Styret i Kaibosh Norge AS har i dag besluttet \u00e5 begj\u00e6re oppbud, skriver styreleder Ivar Borge.<\/b><\/p>\n<p>Han skriver videre at de har fors\u00f8kt \u00e5 sikre n\u00f8dvendig kapital kontinuerlig frem til siste stund.<\/p>\n<p>Til tross for omfattende dialoger og betydelig interesse, har finansieringen uteblitt, opplyser Borge.<\/p>\n<p>\u2013 Jobbet intenst<\/p>\n<p>Selskapet gikk gjennom en rekonstruksjon i 2024, <a href=\"https:\/\/www.ba.no\/nervepirrende-dag-for-bergenske-gr-ndere-na-har-de-fatt-svaret\/s\/5-8-2826022\" rel=\"Follow nofollow noopener\" target=\"_blank\">noe BA omtalte den gang.<\/a><\/p>\n<p>Da berget de med et n\u00f8dskrik etter at flertallet av kreditorer sa ja til gjeldsavtalen med brilleprodusenten.<\/p>\n<p><b>Den \u00f8konomiske situasjonen har imidlertid ikke bedret seg, og n\u00e5 har selskapet sett seg n\u00f8dt til \u00e5 begj\u00e6re seg selv konkurs.<\/b><\/p>\n<p><a href=\"https:\/\/www.bt.no\/hendelser\/i\/kwAMWB\/det-bergenske-briller-merket-kaibosh-er-konkurs-vi-har-jobbet-intenst\" rel=\"Follow nofollow noopener\" target=\"_blank\">BT<\/a> omtalte nyheten f\u00f8rst.<\/p>\n<p>   <img decoding=\"async\" width=\"8231\" height=\"5487\" fetchpriority=\"low\"  loading=\"lazy\"  src=\"https:\/\/www.europesays.com\/no\/wp-content\/uploads\/2025\/10\/EWB_2395.jpg\" alt=\"Helge Flo og Michelle Rowley gr\u00fcnderne bak Det bergenske brillemerket Kaibosh \" class=\"brick-c-cFOWSL\" style=\"--brick-image-ratio: 8231 \/ 5487;\"\/><\/p>\n<p>    Foto: Emil Weatherhead Breistein\n  <\/p>\n<p>Den manglende finansieringen i kombinasjon med en gjeldssituasjon som g\u00e5r tilbake til selskapets tidlige etableringsfase, gj\u00f8r det umulig \u00e5 videref\u00f8re driften.<\/p>\n<p>\u2013 Det har v\u00e6rt krevende \u00e5 hente kapital til denne typen virksomhet i dagens marked, og til slutt n\u00e5dde vi et punkt der det ikke lenger var forsvarlig \u00e5 drive videre, skriver Borge, og fortsetter:<\/p>\n<p>\u2013 Vi har jobbet intenst og med stort engasjement for \u00e5 finne en l\u00f8sning, men m\u00e5 n\u00e5 konstatere at vi ikke kommer i m\u00e5l.<\/p>\n<p>\u00c5tte ansatte mister jobben<\/p>\n<p>Selskapet ble startet opp av Kaibosh-gr\u00fcnderne Helge Flo og Michelle Rowley i 2013.<\/p>\n<p>De gikk konkurs i 2018, men Flo og Rowley gikk da inn med ny egenkapital for \u00e5 f\u00e5 et nytt selskap i gang igjen, slik at butikken og produksjonen kunne fortsette.<\/p>\n<p>   <img decoding=\"async\" width=\"1200\" height=\"800\" fetchpriority=\"low\"  loading=\"lazy\"  src=\"https:\/\/www.europesays.com\/no\/wp-content\/uploads\/2025\/10\/EWB_2559.jpg\" alt=\"\" class=\"brick-c-cFOWSL\" style=\"--brick-image-ratio: 1200 \/ 800;\"\/><\/p>\n<p>    Foto: Emil Weatherhead Breistein\n  <\/p>\n<p>Brillene har blant annet blitt tatt i bruk av artister, influensere og fotballspillere, og de fikk st\u00f8tte av Forskningsr\u00e5det til \u00e5 lage <a href=\"https:\/\/www.ba.no\/bergensduo-lager-spesialbriller-til-den-kjente-fotballspilleren\/s\/5-8-2558914\" rel=\"Follow nofollow noopener\" target=\"_blank\">spesialtilpassede briller for idrettsut\u00f8vere.<\/a><\/p>\n<p>\u2013 Vi er stolte av det vi har f\u00e5tt til, selv om vi gjerne skulle tatt dette videre. V\u00e5r st\u00f8rste takknemlighet g\u00e5r til alle som har trodd p\u00e5 oss gjennom disse \u00e5rene, skriver gr\u00fcnder og daglig leder, Helge Flo, i pressemeldingen.<\/p>\n<p><b>Selskapet har \u00e5tte ansatte fordelt p\u00e5 om lag 6,5 \u00e5rsverk, som n\u00e5 mister jobben.<\/b><\/p>\n<p>\u2013 Vi er spesielt lei oss for at v\u00e5re ansatte n\u00e5 st\u00e5r uten arbeid, og h\u00e5per deres kompetanse og innsatsvilje raskt blir verdsatt andre steder, sier styret.<\/p>\n<p>Kaibosh har butikker i b\u00e5de Bergen og Oslo. BA er forel\u00f8pig ikke kjent med om disse stenger umiddelbart.<\/p>\n","protected":false},"excerpt":{"rendered":"Det opplyser styret i en pressemelding tirsdag. \u2013 Styret i Kaibosh Norge AS har i dag besluttet \u00e5&hellip;\n","protected":false},"author":2,"featured_media":54928,"comment_status":"","ping_status":"","sticky":false,"template":"","format":"standard","meta":{"footnotes":""},"categories":[5],"tags":[36,20,21,8190,24,25,15,19,8267,1484,22,23,17,18,13,30,28,29,14,16,1510,26,27],"class_list":{"0":"post-54927","1":"post","2":"type-post","3":"status-publish","4":"format-standard","5":"has-post-thumbnail","7":"category-overskrifter","8":"tag-art","9":"tag-breaking-news","10":"tag-breakingnews","11":"tag-briller","12":"tag-featured-news","13":"tag-featurednews","14":"tag-headlines","15":"tag-hovedoppslag","16":"tag-kaibosh","17":"tag-konkurs","18":"tag-latest-news","19":"tag-latestnews","20":"tag-main-news","21":"tag-mainnews","22":"tag-news","23":"tag-no","24":"tag-norge","25":"tag-norway","26":"tag-nyheter","27":"tag-overskrifter","28":"tag-story","29":"tag-top-stories","30":"tag-topstories"},"share_on_mastodon":{"url":"","error":""},"_links":{"self":[{"href":"https:\/\/www.europesays.com\/no\/wp-json\/wp\/v2\/posts\/54927","targetHints":{"allow":["GET"]}}],"collection":[{"href":"https:\/\/www.europesays.com\/no\/wp-json\/wp\/v2\/posts"}],"about":[{"href":"https:\/\/www.europesays.com\/no\/wp-json\/wp\/v2\/types\/post"}],"author":[{"embeddable":true,"href":"https:\/\/www.europesays.com\/no\/wp-json\/wp\/v2\/users\/2"}],"replies":[{"embeddable":true,"href":"https:\/\/www.europesays.com\/no\/wp-json\/wp\/v2\/comments?post=54927"}],"version-history":[{"count":0,"href":"https:\/\/www.europesays.com\/no\/wp-json\/wp\/v2\/posts\/54927\/revisions"}],"wp:featuredmedia":[{"embeddable":true,"href":"https:\/\/www.europesays.com\/no\/wp-json\/wp\/v2\/media\/54928"}],"wp:attachment":[{"href":"https:\/\/www.europesays.com\/no\/wp-json\/wp\/v2\/media?parent=54927"}],"wp:term":[{"taxonomy":"category","embeddable":true,"href":"https:\/\/www.europesays.com\/no\/wp-json\/wp\/v2\/categories?post=54927"},{"taxonomy":"post_tag","embeddable":true,"href":"https:\/\/www.europesays.com\/no\/wp-json\/wp\/v2\/tags?post=54927"}],"curies":[{"name":"wp","href":"https:\/\/api.w.org\/{rel}","templated":true}]}}