{"id":54988,"date":"2025-10-07T18:07:11","date_gmt":"2025-10-07T18:07:11","guid":{"rendered":"https:\/\/www.europesays.com\/no\/54988\/"},"modified":"2025-10-07T18:07:11","modified_gmt":"2025-10-07T18:07:11","slug":"etter-skilsmissen-folte-meg-mislykket","status":"publish","type":"post","link":"https:\/\/www.europesays.com\/no\/54988\/","title":{"rendered":"Etter skilsmissen: &#8211; F\u00f8lte meg mislykket"},"content":{"rendered":"<p class=\"kicker t20\" style=\"\">Ben Stiller og Christine Taylor<\/p>\n<p>  I skuespillerens nye dokumentar om foreldrene hans, \u00e5pner paret opp om sitt eget\u00a0turbulente ekteskap.<\/p>\n<p>\n    SAMMEN IGJEN: Ben Stiller og Christine Taylor \u00e5pner opp om ekteskapstr\u00f8bbel og gjenforening i en ny dokumentar. Foto: Todd Williamson\/Invision for the Television Academy\/AP Content Services\/NTB\n  <\/p>\n<p>I mai 2017 ble det kjent at skuespillerparet\u00a0<a href=\"https:\/\/www.seher.no\/kjendis\/skilles-etter-17-ars-ekteskap\/67633369\" rel=\"nofollow noopener\" target=\"_blank\">Ben Stiller (59) og kona Christine Taylor (54) skulle skilles<\/a>\u00a0etter 17 \u00e5rs ekteskap.<\/p>\n<p>    <a itemprop=\"url\" href=\"https:\/\/www.seher.no\/kjendis\/gjenforent-etter-bruddet\/75458877\" rel=\"nofollow noopener\" target=\"_blank\"><\/p>\n<p>      <img loading=\"lazy\" decoding=\"async\" src=\"https:\/\/www.europesays.com\/no\/wp-content\/uploads\/2025\/10\/75458926.webp\" width=\"147\" height=\"98\" title=\"Gjenforent etter bruddet\" alt=\"\" class=\"lazyload\" style=\"--aspect-ratio-image: 1.50; \"\/><\/p>\n<p>        Gjenforent etter bruddet<\/p>\n<p>    <\/a><\/p>\n<p>&#8211; Med stor respekt og kj\u00e6rlighet for hverandre og de 18 \u00e5rene vi tilbrakte sammen som et par, har vi bestemt oss for \u00e5 separere oss. Vi vil prioritere \u00e5 oppdra barna v\u00e5re som dedikerte foreldre og n\u00e6re venner, l\u00f8d det fra paret den gang i en uttalelse, if\u00f8lge\u00a0<a href=\"http:\/\/uk.reuters.com\/article\/us-people-benstiller-idUKKBN18M2PC\" rel=\"nofollow noopener\" target=\"_blank\">Reuters.<\/a><\/p>\n<p> Det tidligere ekteparet var separert i flere \u00e5r f\u00f8r det ble kjent at de hadde funnet tilbake til hverandre under pandemien, fem \u00e5r etter kunngj\u00f8ringen. <\/p>\n<p>          <img loading=\"lazy\" decoding=\"async\" src=\"https:\/\/www.europesays.com\/no\/wp-content\/uploads\/2025\/10\/83687075.webp\" width=\"686\" height=\"584\" title=\"GJENFORENT: Ekteparets tr\u00f8blete fortid bli et tema i Stillers nye dokumentarfilm. Foto: Corey Sipkin\/UPI\/Shutterstock\/NTB\" alt=\"\" class=\"\" style=\"--aspect-ratio-image: 1.17; \"\/><\/p>\n<p>\n          GJENFORENT: Ekteparets tr\u00f8blete fortid bli et tema i Stillers nye dokumentarfilm. Foto: Corey Sipkin\/UPI\/Shutterstock\/NTB\n      <\/p>\n<p>Det var i et intervju med det amerikanske herremagasinet\u00a0<a href=\"https:\/\/www.esquire.com\/entertainment\/tv\/a39139152\/ben-stiller-severance-profile\/\" rel=\"nofollow noopener\" target=\"_blank\">Esquire<\/a>, at Stiller avsl\u00f8rte den hyggelige nyheten.<\/p>\n<p> &#8211; S\u00e5, i l\u00f8pet av tiden, utviklet det seg. Vi ble separert og ble sammen igjen, og det er vi glade for, fortalte Stiller \u00e5penhjertig i intervjuet, og la til:\u00a0<\/p>\n<p> &#8211; Det har v\u00e6rt helt fantastisk for oss alle. Uventet, og en av de tingene som kom ut av pandemien. <\/p>\n<p>        R\u00d8RT: Under Se og H\u00f8r Reality Awards, tok John Arne Riise et oppgj\u00f8r fra scenen mot kritikerne. Video: Bloom Oslo \/ Se og H\u00f8r \/\/ Klipp: H\u00e5vard Bj\u00f8rnerem<\/p>\n<p class=\"font-weight-bold m-font-weight-bold\" data-lab-font_weight=\"font-weight-bold\">N\u00e5 deler paret flere detaljer om den vanskelige tiden i den nye dokumentaren \u00abStiller &amp; Meara: Nothing Is Lost\u00bb.<\/p>\n<p>&#8211; Veldig ladet\t<\/p>\n<p>Dokumentaren handler om Stillers ber\u00f8mte foreldre, Jerry Stiller og Anne Meara, som var gift i over 60 \u00e5r. Her utforsker han foreldrenes forhold, samtidig som han sammenligner det med sitt eget ekteskap.<\/p>\n<p>          <img loading=\"lazy\" decoding=\"async\" src=\"https:\/\/www.europesays.com\/no\/wp-content\/uploads\/2025\/10\/83687111.webp\" width=\"686\" height=\"494\" title=\"NY DOKUMENTAR: Filmen omhandler de to ekteskapene mellom Anne Meara og Jerry Stiller, og Ben Stiller og Christine Taylor. Her er de avbildet sammen i 2008. Foto: Laura Cavanaugh\/UPI\/Shutterstock\/NTB\" alt=\"\" class=\"\" style=\"--aspect-ratio-image: 1.39; \"\/><\/p>\n<p>\n          NY DOKUMENTAR: Filmen omhandler de to ekteskapene mellom Anne Meara og Jerry Stiller, og Ben Stiller og Christine Taylor. Her er de avbildet sammen i 2008. Foto: Laura Cavanaugh\/UPI\/Shutterstock\/NTB\n      <\/p>\n<p>&#8211; Da vi separerte oss tenkte jeg: \u00ab\u00c5, jeg f\u00f8ler meg mislykket\u00bb, og se p\u00e5 foreldrene mine, de har dette utrolige 50 pluss \u00e5r lange ekteskapet, og jeg kan ikke leve opp til det, innr\u00f8mmer Stiller i dokumentaren.<\/p>\n<p> Hollywood-paret m\u00f8ttes for f\u00f8rste gang under innspillingen av en pilot til TV-serien \u00abHeat Vision and Jack\u00bb i 1999, hvor romantikken begynte \u00e5 blomstre. \u00c5ret etter giftet de seg.\u00a0<\/p>\n<p>        \u00abSKAL VI DANSE\u00bb: Vi har tatt en titt p\u00e5 noen av de villeste \u00f8yeblikkene fra inn- og utland. Video: \u00abDancing with the Stars\u00bb\/ABC, \u00abSkal vi danse\u00bb\/TV 2, \u00abLet&#8217;s Dance\u00bb &#8211; TV 4, \u00abBailando por un Sue\u00f1o\u00bb &#8211; El Trece.<\/p>\n<p> I etterkant har de jobbet sammen i filmer som \u00abZoolander\u00bb og \u00abDodgeball\u00bb, og ble foreldre til\u00a0datteren Ella Olivia (23) og s\u00f8nnen Quinlin Dempsey (20). <\/p>\n<p>          <img loading=\"lazy\" decoding=\"async\" src=\"https:\/\/www.europesays.com\/no\/wp-content\/uploads\/2025\/10\/83687062.webp\" width=\"686\" height=\"783\" title=\"FAMILIE: S\u00f8nnen Quinlin Dempsey Stiller fotografert sammen med foreldrene sine under premieren av \u00abStiller &amp; Meara: Nothing Is Lost\u00bb i New York. Foto: Johns PKI\/SplashNews\/NTB\" alt=\"\" class=\"\" style=\"--aspect-ratio-image: 0.88; \"\/><\/p>\n<p>\n          FAMILIE: S\u00f8nnen Quinlin Dempsey Stiller fotografert sammen med foreldrene sine under premieren av \u00abStiller &amp; Meara: Nothing Is Lost\u00bb i New York. Foto: Johns PKI\/SplashNews\/NTB\n      <\/p>\n<p class=\"font-weight-bold m-font-weight-bold\" data-lab-font_weight=\"font-weight-bold\">Taylor p\u00e5 sin side, forteller i dokumentaren at hun f\u00f8lte det var \u00abveldig ladet\u00bb \u00e5 jobbe sammen som et par.\u00a0<\/p>\n<p class=\"font-weight-normal m-font-weight-normal\" data-lab-font_weight=\"font-weight-normal\">Der sier hun, direkte henvendt til ektemannen:<\/p>\n<p>&#8211; Jeg f\u00f8ler at det var en historie der, og jeg tror mye av det handlet om opplevelsen av hva det til syvende og sist betydde for forholdet v\u00e5rt. At det kunne v\u00e6re en ekstra belastning n\u00e5r man spiser, sover og puster sammen p\u00e5 den m\u00e5ten.\u00a0<\/p>\n<p>&#8211; Jeg f\u00f8lte ogs\u00e5 at det var en frykt fra deg for hvordan det ville se ut for omverdenen. Jeg mener, det var veldig ladet, sier Taylor til ektemannen.<\/p>\n<p>        FEIL: Det gikk i ball for Merete Lingj\u00e6rde da Tale Torjussen skulle f\u00e5 \u00e5rets f\u00f8rste poeng under \u00abSkal vi danse\u00bb-premieren. Bilder fra TV 2. <\/p>\n<p>Flyttet sammen igjen\t<\/p>\n<p>I l\u00f8pet av de f\u00f8rste dagene av pandemien bestemte Stiller seg for at han skulle flytte tilbake til kona og barna. Det var fordi det rett og slett var den eneste m\u00e5ten han kunne f\u00e5 se dem under nedstengningen.<\/p>\n<p>P\u00e5 grunn av flyttingen ble han automatisk enda n\u00e6rmere familien sin. Etter hvert begynte ogs\u00e5 det romantiske forholdet til han og kona \u00e5 blusse opp igjen, if\u00f8lge blant annet\u00a0<a href=\"https:\/\/people.com\/movies\/ben-stiller-christine-taylor-are-back-together-after-separating\/\" rel=\"nofollow noopener\" target=\"_blank\">People<\/a>.<\/p>\n<p>    <a itemprop=\"url\" href=\"https:\/\/www.seher.no\/kjendis\/deler-vektnedgang\/83684621\" rel=\"nofollow noopener\" target=\"_blank\"><\/p>\n<p>      <img loading=\"lazy\" decoding=\"async\" src=\"https:\/\/www.europesays.com\/no\/wp-content\/uploads\/2025\/10\/83684764.webp\" width=\"147\" height=\"98\" title=\"Dramatisk vekt\u00adnedgang\" alt=\"\" class=\"lazyload\" style=\"--aspect-ratio-image: 1.50; \"\/><\/p>\n<p>        Dramatisk vekt\u00adnedgang<\/p>\n<p>    <\/a><\/p>\n<p>&#8211; Plutselig var vi sammen i huset, og i l\u00f8pet av den tiden begynte jeg \u00e5 lage dokumentaren ogs\u00e5. S\u00e5 det var en slags sammenkomst. Vi snakket om hva vi gikk gjennom, problemene v\u00e5re, og s\u00e5 p\u00e5 hva foreldrene mine ogs\u00e5 hadde v\u00e6rt gjennom p\u00e5 en m\u00e5te jeg ikke hadde sett p\u00e5 det f\u00f8r, forklarer Stiller. <\/p>\n<p>Dokumentaren har premiere p\u00e5 Apple TV+ 24. oktober.<\/p>\n","protected":false},"excerpt":{"rendered":"Ben Stiller og Christine Taylor I skuespillerens nye dokumentar om foreldrene hans, \u00e5pner paret opp om sitt eget\u00a0turbulente&hellip;\n","protected":false},"author":2,"featured_media":54989,"comment_status":"","ping_status":"","sticky":false,"template":"","format":"standard","meta":{"footnotes":""},"categories":[58],"tags":[8271,8270,71,8272,80,479,2543,30,28,29,4031,72],"class_list":{"0":"post-54988","1":"post","2":"type-post","3":"status-publish","4":"format-standard","5":"has-post-thumbnail","7":"category-underholdning","8":"tag-ben-stiller","9":"tag-christine-taylor","10":"tag-entertainment","11":"tag-fant-tilbake","12":"tag-hollywood","13":"tag-kjendis","14":"tag-kjendisdesken","15":"tag-no","16":"tag-norge","17":"tag-norway","18":"tag-skilsmisse","19":"tag-underholdning"},"share_on_mastodon":{"url":"","error":""},"_links":{"self":[{"href":"https:\/\/www.europesays.com\/no\/wp-json\/wp\/v2\/posts\/54988","targetHints":{"allow":["GET"]}}],"collection":[{"href":"https:\/\/www.europesays.com\/no\/wp-json\/wp\/v2\/posts"}],"about":[{"href":"https:\/\/www.europesays.com\/no\/wp-json\/wp\/v2\/types\/post"}],"author":[{"embeddable":true,"href":"https:\/\/www.europesays.com\/no\/wp-json\/wp\/v2\/users\/2"}],"replies":[{"embeddable":true,"href":"https:\/\/www.europesays.com\/no\/wp-json\/wp\/v2\/comments?post=54988"}],"version-history":[{"count":0,"href":"https:\/\/www.europesays.com\/no\/wp-json\/wp\/v2\/posts\/54988\/revisions"}],"wp:featuredmedia":[{"embeddable":true,"href":"https:\/\/www.europesays.com\/no\/wp-json\/wp\/v2\/media\/54989"}],"wp:attachment":[{"href":"https:\/\/www.europesays.com\/no\/wp-json\/wp\/v2\/media?parent=54988"}],"wp:term":[{"taxonomy":"category","embeddable":true,"href":"https:\/\/www.europesays.com\/no\/wp-json\/wp\/v2\/categories?post=54988"},{"taxonomy":"post_tag","embeddable":true,"href":"https:\/\/www.europesays.com\/no\/wp-json\/wp\/v2\/tags?post=54988"}],"curies":[{"name":"wp","href":"https:\/\/api.w.org\/{rel}","templated":true}]}}