{"id":54996,"date":"2025-10-07T18:14:41","date_gmt":"2025-10-07T18:14:41","guid":{"rendered":"https:\/\/www.europesays.com\/no\/54996\/"},"modified":"2025-10-07T18:14:41","modified_gmt":"2025-10-07T18:14:41","slug":"meghan-markle-kritiseres-for-video-knyttet-til-prinsesse-dianas-dod","status":"publish","type":"post","link":"https:\/\/www.europesays.com\/no\/54996\/","title":{"rendered":"Meghan Markle kritiseres for video knyttet til prinsesse Dianas d\u00f8d"},"content":{"rendered":"<p class=\"kicker \" style=\"\">Hertuginne Meghan h\u00f8ster kritikk<\/p>\n<p>  Heruginnen Meghan f\u00e5r kraftig kritikk etter \u00e5 ha delt en video knyttet til prinsesse Dianas d\u00f8dsulykke.<\/p>\n<p>\n    KRITIKKEN HAGLER: En video som hertuginne Meghan har delt f\u00e5r kongehuseksperten til \u00e5 se r\u00f8dt. Foto: SplashNews\/NTB\n  <\/p>\n<p>I sommer ville <a href=\"https:\/\/www.seher.no\/kongelig\/jeg-gjenopplivet-diana\/80371823\" rel=\"nofollow noopener\" target=\"_blank\">prinsesse Diana<\/a>\u00a0fylt 64 \u00e5r, og selv\u00a0 28 \u00e5r etter at prinsessen mistet livet etter den tragiske bilulykken i Paris, er det fortsatt mye som er uklart rundt den skjebnesvangre sommernatten. <\/p>\n<p>Det som likevel er klart er at\u00a0\u00abfolkets prinsesse\u00bb etterlot seg en hel verden og sine to s\u00f8nner, prins William (43) og prins Harry (41), i sjokk og sorg, og at hun i l\u00f8pet av sitt alt for korte liv rakk \u00e5 ber\u00f8re mange hjerter.\u00a0<\/p>\n<p>          <img loading=\"lazy\" decoding=\"async\" src=\"https:\/\/www.europesays.com\/no\/wp-content\/uploads\/2025\/10\/83688098.webp\" width=\"686\" height=\"529\" title=\"ULYKKEN: Her i Pont D'Alma-tunnelen i Paris d\u00f8de Diana. Men hun var i live da brannvesenetkom til \u00e5stedet. Foto: REX\/NTB\" alt=\"\" class=\"\" style=\"--aspect-ratio-image: 1.30; \"\/><\/p>\n<p>\n          ULYKKEN: Her i Pont D&#8217;Alma-tunnelen i Paris d\u00f8de Diana. Men hun var i live da brannvesenetkom til \u00e5stedet. Foto: REX\/NTB\n      <\/p>\n<p> Denne helgen gjorde hertuginne Meghan (44) en overraskende opptreden under moteuken i Paris, der hun dukket opp p\u00e5 et show for luksusmotemerket Balenciaga sammen med blant andre Vogues tidligere sjefsredakt\u00f8r Anna Wintour (75) og Hollywoodstjernen Anne Hathaway (42). <\/p>\n<p>Men det har ikke bare v\u00e6rt hyggelig oppmerksomhet rundt hertuginnens utenlandsbes\u00f8k. N\u00e5 har det nemlig bl\u00e5st opp til massiv storm rundt henne, i forbindelse med en ny Instagram-video fra bes\u00f8ket til den franske hovedstaden.\u00a0<\/p>\n<p>        MEGHAN MARKLE: Stemningen var til \u00e5 ta og f\u00f8le p\u00e5 da hertuginne Meghan Markle og designer Pierpaolo Piccioli m\u00f8ttes etter en Balenciaga-visning under moteuka i Paris. Reporter: Trond Markus Gravdal. Video: Tiktok<\/p>\n<p>Til <a href=\"https:\/\/www.dailymail.co.uk\/news\/article-15163865\/Meghan-Markle-posts-insensitive-video-feet-limo-driven-past-tunnel-Princess-Diana-killed-car-crash.html\" rel=\"nofollow noopener\" target=\"_blank\">Daily Mail<\/a> omtaler kongehuseksperten Richard Fitzwilliams innlegget som \u00abfullstendig forvirrende\u00bb og \u00abuf\u00f8lsomt utover all forstand\u00bb. <\/p>\n<p>&#8211; Trosser all forstand\t<\/p>\n<p>Videoen &#8211; som ser ut til \u00e5 v\u00e6re filmet fra hertuginnes synsvinkel &#8211; viser at hun sitter avslappet og barbeint inne i en limousin som passerer broene Pont Alexandre III og Pont des Invalides.<\/p>\n<p>          <img loading=\"lazy\" decoding=\"async\" src=\"https:\/\/www.europesays.com\/no\/wp-content\/uploads\/2025\/10\/83688085.webp\" width=\"686\" height=\"1174\" title=\"HISTORISK PLASS: Hertuginnen passerte Pont Alexandre III-broen i Paris (avbildet), og var p\u00e5 vei mot Pont d'Alma-boren - n\u00e6r stedet der prinsesse Diana d\u00f8de i 1997. Foto: Skjermbilde fra Instagram\/@meghan\" alt=\"\" class=\"\" style=\"--aspect-ratio-image: 0.58; \"\/><\/p>\n<p>\n          HISTORISK PLASS: Hertuginnen passerte Pont Alexandre III-broen i Paris (avbildet), og var p\u00e5 vei mot Pont d&#8217;Alma-boren &#8211; n\u00e6r stedet der prinsesse Diana d\u00f8de i 1997. Foto: Skjermbilde fra Instagram\/@meghan\n      <\/p>\n<p>Den neste broen langs elven Seine er Pont d&#8217;Alma &#8211; bare et lite steinkast unna Pont d&#8217;Alma-tunnelen hvor Diana, kj\u00e6resten Dodi Fayed og sj\u00e5f\u00f8r Henri Paul d\u00f8de i august 1997.<\/p>\n<p>          <img loading=\"lazy\" decoding=\"async\" src=\"https:\/\/www.europesays.com\/no\/wp-content\/uploads\/2025\/10\/83688084.webp\" width=\"686\" height=\"995\" title=\"BARFOT: Det korte klippet viser hertuginnen som setter f\u00f8ttene opp mens hun ble kj\u00f8rt gjennom den franske hovedstaden. Foto: Skjermbilde fra Instagram\/@meghan\" alt=\"\" class=\"\" style=\"--aspect-ratio-image: 0.69; \"\/><\/p>\n<p>\n          BARFOT: Det korte klippet viser hertuginnen som setter f\u00f8ttene opp mens hun ble kj\u00f8rt gjennom den franske hovedstaden. Foto: Skjermbilde fra Instagram\/@meghan\n      <\/p>\n<p> &#8211; Hun har all rett til \u00e5 g\u00e5 p\u00e5 motearrangementer, men \u00e5 dele en video som har forbindelser til prinsessen av Wales&#8217; tragiske d\u00f8d, trosser all forstand, sier Fitzwilliams.<\/p>\n<p> Klippet som viser limousinturen langs elven, ble delt med hennes 4,2 millioner f\u00f8lgere p\u00e5 Instagram. <\/p>\n<p>    <a itemprop=\"url\" href=\"https:\/\/www.seher.no\/kjendis\/i-sorg-etter-venninnens-dodsfall\/83686856\" rel=\"nofollow noopener\" target=\"_blank\"><\/p>\n<p>      <img loading=\"lazy\" decoding=\"async\" src=\"https:\/\/www.europesays.com\/no\/wp-content\/uploads\/2025\/10\/83687502.webp\" width=\"147\" height=\"98\" title=\"D\u00f8de etter fallulykke\" alt=\"\" class=\"lazyload\" style=\"--aspect-ratio-image: 1.50; \"\/><\/p>\n<p>        D\u00f8de etter fallulykke<\/p>\n<p>    <\/a><\/p>\n<p> &#8211; Jeg forst\u00e5r ikke hva hun tenkte p\u00e5 &#8211; vel, hun kan ikke ha tenkt. Ingen r\u00e5dgiver ville noensinne r\u00e5det henne til \u00e5 gj\u00f8re noe s\u00e5 rart, fortsetter han.<\/p>\n<p>&#8211; En tragedie\t<\/p>\n<p>Gjennom den mye omtalte selvbiografien \u00abSpare\u00bb omtaler prins Harry sorgen etter Dianas d\u00f8d. Blant annet minnes han <a href=\"https:\/\/www.seher.no\/kongelig\/dianas-siste-gave-til-harry\/78270832\" rel=\"nofollow noopener\" target=\"_blank\">den siste gaven moren kj\u00f8pte til ham i Paris<\/a> &#8211; en gave som hun aldri fikk overrekke selv.\u00a0<\/p>\n<p>          <img loading=\"lazy\" decoding=\"async\" src=\"https:\/\/www.europesays.com\/no\/wp-content\/uploads\/2025\/10\/83688112.webp\" width=\"686\" height=\"1036\" title=\"ET STORT TAP: Prins Harry har delt \u00e5penhjertig om den hjerteskj\u00e6rende sorgen. Foto: John Redman\/AP Photos\/NTB\" alt=\"\" class=\"\" style=\"--aspect-ratio-image: 0.66; \"\/><\/p>\n<p>\n          ET STORT TAP: Prins Harry har delt \u00e5penhjertig om den hjerteskj\u00e6rende sorgen. Foto: John Redman\/AP Photos\/NTB\n      <\/p>\n<p> If\u00f8lge\u00a0<a href=\"https:\/\/www.hellomagazine.com\/royalty\/20230119162121\/prince-harry-closest-family-members-spare-book\/\" rel=\"nofollow noopener\" target=\"_blank\">Hello Magazine<\/a>,\u00a0har Harry alltid hatt et n\u00e6rt b\u00e5nd til Dianas side av familien. I boken skriver prinsen ogs\u00e5 at hans onkel Charles Spencer (58) var til stede da prinsen tok med hertuginnen<a href=\"https:\/\/www.seher.no\/kjendis\/la-meghan-vaere-i-fred\/78189823\" rel=\"nofollow noopener\" target=\"_blank\">\u00a0<\/a>til Dianas gravplass. <\/p>\n<p>Den anerkjente kongehuseksperten Fitzwilliams utelukker derfor ikke at prinsen kan reagere negativt p\u00e5 konas innlegg. <\/p>\n<p>          <img loading=\"lazy\" decoding=\"async\" src=\"https:\/\/www.europesays.com\/no\/wp-content\/uploads\/2025\/10\/83688129.webp\" width=\"686\" height=\"1029\" title=\"EKTEPAR: Prins Harry og hertuginne Meghan giftet seg i 2018. Foto: NTB\" alt=\"\" class=\"\" style=\"--aspect-ratio-image: 0.67; \"\/><\/p>\n<p>\n          EKTEPAR: Prins Harry og hertuginne Meghan giftet seg i 2018. Foto: NTB\n      <\/p>\n<p> &#8211; Hun kan umulig ha ment \u00e5 v\u00e6re respektl\u00f8s, men det er enda et eksempel p\u00e5 at Sussex-familien gj\u00f8r noe som ikke gir mening i det hele tatt. Dianas d\u00f8d er en tragedie som har preget s\u00e5 mye av Harrys liv, og jeg kan ikke forestille meg at han vil synes at dette er s\u00e6rlig passende, sier han.<\/p>\n","protected":false},"excerpt":{"rendered":"Hertuginne Meghan h\u00f8ster kritikk Heruginnen Meghan f\u00e5r kraftig kritikk etter \u00e5 ha delt en video knyttet til prinsesse&hellip;\n","protected":false},"author":2,"featured_media":54997,"comment_status":"","ping_status":"","sticky":false,"template":"","format":"standard","meta":{"footnotes":""},"categories":[58],"tags":[4787,71,1299,479,2543,8259,1857,30,28,29,75,3646,51,72],"class_list":{"0":"post-54996","1":"post","2":"type-post","3":"status-publish","4":"format-standard","5":"has-post-thumbnail","7":"category-underholdning","8":"tag-dode","9":"tag-entertainment","10":"tag-hertuginne-meghan","11":"tag-kjendis","12":"tag-kjendisdesken","13":"tag-kongehusekspert","14":"tag-kritikk","15":"tag-no","16":"tag-norge","17":"tag-norway","18":"tag-prins-harry","19":"tag-prinsesse-diana","20":"tag-ulykke","21":"tag-underholdning"},"share_on_mastodon":{"url":"","error":""},"_links":{"self":[{"href":"https:\/\/www.europesays.com\/no\/wp-json\/wp\/v2\/posts\/54996","targetHints":{"allow":["GET"]}}],"collection":[{"href":"https:\/\/www.europesays.com\/no\/wp-json\/wp\/v2\/posts"}],"about":[{"href":"https:\/\/www.europesays.com\/no\/wp-json\/wp\/v2\/types\/post"}],"author":[{"embeddable":true,"href":"https:\/\/www.europesays.com\/no\/wp-json\/wp\/v2\/users\/2"}],"replies":[{"embeddable":true,"href":"https:\/\/www.europesays.com\/no\/wp-json\/wp\/v2\/comments?post=54996"}],"version-history":[{"count":0,"href":"https:\/\/www.europesays.com\/no\/wp-json\/wp\/v2\/posts\/54996\/revisions"}],"wp:featuredmedia":[{"embeddable":true,"href":"https:\/\/www.europesays.com\/no\/wp-json\/wp\/v2\/media\/54997"}],"wp:attachment":[{"href":"https:\/\/www.europesays.com\/no\/wp-json\/wp\/v2\/media?parent=54996"}],"wp:term":[{"taxonomy":"category","embeddable":true,"href":"https:\/\/www.europesays.com\/no\/wp-json\/wp\/v2\/categories?post=54996"},{"taxonomy":"post_tag","embeddable":true,"href":"https:\/\/www.europesays.com\/no\/wp-json\/wp\/v2\/tags?post=54996"}],"curies":[{"name":"wp","href":"https:\/\/api.w.org\/{rel}","templated":true}]}}