{"id":55027,"date":"2025-10-07T18:53:08","date_gmt":"2025-10-07T18:53:08","guid":{"rendered":"https:\/\/www.europesays.com\/no\/55027\/"},"modified":"2025-10-07T18:53:08","modified_gmt":"2025-10-07T18:53:08","slug":"uvaer-amy-tusenvis-fikk-sms-advarsel-livsfarlig-tonsbergs-blad","status":"publish","type":"post","link":"https:\/\/www.europesays.com\/no\/55027\/","title":{"rendered":"Uv\u00e6r, Amy | Tusenvis fikk SMS-advarsel: \u2013 Livsfarlig! &#8211; T\u00f8nsbergs Blad"},"content":{"rendered":"<ol>\n<li><a href=\"https:\/\/news.google.com\/rss\/articles\/CBMiekFVX3lxTE94REhBam8zYUU4bHE4YTY4cWJvcUhyQnkwbHMxNFhVb1pPMTJ0eDZXTFNySHRaMGpnbFBtOUNMTkxRd0hkZ0d0eEpMSHd5ZjZKYmV6SHBEYnNjb1hWdGZkcXBydWs2QzlFOWpxQTFRY01MMkVrUnBKMkZB?oc=5\" target=\"_blank\" rel=\"nofollow noopener\">Uv\u00e6r, Amy | Tusenvis fikk SMS-advarsel: \u2013 Livsfarlig!<\/a>&nbsp;&nbsp;T\u00f8nsbergs Blad<\/li>\n<li><a href=\"https:\/\/news.google.com\/rss\/articles\/CBMipAFBVV95cUxNQmdVY0I1V0VhWDlVR3BieThMOEFZallDMDZGOEZRUERPeU9ZWXo3T2g3QkF5ejNCNTlYX3ZnR3kxOWZsQlpfcmJVTlpPVHhEblhaUEdYSVpINVd3NlRRdG1EaG9wclQwNUhHZ3lnV083QWFDMU16N0FYczk0Y05WV1NKU25qTkhnaUZKLWEzY0wyUjJybmhKQ3F5NnRXNDNFZ2JYaw?oc=5\" target=\"_blank\" rel=\"nofollow noopener\">Tok grep for \u00e5 hjelpe naboene: \u2013 Viser hvor avhengig vi er av str\u00f8m<\/a>&nbsp;&nbsp;adressa.no<\/li>\n<li><a href=\"https:\/\/news.google.com\/rss\/articles\/CBMifkFVX3lxTE1sekdDNzBoUlQtaFZscnBtUy1ZSEdPWXp3UmlrcFppQi03SjJ3d0hMOU1tUUl1dVdBcGM0azRWSVZiYkFtcmJYcDlFM1RiTnVDT25VbE9ra0NudHpqLVAzaFc0MEpkQjVJWUdiaGhGUWhpSGJTQWZ6TVlkbG1RQQ?oc=5\" target=\"_blank\" rel=\"nofollow noopener\">Fortsatt str\u00f8ml\u00f8s: &#8211; Blir forbanna<\/a>&nbsp;&nbsp;Dagbladet<\/li>\n<li><a href=\"https:\/\/news.google.com\/rss\/articles\/CBMingFBVV95cUxOeW5EMlhBb1M4M0RvUTU2Nm5XbWVsNWdZWElJSWhyTDdOaEUzRUtYcnJYcXN5QlVzRVlWb21zWFdSVWZxc2p3Ny0tdlFQRUxqdlJaTlY0TnFxSmNydXZfYzJaSVRvNzhQSGxFSU12YXJuUlEyRlM4QnVEQzRnVExxZEhETl9sM1JsSTlMXzlzOU1TWFN5NmptTDczRG96Zw?oc=5\" target=\"_blank\" rel=\"nofollow noopener\">Mange manglar straum og mobildekning tre dagar etter \u00abAmy\u00bb<\/a>&nbsp;&nbsp;NRK<\/li>\n<li><a href=\"https:\/\/news.google.com\/rss\/articles\/CBMigAFBVV95cUxONTM0cy1YU0c0MmJSaElDeWZVX3BxTzNqRmhSbWxILXZLdXFGY1JnZzh1bF9xemFzVGVYTVI5blRKczZuVUZtZHd2RUJ1aTVfRW1HX0RXNTNPVk9NczFZNXpSTnhmQUl3RUVTZlQ0Yl8yNzBKcnE2U1g5Y3UyTGdZdw?oc=5\" target=\"_blank\" rel=\"nofollow noopener\">(+) Fortsatt str\u00f8ml\u00f8se etter tre d\u00f8gn \u2013 har flyttet til b\u00e5ten<\/a>&nbsp;&nbsp;Sandefjords Blad<\/li>\n<\/ol>\n","protected":false},"excerpt":{"rendered":"Uv\u00e6r, Amy | Tusenvis fikk SMS-advarsel: \u2013 Livsfarlig!&nbsp;&nbsp;T\u00f8nsbergs Blad Tok grep for \u00e5 hjelpe naboene: \u2013 Viser hvor&hellip;\n","protected":false},"author":2,"featured_media":55028,"comment_status":"","ping_status":"","sticky":false,"template":"","format":"standard","meta":{"footnotes":""},"categories":[10],"tags":[7934,36,20,21,962,24,25,15,22,23,13,30,28,29,14,16,1510,26,27,431,941,3230],"class_list":{"0":"post-55027","1":"post","2":"type-post","3":"status-publish","4":"format-standard","5":"has-post-thumbnail","7":"category-norge","8":"tag-amy","9":"tag-art","10":"tag-breaking-news","11":"tag-breakingnews","12":"tag-faerder","13":"tag-featured-news","14":"tag-featurednews","15":"tag-headlines","16":"tag-latest-news","17":"tag-latestnews","18":"tag-news","19":"tag-no","20":"tag-norge","21":"tag-norway","22":"tag-nyheter","23":"tag-overskrifter","24":"tag-story","25":"tag-top-stories","26":"tag-topstories","27":"tag-tonsberg","28":"tag-ulykker-og-hendelser","29":"tag-uvaer"},"share_on_mastodon":{"url":"","error":""},"_links":{"self":[{"href":"https:\/\/www.europesays.com\/no\/wp-json\/wp\/v2\/posts\/55027","targetHints":{"allow":["GET"]}}],"collection":[{"href":"https:\/\/www.europesays.com\/no\/wp-json\/wp\/v2\/posts"}],"about":[{"href":"https:\/\/www.europesays.com\/no\/wp-json\/wp\/v2\/types\/post"}],"author":[{"embeddable":true,"href":"https:\/\/www.europesays.com\/no\/wp-json\/wp\/v2\/users\/2"}],"replies":[{"embeddable":true,"href":"https:\/\/www.europesays.com\/no\/wp-json\/wp\/v2\/comments?post=55027"}],"version-history":[{"count":0,"href":"https:\/\/www.europesays.com\/no\/wp-json\/wp\/v2\/posts\/55027\/revisions"}],"wp:featuredmedia":[{"embeddable":true,"href":"https:\/\/www.europesays.com\/no\/wp-json\/wp\/v2\/media\/55028"}],"wp:attachment":[{"href":"https:\/\/www.europesays.com\/no\/wp-json\/wp\/v2\/media?parent=55027"}],"wp:term":[{"taxonomy":"category","embeddable":true,"href":"https:\/\/www.europesays.com\/no\/wp-json\/wp\/v2\/categories?post=55027"},{"taxonomy":"post_tag","embeddable":true,"href":"https:\/\/www.europesays.com\/no\/wp-json\/wp\/v2\/tags?post=55027"}],"curies":[{"name":"wp","href":"https:\/\/api.w.org\/{rel}","templated":true}]}}