{"id":55105,"date":"2025-10-07T20:58:10","date_gmt":"2025-10-07T20:58:10","guid":{"rendered":"https:\/\/www.europesays.com\/no\/55105\/"},"modified":"2025-10-07T20:58:10","modified_gmt":"2025-10-07T20:58:10","slug":"dodsfall-nrk-tidligere-nrk-journalist-jarl-munch-er-dod","status":"publish","type":"post","link":"https:\/\/www.europesays.com\/no\/55105\/","title":{"rendered":"D\u00f8dsfall, NRK | Tidligere NRK-journalist Jarl Munch er d\u00f8d"},"content":{"rendered":"\n<p>Jarl Munch ble f\u00f8dt i Bergen i 1935.<\/p>\n<p>Han gikk p\u00e5 Bergen katedralskole, f\u00f8r han tok utdanning ved Universitetet i Bergen i 1962 med fagene fransk, engelsk og historie.<\/p>\n<p>Derfra gikk veien videre til NRK, hvor han tilbrakte mesteparten av sitt yrkesliv.<\/p>\n<p>   <img decoding=\"async\" width=\"3165\" height=\"4547\" fetchpriority=\"low\"  loading=\"lazy\"  src=\"https:\/\/www.europesays.com\/no\/wp-content\/uploads\/2025\/10\/nZSkq57eOuE.jpg\" alt=\"OSLO 198808: Program.sekr. i NRK \/ Dagsrevyen Jarl Munch.&#10;Foto: Bj\u00f8rn Sigurds\u00f8n NTB \/ NTB  &#10;&#10;&#10;&#10;\" class=\"brick-c-cFOWSL\" style=\"--brick-image-ratio: 3165 \/ 4547;\"\/><\/p>\n<p>    Jarl Munch fylte 90 \u00e5r i \u00e5r. Dette bildet ble tatt p\u00e5 slutten av 80-tallet.<br \/>\n    Foto: Bj\u00f8rn Sigurds\u00f8n \/ NTB\n  <\/p>\n<p>Munch var utenrikskorrespondent for NRK i flere perioder. Han var NRKs f\u00f8rste Midt\u00f8sten-korrespondent fra 1974 til 1977, og Paris-korrespondent fra 1983 til 1986.<\/p>\n<p>Han dekket mange av tidens store nyhetssaker, blant annet revolusjonen i Iran da ayatollah Khomeini tok makten i 1979 og Hellas da landet ble styrt av en milit\u00e6rjunta.<\/p>\n<p><b>\u2013 Jarl var et unikt tidsvitne i en annen medietid og blir husket som en av NRKs viktige korrespondenter. Han var alltid elegant, b\u00e5de som menneske og journalist, sier utenriksredakt\u00f8r i NRK, Sigurd Falkenberg Mikkelsen, i en uttalelse <a href=\"https:\/\/www.nrk.no\/nyheter\/nrk-journalist-jarl-munch-er-dod_-90-ar-gammel-1.17602007\" rel=\"Follow nofollow noopener\" target=\"_blank\">til kanalen.<\/a><\/b><\/p>\n","protected":false},"excerpt":{"rendered":"Jarl Munch ble f\u00f8dt i Bergen i 1935. Han gikk p\u00e5 Bergen katedralskole, f\u00f8r han tok utdanning ved&hellip;\n","protected":false},"author":2,"featured_media":55106,"comment_status":"","ping_status":"","sticky":false,"template":"","format":"standard","meta":{"footnotes":""},"categories":[12],"tags":[36,20,21,576,24,25,15,1142,22,23,13,30,28,29,787,14,16,1510,26,27,8285,42,43,44,45],"class_list":{"0":"post-55105","1":"post","2":"type-post","3":"status-publish","4":"format-standard","5":"has-post-thumbnail","7":"category-verden","8":"tag-art","9":"tag-breaking-news","10":"tag-breakingnews","11":"tag-dodsfall","12":"tag-featured-news","13":"tag-featurednews","14":"tag-headlines","15":"tag-journalist","16":"tag-latest-news","17":"tag-latestnews","18":"tag-news","19":"tag-no","20":"tag-norge","21":"tag-norway","22":"tag-nrk","23":"tag-nyheter","24":"tag-overskrifter","25":"tag-story","26":"tag-top-stories","27":"tag-topstories","28":"tag-utenrikskorrespondent","29":"tag-verden","30":"tag-world","31":"tag-world-news","32":"tag-worldnews"},"share_on_mastodon":{"url":"","error":""},"_links":{"self":[{"href":"https:\/\/www.europesays.com\/no\/wp-json\/wp\/v2\/posts\/55105","targetHints":{"allow":["GET"]}}],"collection":[{"href":"https:\/\/www.europesays.com\/no\/wp-json\/wp\/v2\/posts"}],"about":[{"href":"https:\/\/www.europesays.com\/no\/wp-json\/wp\/v2\/types\/post"}],"author":[{"embeddable":true,"href":"https:\/\/www.europesays.com\/no\/wp-json\/wp\/v2\/users\/2"}],"replies":[{"embeddable":true,"href":"https:\/\/www.europesays.com\/no\/wp-json\/wp\/v2\/comments?post=55105"}],"version-history":[{"count":0,"href":"https:\/\/www.europesays.com\/no\/wp-json\/wp\/v2\/posts\/55105\/revisions"}],"wp:featuredmedia":[{"embeddable":true,"href":"https:\/\/www.europesays.com\/no\/wp-json\/wp\/v2\/media\/55106"}],"wp:attachment":[{"href":"https:\/\/www.europesays.com\/no\/wp-json\/wp\/v2\/media?parent=55105"}],"wp:term":[{"taxonomy":"category","embeddable":true,"href":"https:\/\/www.europesays.com\/no\/wp-json\/wp\/v2\/categories?post=55105"},{"taxonomy":"post_tag","embeddable":true,"href":"https:\/\/www.europesays.com\/no\/wp-json\/wp\/v2\/tags?post=55105"}],"curies":[{"name":"wp","href":"https:\/\/api.w.org\/{rel}","templated":true}]}}