{"id":55111,"date":"2025-10-07T21:05:09","date_gmt":"2025-10-07T21:05:09","guid":{"rendered":"https:\/\/www.europesays.com\/no\/55111\/"},"modified":"2025-10-07T21:05:09","modified_gmt":"2025-10-07T21:05:09","slug":"biden-ba-cia-tie-om-ukraina-bekymringer","status":"publish","type":"post","link":"https:\/\/www.europesays.com\/no\/55111\/","title":{"rendered":"Biden ba CIA tie om Ukraina-bekymringer"},"content":{"rendered":"<p><strong>En nyrapport fra <a href=\"https:\/\/www.foxnews.com\/politics\/biden-blocked-dissemination-intel-showing-ukrainian-officials-concerns-familys-corrupt-business-ties\" rel=\"nofollow noopener\" target=\"_blank\">Fox News Digital <\/a>viser at dav\u00e6rende visepresident Joe Biden i 2015 ba CIA om at en etterretningsrapport om ukrainske bekymringer rundt hans families forretningsforbindelser ikke skulle spres.<\/strong><\/p>\n<p>If\u00f8lge nylig avklassifiserte dokumenter skal Biden ha formidlet at han \u00absterkt foretrakk\u00bb at rapporten ikke ble distribuert. CIA bekreftet senere at rapporten aldri ble delt utenfor byr\u00e5et.<\/p>\n<p>Etterretningsrapporten beskrev hvordan ukrainske tjenestepersoner oppfattet Biden-familiens forretningsforbindelser som tegn p\u00e5 et mulig dobbeltmoral i amerikansk h\u00e5ndtering av korrupsjon.<\/p>\n<blockquote class=\"twitter-tweet\">\n<p lang=\"en\" dir=\"ltr\">\ud83d\udea8BREAKING NEWS\ud83d\udea8<\/p>\n<p>In February 2016, Joe Biden\u2019s team, then Vice President, blocked the CIA from sharing an intelligence report with policymakers.<\/p>\n<p>The report detailed senior Ukrainian officials\u2019 perceptions of Hunter Biden\u2019s business dealings in Ukraine. <a href=\"https:\/\/t.co\/pmhIUogpGz\" rel=\"nofollow\">pic.twitter.com\/pmhIUogpGz<\/a><\/p>\n<p>\u2014 Breanna Morello (@BreannaMorello) <a href=\"https:\/\/twitter.com\/BreannaMorello\/status\/1975547268200845498?ref_src=twsrc%5Etfw\" rel=\"nofollow noopener\" target=\"_blank\">October 7, 2025<\/a><\/p><\/blockquote>\n<p>\u2013 Director Ratcliffe mener dette er et eksempel p\u00e5 politisering av etterretning som vi m\u00e5 jobbe for \u00e5 eliminere, sier en h\u00f8ytst\u00e5ende CIA-kilde til Fox News Digital.<\/p>\n<p>Kilden legger til at CIA i sin gjennomgang fant det \u00abekstremt uvanlig\u00bb at Det hvite hus ble r\u00e5dspurt om distribusjonen av et etterretningsdokument.<\/p>\n<p>Representanter for Biden har forel\u00f8pig ikke kommentert saken.<\/p>\n<p><script async src=\"https:\/\/platform.twitter.com\/widgets.js\" charset=\"utf-8\"><\/script><\/p>\n","protected":false},"excerpt":{"rendered":"En nyrapport fra Fox News Digital viser at dav\u00e6rende visepresident Joe Biden i 2015 ba CIA om at&hellip;\n","protected":false},"author":2,"featured_media":55112,"comment_status":"","ping_status":"","sticky":false,"template":"","format":"standard","meta":{"footnotes":""},"categories":[12],"tags":[20,21,24,25,15,8288,96,22,23,13,30,28,29,14,16,26,27,489,42,43,44,45],"class_list":{"0":"post-55111","1":"post","2":"type-post","3":"status-publish","4":"format-standard","5":"has-post-thumbnail","7":"category-verden","8":"tag-breaking-news","9":"tag-breakingnews","10":"tag-featured-news","11":"tag-featurednews","12":"tag-headlines","13":"tag-hunter-biden","14":"tag-joe-biden","15":"tag-latest-news","16":"tag-latestnews","17":"tag-news","18":"tag-no","19":"tag-norge","20":"tag-norway","21":"tag-nyheter","22":"tag-overskrifter","23":"tag-top-stories","24":"tag-topstories","25":"tag-ukraina","26":"tag-verden","27":"tag-world","28":"tag-world-news","29":"tag-worldnews"},"share_on_mastodon":{"url":"","error":""},"_links":{"self":[{"href":"https:\/\/www.europesays.com\/no\/wp-json\/wp\/v2\/posts\/55111","targetHints":{"allow":["GET"]}}],"collection":[{"href":"https:\/\/www.europesays.com\/no\/wp-json\/wp\/v2\/posts"}],"about":[{"href":"https:\/\/www.europesays.com\/no\/wp-json\/wp\/v2\/types\/post"}],"author":[{"embeddable":true,"href":"https:\/\/www.europesays.com\/no\/wp-json\/wp\/v2\/users\/2"}],"replies":[{"embeddable":true,"href":"https:\/\/www.europesays.com\/no\/wp-json\/wp\/v2\/comments?post=55111"}],"version-history":[{"count":0,"href":"https:\/\/www.europesays.com\/no\/wp-json\/wp\/v2\/posts\/55111\/revisions"}],"wp:featuredmedia":[{"embeddable":true,"href":"https:\/\/www.europesays.com\/no\/wp-json\/wp\/v2\/media\/55112"}],"wp:attachment":[{"href":"https:\/\/www.europesays.com\/no\/wp-json\/wp\/v2\/media?parent=55111"}],"wp:term":[{"taxonomy":"category","embeddable":true,"href":"https:\/\/www.europesays.com\/no\/wp-json\/wp\/v2\/categories?post=55111"},{"taxonomy":"post_tag","embeddable":true,"href":"https:\/\/www.europesays.com\/no\/wp-json\/wp\/v2\/tags?post=55111"}],"curies":[{"name":"wp","href":"https:\/\/api.w.org\/{rel}","templated":true}]}}