{"id":55118,"date":"2025-10-07T21:11:09","date_gmt":"2025-10-07T21:11:09","guid":{"rendered":"https:\/\/www.europesays.com\/no\/55118\/"},"modified":"2025-10-07T21:11:09","modified_gmt":"2025-10-07T21:11:09","slug":"okonomi-og-naeringsliv-snaroya-krister-blir-toppsjef-far-2-500-ansatte","status":"publish","type":"post","link":"https:\/\/www.europesays.com\/no\/55118\/","title":{"rendered":"\u00d8konomi og n\u00e6ringsliv, Snar\u00f8ya | Krister blir toppsjef \u2013 f\u00e5r 2.500 ansatte"},"content":{"rendered":"\n<p>Et internasjonalt r\u00e5dgivningskonsern med kontorer i b\u00e5de Asker og B\u00e6rum har satt i gang en st\u00f8rre nordisk reorganisering. Selskapet jobber med regnskap, l\u00f8nn, HR og forretningsr\u00e5dgivning. B\u00e5de til privat n\u00e6ringsliv og offentlig sektor \u2013 og de har rundt 2.500 ansatte i Norden.<\/p>\n<p>M\u00e5let er \u00e5 styrke samarbeidet mellom virksomhetene i Norge, Sverige, Danmark og Finland, og samtidig tilby mer helhetlig oppf\u00f8lging til kundene.<\/p>\n<p>  <a href=\"https:\/\/www.budstikka.no\/5-55-2103799\" class=\"related-teaser has-image default-story-teaser article--c-eRUmMG article--c-eRUmMG-jKCPdD-design-default\" rel=\"nofollow noopener\" target=\"_blank\"><\/p>\n<p>    <img decoding=\"async\" loading=\"lazy\"  src=\"https:\/\/www.europesays.com\/no\/wp-content\/uploads\/2025\/10\/kristin-augestad-ute-web.jpg\" alt=\"\" class=\"brick-c-cFOWSL\" style=\"\"\/><\/p>\n<p>\n            Les ogs\u00e5<\/p>\n<p>              Kristin skal styre 3.000 ansatte\n        <\/p>\n<p>  <\/a><br \/>\n  Internasjonal styrking<\/p>\n<p>\u2013 Jeg gleder meg til \u00e5 jobbe tett med kolleger i hele Norden for \u00e5 styrke kundetilbudet og samarbeidet p\u00e5 tvers, sier Krister Aanesen, ny nordisk konsernsjef.<\/p>\n<p>If\u00f8lge konserndirekt\u00f8r for drift, Richard Yerbury, er den nordiske reorganiseringen en del av en st\u00f8rre internasjonal styrking.<\/p>\n<p>Bak satsingen st\u00e5r Azets, som totalt har n\u00e6rmere 9 000 ansatte fordelt p\u00e5 190 kontorer i \u00e5tte land \u2013 og som er en betydelig arbeidsgiver i v\u00e5r region.<\/p>\n<p>Azets spiller en viktig rolle for tusenvis av virksomheter som trenger st\u00f8tte til drift og utvikling, sier Aanesen.<\/p>\n<p>  <a href=\"https:\/\/www.budstikka.no\/5-55-2081476\" class=\"related-teaser has-image default-story-teaser article--c-eRUmMG article--c-eRUmMG-jKCPdD-design-default\" rel=\"nofollow noopener\" target=\"_blank\"><\/p>\n<p>    <img decoding=\"async\" loading=\"lazy\"  src=\"https:\/\/www.europesays.com\/no\/wp-content\/uploads\/2025\/10\/Einar+J%C3%B8rstad.jpg\" alt=\"\" class=\"brick-c-cFOWSL\" style=\"\"\/><\/p>\n<p>\n            Les ogs\u00e5<\/p>\n<p>              Han blir ny toppsjef for 900 i kommunen\n        <\/p>\n<p>  <\/a><br \/>\n  Vokse videre<\/p>\n<p>Aanesen har lang ledererfaring fra nordiske banker, forsikring og konsulenthus \u2013 blant annet McKinsey. Han er utdannet ingeni\u00f8r fra Strathclyde og har MBA fra Kellogg.<\/p>\n<p>\u2013 Krister Aanesen i Norden og Peter Gallanagh i Storbritannia og Irland bringer med seg den erfaringen vi trenger for \u00e5 vokse videre. Dette handler om \u00e5 gi enda bedre tjenester til kundene v\u00e5re og bygge sterke, lokale team, sier Yerbury.<\/p>\n<p>Aanesen tiltr\u00e5dte stillingen mandag 6. oktober. Det kommer frem i en pressemelding fra selskapet.<\/p>\n","protected":false},"excerpt":{"rendered":"Et internasjonalt r\u00e5dgivningskonsern med kontorer i b\u00e5de Asker og B\u00e6rum har satt i gang en st\u00f8rre nordisk reorganisering.&hellip;\n","protected":false},"author":2,"featured_media":55119,"comment_status":"","ping_status":"","sticky":false,"template":"","format":"standard","meta":{"footnotes":""},"categories":[56],"tags":[36,60,61,416,62,30,28,29,216,4499,1510],"class_list":{"0":"post-55118","1":"post","2":"type-post","3":"status-publish","4":"format-standard","5":"has-post-thumbnail","7":"category-naeringsliv","8":"tag-art","9":"tag-business","10":"tag-economy","11":"tag-jobb","12":"tag-naeringsliv","13":"tag-no","14":"tag-norge","15":"tag-norway","16":"tag-okonomi-og-naeringsliv","17":"tag-snaroya","18":"tag-story"},"share_on_mastodon":{"url":"","error":""},"_links":{"self":[{"href":"https:\/\/www.europesays.com\/no\/wp-json\/wp\/v2\/posts\/55118","targetHints":{"allow":["GET"]}}],"collection":[{"href":"https:\/\/www.europesays.com\/no\/wp-json\/wp\/v2\/posts"}],"about":[{"href":"https:\/\/www.europesays.com\/no\/wp-json\/wp\/v2\/types\/post"}],"author":[{"embeddable":true,"href":"https:\/\/www.europesays.com\/no\/wp-json\/wp\/v2\/users\/2"}],"replies":[{"embeddable":true,"href":"https:\/\/www.europesays.com\/no\/wp-json\/wp\/v2\/comments?post=55118"}],"version-history":[{"count":0,"href":"https:\/\/www.europesays.com\/no\/wp-json\/wp\/v2\/posts\/55118\/revisions"}],"wp:featuredmedia":[{"embeddable":true,"href":"https:\/\/www.europesays.com\/no\/wp-json\/wp\/v2\/media\/55119"}],"wp:attachment":[{"href":"https:\/\/www.europesays.com\/no\/wp-json\/wp\/v2\/media?parent=55118"}],"wp:term":[{"taxonomy":"category","embeddable":true,"href":"https:\/\/www.europesays.com\/no\/wp-json\/wp\/v2\/categories?post=55118"},{"taxonomy":"post_tag","embeddable":true,"href":"https:\/\/www.europesays.com\/no\/wp-json\/wp\/v2\/tags?post=55118"}],"curies":[{"name":"wp","href":"https:\/\/api.w.org\/{rel}","templated":true}]}}