{"id":55122,"date":"2025-10-07T21:13:12","date_gmt":"2025-10-07T21:13:12","guid":{"rendered":"https:\/\/www.europesays.com\/no\/55122\/"},"modified":"2025-10-07T21:13:12","modified_gmt":"2025-10-07T21:13:12","slug":"vi-kan-ikke-gi-opp-barna-vare","status":"publish","type":"post","link":"https:\/\/www.europesays.com\/no\/55122\/","title":{"rendered":"\u2013 Vi kan ikke gi opp barna v\u00e5re"},"content":{"rendered":"\n<ul class=\"_list_1994c_3 _list_64s2r_85 _unordered_1994c_105 text-sans-m\">\n<li class=\"_item_1994c_30\">Mange studieplasser for \u00e5 bli barnehagel\u00e6rer st\u00e5r tomme og flere barnehager sliter med \u00e5 rekruttere kvalifisert personell. <\/li>\n<li class=\"_item_1994c_30\">Sykefrav\u00e6ret blant barnehageansatte er nesten dobbelt s\u00e5 h\u00f8yt som i resten av samfunnet.<\/li>\n<li class=\"_item_1994c_30\">Barnehagel\u00e6rer Hege Herefoss foresl\u00e5r flere tiltak for at det skal bli enklere \u00e5 st\u00e5 i jobb. <\/li>\n<li class=\"_item_1994c_30\">Selv nekter hun \u00e5 slutte fordi alt hun elsker og synes er viktig med yrket veier opp for det som er vanskelig.<\/li>\n<\/ul>\n<p>Vis mer <\/p>\n<p class=\"_paragraph_1994c_4 _paragraph_xtcu6_10 layout-component text-serif-m layout-normal text-serif-m layout-padded\">Mye har forandret seg siden den erfarne pedagogen f\u00f8rst begynte i barnehage for over 33 \u00e5r siden: <\/p>\n<p class=\"_paragraph_1994c_4 _paragraph_xtcu6_10 layout-component text-serif-m layout-normal text-serif-m layout-padded\">Barn er mye yngre n\u00e5r de starter i barnehagen. Alle, ogs\u00e5 de med spesielle behov, g\u00e5r i samme barnehage. Det har ogs\u00e5 blitt flere krav til dokumentasjon og kartlegging for barnehagene.<\/p>\n<p class=\"_paragraph_1994c_4 _paragraph_xtcu6_10 layout-component text-serif-m layout-normal text-serif-m layout-padded\">\u2013 Uten at det har fulgt med s\u00e6rlig mange ressurser, if\u00f8lge Herefoss.<\/p>\n<p class=\"_paragraph_1994c_4 _paragraph_xtcu6_10 layout-component text-serif-m layout-normal text-serif-m layout-padded\">Med glitterkorn i fjeset sitter hun p\u00e5 gulvet i Eilert Sundt SiO-barnehage p\u00e5 Blindern og har satt de store barna i gang med fantasibyggverk. <\/p>\n<p><img alt=\"Foto: Line M\u00f8ller \/ VG\" class=\"_image_qp4xg_65 layout-component layout-normal\" data-fullscreen- data-track-element-type=\"Article image fullscreen\" data-track-name=\"ImageFullscreen\" decoding=\"async\" loading=\"lazy\" height=\"5504\" itemprop=\"image\"  src=\"https:\/\/www.europesays.com\/no\/wp-content\/uploads\/2025\/10\/31193e04-7cd9-44fa-8cb7-26f346d9c026\"  style=\"object-position:0% 0%\" width=\"8256\"\/>Foto: Line M\u00f8ller \/ VG<\/p>\n<p class=\"_paragraph_1994c_4 _paragraph_xtcu6_10 layout-component text-serif-m layout-normal text-serif-m layout-padded\"><strong class=\"_strong_1994c_25\">Til tross for at Herefoss og mange med henne opplever et stadig st\u00f8rre press p\u00e5 barnehageansatte, er det lite som tilsier at det skal bli enklere \u00e5 f\u00e5 tak i kvalifisert personell til \u00e5 jobbe med barna:<\/strong><\/p>\n<ul class=\"_list_1994c_3 _list_xtcu6_9 _unordered_1994c_105 layout-component text-serif-m layout-normal text-serif-m layout-padded\">\n<li class=\"_item_1994c_30\">En fersk <a href=\"https:\/\/www.khrono.no\/fra-vondt-til-verre-faerre-tar-barnehageutdanning\/997586\" class=\"_link_1994c_39\" rel=\"nofollow noopener\" target=\"_blank\">kartlegging gjort av avisen Khrono<\/a>, viser at 40 prosent av studieplassene for \u00e5 bli barnehagel\u00e6rer sto tomme etter studiestart i h\u00f8st. Det er en forverring siden forrige kartlegging i 2023 \u2013 da en tredel av plassene sto ledige. <\/li>\n<li class=\"_item_1994c_30\">Mange barnehager <a href=\"https:\/\/www.vg.no\/nyheter\/i\/0VJXgG\/bruker-fritid-paa-barnehagejobben-toeyer-strikken\" data-track-element-type=\"Link\" data-track-id=\"link:0VJXgG\" class=\"_link_1994c_39\" rel=\"nofollow noopener\" target=\"_blank\">sliter allerede med \u00e5 f\u00e5 tak i kvalifiserte ansatte.<\/a> Lederen for Utdanningsforbundet Utdanningsforbundet En fagforening som representerer ansatte innen utdanningssektoren i Norge, inkludert l\u00e6rere og barnehageansatte.<a href=\"https:\/\/www.vg.no\/nyheter\/i\/wg2X65\/krise-i-barnehage-norge-det-er-forferdelig\" data-track-element-type=\"Link\" data-track-id=\"link:wg2X65\" class=\"_link_1994c_39\" rel=\"nofollow noopener\" target=\"_blank\">varslet i v\u00e5res om at vi er inne i en stor krise<\/a> for barnehagene. <\/li>\n<li class=\"_item_1994c_30\">Sykefrav\u00e6ret blant de barnehageansatte er dessuten <a href=\"https:\/\/www.vg.no\/nyheter\/i\/Oowd41\/barnehageansatte-har-nesten-dobbelt-saa-hoeyt-sykefravaer-som-andre-ond-sirkel\" data-track-element-type=\"Link\" data-track-id=\"link:Oowd41\" class=\"_link_1994c_39\" rel=\"nofollow noopener\" target=\"_blank\">jevnt over nesten dobbelt s\u00e5 h\u00f8yt som for resten av samfunnet, <\/a>viser nye SSB-tall. <\/li>\n<\/ul>\n<p class=\"_paragraph_1994c_4 _paragraph_xtcu6_10 layout-component text-serif-m layout-normal text-serif-m layout-padded\">Grafen under viser sykefrav\u00e6ret i f\u00f8rste kvartal fra 2015\u20132025 i prosent:<\/p>\n<p><img alt=\"I LEK: Tre \u00e5r gamle Sofie har glede av \u00e5 leke med barnehagel\u00e6rer Hege Herefoss (55) som har over 30 \u00e5r bak seg i Sio-barnehagene i Oslo.  Foto: Line M\u00f8ller \/ VG\" class=\"_image_qp4xg_65 layout-component layout-normal\" data-fullscreen- data-track-element-type=\"Article image fullscreen\" data-track-name=\"ImageFullscreen\" decoding=\"async\" loading=\"lazy\" height=\"4664\" itemprop=\"image\"  src=\"https:\/\/www.europesays.com\/no\/wp-content\/uploads\/2025\/10\/c59bb28b-3fad-4e9a-a680-8ae507122774\"  style=\"object-position:0% 0%\" width=\"6248\"\/>I LEK: Tre \u00e5r gamle Sofie har glede av \u00e5 leke med barnehagel\u00e6rer Hege Herefoss (55) som har over 30 \u00e5r bak seg i Sio-barnehagene i Oslo.  Foto: Line M\u00f8ller \/ VG<\/p>\n<p class=\"_paragraph_1994c_4 _paragraph_xtcu6_10 layout-component text-serif-m layout-normal text-serif-m layout-padded\">Minner Herefoss har fra den f\u00f8rste tiden i jobb st\u00e5r i kontrast til situasjonen i barnehagen i dag.<\/p>\n<p class=\"_paragraph_1994c_4 _paragraph_xtcu6_10 layout-component text-serif-m layout-normal text-serif-m layout-padded\">\u2013 Da jeg startet i jobben husker jeg at barn som hadde litt sosiale utfordringer hadde med seg en assistent p\u00e5 fulltid. I dag kan det v\u00e6re vanskelig \u00e5 f\u00e5 bare noen timer med st\u00f8tteressurs i uken.<\/p>\n<p class=\"_paragraph_1994c_4 _paragraph_xtcu6_10 layout-component text-serif-m layout-normal text-serif-m layout-padded\">Stort sett skal grunnbemanningengrunnbemanningenI Norge er det en bemanningsnorm som sier hvor mange ansatte barnehagen skal ha fordelt p\u00e5 antall barn. Disse utgj\u00f8r grunnbemanningen. dekke alt isteden, forklarer hun. <\/p>\n<p class=\"_paragraph_1994c_4 _paragraph_xtcu6_10 layout-component text-serif-m layout-normal text-serif-m layout-padded\">\u2013 Det merkes godt hvis det er flere barn med ekstra behov p\u00e5 \u00e9n avdeling. Det kan v\u00e6re ganske utfordrende. <\/p>\n<p class=\"_paragraph_1994c_4 _paragraph_xtcu6_10 layout-component text-serif-m layout-normal text-serif-m layout-padded\">\u2013 Hvordan p\u00e5virker det deg?<\/p>\n<p class=\"_paragraph_1994c_4 _paragraph_xtcu6_10 layout-component text-serif-m layout-normal text-serif-m layout-padded\">\u2013 Jeg f\u00f8ler ofte at jeg ikke strekker til. Det er en vond f\u00f8lelse. Det hender jeg gr\u00e5ter p\u00e5 vei hjem, fordi jeg f\u00f8ler at jeg ikke har klart \u00e5 v\u00e6re der nok for alle barna. <\/p>\n<p class=\"_paragraph_1994c_4 _paragraph_xtcu6_10 layout-component text-serif-m layout-normal text-serif-m layout-padded\"><strong class=\"_strong_1994c_25\">\u2013 Barna er tross alt det viktigste folk har. De er det viktigste vi har i samfunnet.<\/strong><\/p>\n<p><img alt=\"T\u00d8FT: Hege Herefoss kjenner ogs\u00e5 p\u00e5 det som er vanskelig i barnehagejobben, men mener det fine veier opp.   Foto: Line M\u00f8ller \/ VG\" class=\"_image_qp4xg_65 layout-component layout-normal\" data-fullscreen- data-track-element-type=\"Article image fullscreen\" data-track-name=\"ImageFullscreen\" decoding=\"async\" loading=\"lazy\" height=\"5504\" itemprop=\"image\"  src=\"https:\/\/www.europesays.com\/no\/wp-content\/uploads\/2025\/10\/ad817741-1983-4462-ad4b-d76cb8e78f2b\"  style=\"object-position:0% 0%\" width=\"8256\"\/>T\u00d8FT: Hege Herefoss kjenner ogs\u00e5 p\u00e5 det som er vanskelig i barnehagejobben, men mener det fine veier opp.   Foto: Line M\u00f8ller \/ VG Var selv sykmeldt \u2013 kom tilbake<\/p>\n<p class=\"_paragraph_1994c_4 _paragraph_xtcu6_10 layout-component text-serif-m layout-normal text-serif-m layout-padded\">Under coronapandemien m\u00f8tte Herefoss veggen \u2013 og ble en del av den h\u00f8ye sykefrav\u00e6rsstatistikken. Da hun kom tilbake, inns\u00e5 hun at det virkelig var verdt \u00e5 kjempe seg tilbake.<\/p>\n<p class=\"_paragraph_1994c_4 _paragraph_xtcu6_10 layout-component text-serif-m layout-normal text-serif-m layout-padded\">Alternativet ville v\u00e6rt \u00e5 gi opp det hun brenner for, mener hun.<\/p>\n<p class=\"_paragraph_1994c_4 _paragraph_xtcu6_10 layout-component text-serif-m layout-normal text-serif-m layout-padded\">\u2013 Jeg m\u00e5 stadig jobbe med meg selv, og si at alt det gode vinner over det som er vanskelig. Men n\u00e5 er det altfor mange stemmer som snakker om hvor t\u00f8ft det er \u00e5 jobbe i barnehage. Vi m\u00e5 begynne \u00e5 fortelle hverandre en ny historie om oss selv og dette yrket, slik at flinke folk velger seg hit.<\/p>\n<p><img alt=\"MED BARNA: Anna Pilar (4), H\u00e5kon (4) p\u00e5 fanget og Mylo (4) i forgrunnen sammen med barnehagel\u00e6rer Hege.  Foto: Line M\u00f8ller \/ VG\" class=\"_image_qp4xg_65 layout-component layout-normal\" data-fullscreen- data-track-element-type=\"Article image fullscreen\" data-track-name=\"ImageFullscreen\" decoding=\"async\" loading=\"lazy\" height=\"5296\" itemprop=\"image\"  src=\"https:\/\/www.europesays.com\/no\/wp-content\/uploads\/2025\/10\/2ad87bb6-effb-4d6b-ae08-46b901bcf69e\"  style=\"object-position:0% 0%\" width=\"4354\"\/>MED BARNA: Anna Pilar (4), H\u00e5kon (4) p\u00e5 fanget og Mylo (4) i forgrunnen sammen med barnehagel\u00e6rer Hege.  Foto: Line M\u00f8ller \/ VG<\/p>\n<p class=\"_paragraph_1994c_4 _paragraph_xtcu6_10 layout-component text-serif-m layout-normal text-serif-m layout-padded\">Om nedgangen i s\u00f8kertall og rekrutteringsutfordringene fortsetter, frykter Herefoss det i verste fall bare blir vikarer som er inn og ut av barnehagene i mangel p\u00e5 kvalifiserte folk, og at barnehagen bare blir en oppbevaringsplass.<\/p>\n<p class=\"_paragraph_1994c_4 _paragraph_xtcu6_10 layout-component text-serif-m layout-normal text-serif-m layout-padded\">\u2013 Hvordan vil du overbevise kommende barnehagel\u00e6rere om at det er verdt det \u00e5 velge yrket?<\/p>\n<p class=\"_paragraph_1994c_4 _paragraph_xtcu6_10 layout-component text-serif-m layout-normal text-serif-m layout-padded\">\u2013 Alle arbeidsplasser er forskjellig. Trives du ikke i din f\u00f8rste jobb, finn en ny barnehage, r\u00e5der hun. <\/p>\n<p class=\"_paragraph_1994c_4 _paragraph_xtcu6_10 layout-component text-serif-m layout-normal text-serif-m layout-padded\">Gi deg selv tid i jobben, er r\u00e5d nummer to:<\/p>\n<p class=\"_paragraph_1994c_4 _paragraph_xtcu6_10 layout-component text-serif-m layout-normal text-serif-m layout-padded\">\u2013 Som pedagogisk leder m\u00e5 du v\u00e6re trygg p\u00e5 hva du st\u00e5r for. Det er s\u00e5 mange krav utenfra, fra b\u00e5de foreldre, barnet og kolleger. Tenk bare p\u00e5 \u00e5 spise skorpe. Det er det hundre forskjellige meninger om, ikke sant? <\/p>\n<p class=\"_paragraph_1994c_4 _paragraph_xtcu6_10 layout-component text-serif-m layout-normal text-serif-m layout-padded\">Da er det du som bestemmer linjen avdelingen skal ligge p\u00e5, forklarer hun.<\/p>\n<p class=\"_paragraph_1994c_4 _paragraph_xtcu6_10 layout-component text-serif-m layout-normal text-serif-m layout-padded\">\u2013 Det kan ta tid \u00e5 opparbeide seg den tryggheten, og her tror jeg mange kan g\u00e5 p\u00e5 en smell n\u00e5r de kommer rett fra utdanning og inn i yrkeslivet.<\/p>\n<p>  \u2013 Kan ikke gi opp<\/p>\n<p class=\"_paragraph_1994c_4 _paragraph_xtcu6_10 layout-component text-serif-m layout-normal text-serif-m layout-padded\">Men Herefoss er ogs\u00e5 tydelig p\u00e5 at en \u00f8kt satsing p\u00e5 barnehage m\u00e5 til:<\/p>\n<p class=\"_paragraph_1994c_4 _paragraph_xtcu6_10 layout-component text-serif-m layout-normal text-serif-m layout-padded\">\u00d8kt grunnbemanning\u00d8kt grunnbemanningBarnehagene har en bemanningsnorm som sier hvor mange \u00e5rsverk barnehagen skal ha fordelt p\u00e5 antall barn. Den m\u00e5 \u00f8kes, mener Herefoss., eller helst mindre barnegrupper, forklarer hun. <\/p>\n<p class=\"_paragraph_1994c_4 _paragraph_xtcu6_10 layout-component text-serif-m layout-normal text-serif-m layout-padded\">\u2013 Dette har flere sagt f\u00f8r deg?<\/p>\n<p class=\"_paragraph_1994c_4 _paragraph_xtcu6_10 layout-component text-serif-m layout-normal text-serif-m layout-padded\"><strong class=\"_strong_1994c_25\">\u2013 Men vi kan ikke gi opp barna v\u00e5re. Vi m\u00e5 kjempe p\u00e5 for yrket v\u00e5rt. \u00c5 gi opp fordi vi ikke blir h\u00f8rt er det dummeste vi kan gj\u00f8re. <\/strong><\/p>\n<p><img alt=\"NYUTDANNET: Heges kollega Mathias Yekee (25) har nettopp tatt fatt p\u00e5 sitt andre \u00e5r som barnehagel\u00e6rer og f\u00f8ler seg trygg p\u00e5 at valget er rett.  Foto: Line M\u00f8ller \/ VG\" class=\"_image_qp4xg_65 layout-component layout-normal\" data-fullscreen- data-track-element-type=\"Article image fullscreen\" data-track-name=\"ImageFullscreen\" decoding=\"async\" loading=\"lazy\" height=\"5012\" itemprop=\"image\"  src=\"https:\/\/www.europesays.com\/no\/wp-content\/uploads\/2025\/10\/5b622eac-de97-4d1b-98e7-bbbf7a502e78\"  style=\"object-position:0% 0%\" width=\"6756\"\/>NYUTDANNET: Heges kollega Mathias Yekee (25) har nettopp tatt fatt p\u00e5 sitt andre \u00e5r som barnehagel\u00e6rer og f\u00f8ler seg trygg p\u00e5 at valget er rett.  Foto: Line M\u00f8ller \/ VG<\/p>\n<p class=\"_paragraph_1994c_4 _paragraph_xtcu6_10 layout-component text-serif-m layout-normal text-serif-m layout-padded\">For \u00e5 beholde erfarne og flinke folk, foresl\u00e5r Herefoss b\u00e5de et slitertilleggslitertillegg\u00d8konomisk tillegg for \u00e5 st\u00e5 i jobb ved en viss alder. og en s\u00e6raldersgrense s\u00e6raldersgrense Lavere aldersgrense for pensjon enn den generelle grensen som f\u00f8lge av belastningen i yrket. som gj\u00f8r det mulig \u00e5 se for seg \u00e5 st\u00e5 yrkeslivet ut i en barnehage.<\/p>\n<p class=\"_paragraph_1994c_4 _paragraph_xtcu6_10 layout-component text-serif-m layout-normal text-serif-m layout-padded\">\u2013 I barnehagen skal du t\u00e5le st\u00f8y og br\u00e5 endringer der du m\u00e5 kaste seg rundt og gj\u00f8re om p\u00e5 planer \u2013 ofte flere ganger om dagen, sier hun. <\/p>\n<p class=\"_paragraph_1994c_4 _paragraph_xtcu6_10 layout-component text-serif-m layout-normal text-serif-m layout-padded\">Det blir vanskeligere med alderen, tror hun. Herefoss har selv mange barnehagel\u00e6rervenner som er delvis uf\u00f8r etter mange \u00e5r i jobben. <\/p>\n<p class=\"_paragraph_1994c_4 _paragraph_xtcu6_10 layout-component text-serif-m layout-normal text-serif-m layout-padded\">\u2013 Barnehagen er livet mitt. Men selv ser jeg maks for meg at jeg holder ut til jeg er 64. Aldri til jeg er 70 \u00e5r &#8230; Det er utopisk. <\/p>\n<p><img alt=\"Foto: Line M\u00f8ller \/ VG\" class=\"_image_qp4xg_65 layout-component layout-normal\" data-fullscreen- data-track-element-type=\"Article image fullscreen\" data-track-name=\"ImageFullscreen\" decoding=\"async\" loading=\"lazy\" height=\"5504\" itemprop=\"image\"  src=\"https:\/\/www.europesays.com\/no\/wp-content\/uploads\/2025\/10\/bd0393a9-9e7f-4d86-85da-45ac87a5a614\"  style=\"object-position:0% 0%\" width=\"8256\"\/>Foto: Line M\u00f8ller \/ VG<\/p>\n<p class=\"_paragraph_1994c_4 _paragraph_xtcu6_10 layout-component text-serif-m layout-normal text-serif-m layout-padded\">Har du et tips til VG som handler om bemanningssituasjonen i din barnehage? Ta gjerne kontakt med <a href=\"https:\/\/www.vg.no\/nyheter\/i\/8qexnr\/mailto:synne@vg.no\" class=\"_link_1994c_39\" rel=\"nofollow noopener\" target=\"_blank\">VGs journalist her<\/a>.<\/p>\n<p> Barndommens magi<\/p>\n<p class=\"_paragraph_1994c_4 _paragraph_xtcu6_10 layout-component text-serif-m layout-normal text-serif-m layout-padded\">Omtrent hele sin karriere har Herefoss hatt i Studentsamskipnad-barnehagene i Oslo. Arbeidsgiveren har delt hennes fremste verdi om at leken skal st\u00e5 i sentrum. <\/p>\n<p class=\"_paragraph_1994c_4 _paragraph_xtcu6_10 layout-component text-serif-m layout-normal text-serif-m layout-padded\">Det bringer henne inn p\u00e5 hvorfor hun brenner s\u00e5nn for barnehagejobben:<\/p>\n<p class=\"_paragraph_1994c_4 _paragraph_xtcu6_10 layout-component text-serif-m layout-normal text-serif-m layout-padded\">\u2013 Alle barn fortjener m\u00f8ter med voksne som er interessert i hvem de er og m\u00f8ter dem p\u00e5 en god m\u00e5te. Det er s\u00e5 viktig for fremtiden v\u00e5r at barn f\u00e5r gode m\u00f8ter s\u00e5 de kan bli trygge p\u00e5 seg selv senere i livet, og kjenne at det er ok \u00ab\u00e5 v\u00e6re hele meg\u00bb.<\/p>\n<p class=\"_paragraph_1994c_4 _paragraph_xtcu6_10 layout-component text-serif-m layout-normal text-serif-m layout-padded\">I en tid med mange impulser fra flere hold, b\u00f8r barnehagene dessuten legge til rette for noe annet, mener hun:<\/p>\n<p class=\"_paragraph_1994c_4 _paragraph_xtcu6_10 layout-component text-serif-m layout-normal text-serif-m layout-padded\">\u2013 Vi i barnehagene m\u00e5 ta vare p\u00e5 barndommens magi. <\/p>\n<p><img alt=\"Foto: Line M\u00f8ller \/ VG\" class=\"_image_qp4xg_65 layout-component layout-normal\" data-fullscreen- data-track-element-type=\"Article image fullscreen\" data-track-name=\"ImageFullscreen\" decoding=\"async\" loading=\"lazy\" height=\"4388\" itemprop=\"image\"  src=\"https:\/\/www.europesays.com\/no\/wp-content\/uploads\/2025\/10\/b1324b6a-c4a8-40ca-91da-55372646db53\"  style=\"object-position:0% 0%\" width=\"6626\"\/>Foto: Line M\u00f8ller \/ VG<\/p>\n<p class=\"_paragraph_1994c_4 _paragraph_xtcu6_10 layout-component text-serif-m layout-normal text-serif-m layout-padded\">\u2013 Hva er denne magien?<\/p>\n<p class=\"_paragraph_1994c_4 _paragraph_xtcu6_10 layout-component text-serif-m layout-normal text-serif-m layout-padded\">\u2013 Det oppst\u00e5r spesielt i leken. Barn kommer inn i en flytsone. De glemmer verden rundt seg, og trenger ikke tenke at de hele tiden skal \u00abvidere\u00bb til noe nytt eller noe annet. De f\u00e5r v\u00e6re her og n\u00e5. Og det er bra for stresshormonene i kroppen. Det er bra for alt. <\/p>\n<p><img alt=\"I LEK SAMMEN: Anna Pilar (4) og H\u00e5kon (4) bygger sitt fantasibygg.  Foto: Line M\u00f8ller \/ VG\" class=\"_image_qp4xg_65 layout-component layout-normal\" data-fullscreen- data-track-element-type=\"Article image fullscreen\" data-track-name=\"ImageFullscreen\" decoding=\"async\" loading=\"lazy\" height=\"5504\" itemprop=\"image\"  src=\"https:\/\/www.europesays.com\/no\/wp-content\/uploads\/2025\/10\/e62656ea-83e1-4b59-ac79-34bcfc49b0d5\"  style=\"object-position:0% 0%\" width=\"5810\"\/>I LEK SAMMEN: Anna Pilar (4) og H\u00e5kon (4) bygger sitt fantasibygg.  Foto: Line M\u00f8ller \/ VG Vil finne svar<\/p>\n<p class=\"_paragraph_1994c_4 _paragraph_xtcu6_10 layout-component text-serif-m layout-normal text-serif-m layout-padded\">Lars Gulbrandsen ved Velferdsforskningsinstituttet NOVA NOVA  Et forskningsinstitutt ved Oslomet som fokuserer p\u00e5 velferdsforskning, inkludert studier om barnehager og utdanning.p\u00e5 OsloMet jobber for tiden med <a href=\"https:\/\/www.uis.no\/nb\/forskning\/filiorum-senter-for-barnehageforskning\/barnehage\/skal-kartlegge-utfordringer-og?fbclid=IwY2xjawNAuBlleHRuA2FlbQIxMQABHsT620HWN7VF71UeVPaJ0X6XUQQME8AUTXri70pkukNrie3_wsUMXr5gljM1_aem_SPonFUGnfCqt9vahzDObaw\" class=\"_link_1994c_39\" rel=\"nofollow noopener\" target=\"_blank\">et forskningsprosjekt som har som m\u00e5l \u00e5 bidra med kunnskap som kan bidra til effektive tiltak<\/a> for \u00e5 beholde ansatte i barnehagene.<\/p>\n<p class=\"_paragraph_1994c_4 _paragraph_xtcu6_10 layout-component text-serif-m layout-normal text-serif-m layout-padded\">Mens stabiliteten i yrket var god frem til pandemien, har noe snudd siden. Svaret p\u00e5 hvorfor det er s\u00e5nn, mangler svar i forskningen. <\/p>\n<p><img decoding=\"async\" alt=\"Bilde av Lars Gulbrandsen\" class=\"_image_ygndg_42\" height=\"53\" itemprop=\"image\" loading=\"lazy\"  src=\"https:\/\/www.europesays.com\/no\/wp-content\/uploads\/2025\/10\/86f37d26-0c55-4156-9911-9cf6150a3e7a\"  width=\"40\"\/><strong class=\"_name_ygndg_51 title-serif-xs\">Lars Gulbrandsen<\/strong><\/p>\n<p class=\"_paragraph_1994c_4 text-sans-m _description_ygndg_56\">Velferdsforskningsinstituttet NOVA p\u00e5 OsloMet<\/p>\n<p class=\"_paragraph_1994c_4 _paragraph_xtcu6_10 layout-component text-serif-m layout-normal text-serif-m layout-padded\">Gulbrandsen forteller imidlertid at et tydelig funn i dataene s\u00e5 langt er at de som tar utdanning mens de jobber, s\u00e5kalt arbeidsplassbasert utdanning, utgj\u00f8r en \u00f8kende andel av dem som blir barnehagel\u00e6rere. Blant dem er det nesten ingen som slutter. <\/p>\n<p class=\"_paragraph_1994c_4 _paragraph_xtcu6_10 layout-component text-serif-m layout-normal text-serif-m layout-padded\">Gulbrandsen tror det kan forklares slik: <\/p>\n<p class=\"_paragraph_1994c_4 _paragraph_xtcu6_10 layout-component text-serif-m layout-normal text-serif-m layout-padded\">\u2013 De er en mer stabil arbeidskraft fordi de vet hva de g\u00e5r til, i motsetning til de som kommer rett fra videreg\u00e5ende. De har allerede jobbet en stund i barnehage, de vet at de er garantert jobb etter utdanningen og de vet hva jobben inneb\u00e6rer. <\/p>\n<p> Krever endring<\/p>\n<p class=\"_paragraph_1994c_4 _paragraph_xtcu6_10 layout-component text-serif-m layout-normal text-serif-m layout-padded\">Fagforeningsleder Maren Oddvang i Fagforbundet Barn og Oppvekst Oslo er klar i sin tale om hva det st\u00f8rste problemet med de synkende s\u00f8kertallene til barnehageyrkene er:<\/p>\n<p class=\"_paragraph_1994c_4 _paragraph_xtcu6_10 layout-component text-serif-m layout-normal text-serif-m layout-padded\"><strong class=\"_strong_1994c_25\">\u2013 Det er at det er for f\u00e5 ansatte i barnehagene allerede.<\/strong><\/p>\n<p><img decoding=\"async\" alt=\"Bilde av Maren Oddvang\" class=\"_image_ygndg_42\" height=\"34\" itemprop=\"image\" loading=\"lazy\"  src=\"https:\/\/www.europesays.com\/no\/wp-content\/uploads\/2025\/10\/4f623117-e183-4d6c-8dfc-2647ea0b6cc1\"  width=\"40\"\/><strong class=\"_name_ygndg_51 title-serif-xs\">Maren Oddvang<\/strong><\/p>\n<p class=\"_paragraph_1994c_4 text-sans-m _description_ygndg_56\">Leder Fagforbundet Barn og Oppvekst i Oslo<\/p>\n<p class=\"_paragraph_1994c_4 _paragraph_xtcu6_10 layout-component text-serif-m layout-normal text-serif-m layout-padded\">For <a href=\"https:\/\/klassekampen.no\/artikkel\/2024-04-03\/arbeidsliv\" class=\"_link_1994c_39\" rel=\"nofollow noopener\" target=\"_blank\">ogs\u00e5 s\u00f8kingen til helse- og oppvekstfag, der du kan ta fagbrev i barne- og ungdomsarbeiderfaget<\/a>, har g\u00e5tt ned siden 2020 \u2013 og stadig f\u00e6rre tar fagbrev viser tall fra de siste fem \u00e5rene:<\/p>\n<p class=\"_paragraph_1994c_4 _paragraph_xtcu6_10 layout-component text-serif-m layout-normal text-serif-m layout-padded\">Den ferskeste medlemsunders\u00f8kelsen i forbundet viste at 65 prosent av barnehageassistentene mener bemanningen er for lav til \u00e5 kunne gj\u00f8re en forsvarlig jobb. Nesten like mange barne- og ungdomsarbeidere svarte det samme.<\/p>\n<p class=\"_paragraph_1994c_4 _paragraph_xtcu6_10 layout-component text-serif-m layout-normal text-serif-m layout-padded\">\u2013 Vi har en norm som sier noe om hvor mange ansatte det skal v\u00e6re per barn, men den brukes som en maksimumsnorm, ikke en minimumsnorm. Da f\u00e5r de som er p\u00e5 jobb kun gjort det som er n\u00f8dvendig \u00e5 gj\u00f8re.<\/p>\n<p class=\"_paragraph_1994c_4 _paragraph_xtcu6_10 layout-component text-serif-m layout-normal text-serif-m layout-padded\">Fagforbundet barn og oppvekst krever at bemanningsnormen heves, og at den skal gjelde i hele \u00e5pningstiden p\u00e5 avdelingsniv\u00e5. Kort fortalt betyr det flere ansatte p\u00e5 jobb\u00a0sammen\u00a0med barna. <\/p>\n<p>Hva er bemanningsnormen?<\/p>\n<p class=\"_paragraph_1994c_4 _paragraph_xtcu6_10 _paragraph_16v91_10 layout-component text-serif-m layout-normal text-sans-m layout-padded\" itemprop=\"text\">Bemanningsnormen for barnehagene i Norge ble vedtatt av Stortinget i 2018 og er lovfestet.<\/p>\n<p class=\"_paragraph_1994c_4 _paragraph_xtcu6_10 _paragraph_16v91_10 layout-component text-serif-m layout-normal text-sans-m layout-padded\" itemprop=\"text\">Normen sier at det skal v\u00e6re minst \u00e9n ansatt per tre barn under tre \u00e5r, og minst \u00e9n ansatt per seks barn over tre \u00e5r.<\/p>\n<p class=\"_paragraph_1994c_4 _paragraph_xtcu6_10 _paragraph_16v91_10 layout-component text-serif-m layout-normal text-sans-m layout-padded\" itemprop=\"text\">Normen gjelder \u00abp\u00e5 papiret\u00bb \u2013 som vil si at hvis hele barnehagen har nok \u00e5rsverk fordelt p\u00e5 antall barn, oppfyller de normen. <\/p>\n<p class=\"_paragraph_1994c_4 _paragraph_xtcu6_10 _paragraph_16v91_10 layout-component text-serif-m layout-normal text-sans-m layout-padded\" itemprop=\"text\">Nesten alle norske barnehager oppfyller normen p\u00e5 papiret. Det er lite dokumentasjon p\u00e5 hva som <\/p>\n<p class=\"_paragraph_1994c_4 _paragraph_xtcu6_10 _paragraph_16v91_10 layout-component text-serif-m layout-normal text-sans-m layout-padded\" itemprop=\"text\">Normen krever alts\u00e5 ikke at det kontinuerlig i l\u00f8pet av dagen er s\u00e5 mange ansatte som normen sier at det skal v\u00e6re fysisk til stede sammen med barna. <\/p>\n","protected":false},"excerpt":{"rendered":"Mange studieplasser for \u00e5 bli barnehagel\u00e6rer st\u00e5r tomme og flere barnehager sliter med \u00e5 rekruttere kvalifisert personell. Sykefrav\u00e6ret&hellip;\n","protected":false},"author":2,"featured_media":55123,"comment_status":"","ping_status":"","sticky":false,"template":"","format":"standard","meta":{"footnotes":""},"categories":[10],"tags":[838,20,21,24,25,15,22,23,13,30,28,29,14,16,2318,26,27,132,1995],"class_list":{"0":"post-55122","1":"post","2":"type-post","3":"status-publish","4":"format-standard","5":"has-post-thumbnail","7":"category-norge","8":"tag-barnehage","9":"tag-breaking-news","10":"tag-breakingnews","11":"tag-featured-news","12":"tag-featurednews","13":"tag-headlines","14":"tag-latest-news","15":"tag-latestnews","16":"tag-news","17":"tag-no","18":"tag-norge","19":"tag-norway","20":"tag-nyheter","21":"tag-overskrifter","22":"tag-smabarnsliv","23":"tag-top-stories","24":"tag-topstories","25":"tag-utdanning","26":"tag-vghelseoglivet"},"share_on_mastodon":{"url":"","error":""},"_links":{"self":[{"href":"https:\/\/www.europesays.com\/no\/wp-json\/wp\/v2\/posts\/55122","targetHints":{"allow":["GET"]}}],"collection":[{"href":"https:\/\/www.europesays.com\/no\/wp-json\/wp\/v2\/posts"}],"about":[{"href":"https:\/\/www.europesays.com\/no\/wp-json\/wp\/v2\/types\/post"}],"author":[{"embeddable":true,"href":"https:\/\/www.europesays.com\/no\/wp-json\/wp\/v2\/users\/2"}],"replies":[{"embeddable":true,"href":"https:\/\/www.europesays.com\/no\/wp-json\/wp\/v2\/comments?post=55122"}],"version-history":[{"count":0,"href":"https:\/\/www.europesays.com\/no\/wp-json\/wp\/v2\/posts\/55122\/revisions"}],"wp:featuredmedia":[{"embeddable":true,"href":"https:\/\/www.europesays.com\/no\/wp-json\/wp\/v2\/media\/55123"}],"wp:attachment":[{"href":"https:\/\/www.europesays.com\/no\/wp-json\/wp\/v2\/media?parent=55122"}],"wp:term":[{"taxonomy":"category","embeddable":true,"href":"https:\/\/www.europesays.com\/no\/wp-json\/wp\/v2\/categories?post=55122"},{"taxonomy":"post_tag","embeddable":true,"href":"https:\/\/www.europesays.com\/no\/wp-json\/wp\/v2\/tags?post=55122"}],"curies":[{"name":"wp","href":"https:\/\/api.w.org\/{rel}","templated":true}]}}