{"id":55173,"date":"2025-10-08T00:00:26","date_gmt":"2025-10-08T00:00:26","guid":{"rendered":"https:\/\/www.europesays.com\/no\/55173\/"},"modified":"2025-10-08T00:00:26","modified_gmt":"2025-10-08T00:00:26","slug":"na-er-det-frysetorket-jordbaer-og-bringebaer-som-gjelder","status":"publish","type":"post","link":"https:\/\/www.europesays.com\/no\/55173\/","title":{"rendered":"N\u00e5 er det fryset\u00f8rket jordb\u00e6r og bringeb\u00e6r som gjelder."},"content":{"rendered":"<p class=\"kicker \" style=\"\">Matnyheter<\/p>\n<p>  \u2013 Responsen har v\u00e6rt enorm<\/p>\n<p>\n    POPUL\u00c6RT: Den siste tiden er det en matnyhet som har v\u00e6rt sv\u00e6rt popul\u00e6r. I flere butikker er den revet ut av hyllene. Foto: Ida Ystmark\n  <\/p>\n<p>Det lanseres stadig matnyheter som g\u00e5r viralt og n\u00e6rmest rives ut av butikkhyllene. T\u00f8rket frukt har den siste tiden blitt sv\u00e6rt popul\u00e6rt. I butikkhyllene finner man alt fra t\u00f8rket mango til t\u00f8rket ananas. B\u00e5de med og uten sjokoladetrekk.<\/p>\n<p>Men n\u00e5 er det ikke bare vanlig t\u00f8rket frukt, b\u00e6r og meloner som er popul\u00e6rt. Det som n\u00e5 rives ut av butikkhyllene er nemlig fryset\u00f8rket.<\/p>\n<p>    <a itemprop=\"url\" href=\"https:\/\/www.kk.no\/mat\/ifolge-vineksperten-er-det-en-tabbe-du-bor-unnga\/83667447\" rel=\"nofollow noopener\" target=\"_blank\"><\/p>\n<p>      <img loading=\"lazy\" decoding=\"async\" src=\"https:\/\/www.europesays.com\/no\/wp-content\/uploads\/2025\/10\/83667550.webp\" width=\"980\" height=\"441\" title=\"If\u00f8lge vineksperten er det \u00e9n tabbe du b\u00f8r unng\u00e5\" alt=\"\" class=\"lazyload\" style=\"--aspect-ratio-image: 2.22; \"\/><\/p>\n<p>        If\u00f8lge vineksperten er det \u00e9n tabbe du b\u00f8r unng\u00e5<\/p>\n<p>    <\/a><\/p>\n<p>G\u00e5r viralt\t<\/p>\n<p><a href=\"https:\/\/smartkjokken.no\/blogg\/hvordan-frysetorke-mat-raskt-og-enkelt\/\" rel=\"nofollow noopener\" target=\"_blank\">Fryset\u00f8rking er en prosess som inneb\u00e6rer \u00e5 fjerne vann fra maten ved \u00e5 fryse den og deretter la vannet sublimere ut av maten.<\/a> Dette betyr at vannet i maten g\u00e5r direkte fra en fast form til en gassform, uten \u00e5 smelte f\u00f8rst.<\/p>\n<p>Det er s\u00e5kalte\u00a0 \u00absjokob\u00e6r\u00bb med fryset\u00f8rkede jordb\u00e6r og bringeb\u00e6r som n\u00e5 g\u00e5r viralt.<\/p>\n<p>\u2013 Responsen har v\u00e6rt enorm. Allerede kort tid etter lansering ble sjokob\u00e6rene revet ut av hyllene i flere butikker, skriver <a href=\"https:\/\/www.rema.no\/nyheter\/sjokobaerene-alle-snakker-om\/\" rel=\"nofollow noopener\" target=\"_blank\">Rema 1000 i en pressemelding.<\/a><\/p>\n<p>          <img loading=\"lazy\" decoding=\"async\" src=\"https:\/\/www.europesays.com\/no\/wp-content\/uploads\/2025\/10\/83688727.webp\" width=\"686\" height=\"412\" title=\"SJOKOB\u00c6R: Det er disse sjokob\u00e6rene som n\u00e5 trender. Foto: Ida Ystmark\" alt=\"\" class=\"\" style=\"--aspect-ratio-image: 1.67; \"\/><\/p>\n<p>\n          SJOKOB\u00c6R: Det er disse sjokob\u00e6rene som n\u00e5 trender. Foto: Ida Ystmark\n      <\/p>\n<p>    <a itemprop=\"url\" href=\"https:\/\/www.kk.no\/mat\/ma-absolutt-ikke-spises\/82786960\" rel=\"nofollow noopener\" target=\"_blank\"><\/p>\n<p>      <img loading=\"lazy\" decoding=\"async\" src=\"https:\/\/www.europesays.com\/no\/wp-content\/uploads\/2025\/10\/82788401.webp\" width=\"980\" height=\"441\" title=\"- M\u00e5 absolutt ikke spises\" alt=\"\" class=\"lazyload\" style=\"--aspect-ratio-image: 2.22; \"\/><\/p>\n<p>        &#8211; M\u00e5 absolutt ikke spises<\/p>\n<p>    <\/a><\/p>\n<p>Ogs\u00e5 p\u00e5 sosiale medier ser man at de fryset\u00f8rkede b\u00e6rene er popul\u00e6re.<\/p>\n<p>\u2013 Vi er overveldet over mottakelsen og synes det er utrolig g\u00f8y \u00e5 se at produktet har truffet en trend som engasjerer s\u00e5 mange, sier kategori- og innkj\u00f8psdirekt\u00f8r <a href=\"https:\/\/www.rema.no\/nyheter\/sjokobaerene-alle-snakker-om\/\" rel=\"nofollow noopener\" target=\"_blank\">Line Aarnes i Rema 1000.<\/a><\/p>\n<p>\u2013 Vi jobber n\u00e5 for \u00e5 f\u00e5 sjokob\u00e6rene tilbake i butikk s\u00e5 fort som mulig, slik at flere f\u00e5r mulighet til \u00e5 smake.<\/p>\n<p>    <a itemprop=\"url\" href=\"https:\/\/www.kk.no\/mat\/ville-ikke-spist-dem\/83596245\" rel=\"nofollow noopener\" target=\"_blank\"><\/p>\n<p>      <img loading=\"lazy\" decoding=\"async\" src=\"https:\/\/www.europesays.com\/no\/wp-content\/uploads\/2025\/10\/1759881625_315_83491359.webp\" width=\"980\" height=\"441\" title=\"- Ville ikke spist dem\" alt=\"\" class=\"lazyload\" style=\"--aspect-ratio-image: 2.22; \"\/><\/p>\n<p>        &#8211; Ville ikke spist dem<\/p>\n<p>    <\/a><\/p>\n<p>Ulike smakstrender\t<\/p>\n<p class=\"italic m-italic\" data-lab-italic=\"italic\">Men hva smaker fryset\u00f8rkede b\u00e6r egentlig?<\/p>\n<p>Fryset\u00f8rkede b\u00e6r har en konsentrert b\u00e6rsmak<a href=\"https:\/\/www.rawfoodshop.no\/jordbar-frysetorkede-skiver-oko-50g\" rel=\"nofollow noopener\" target=\"_blank\">. Fryset\u00f8rkingen <\/a>gj\u00f8r at b\u00e6rene blir spr\u00f8, samtidig som de beholder mange av de naturlige n\u00e6ringsstoffene fra b\u00e6rene.<\/p>\n<p>Produkter som er fryset\u00f8rkede vil ofte ha en utvidet holdbarhet. Dette grunnet frav\u00e6ret av vann.<\/p>\n<p>    <a itemprop=\"url\" href=\"https:\/\/www.kk.no\/helse\/de-som-greier-a-holde-seg-slanke-har-tre-ting-til-felles\/82008133\" rel=\"nofollow noopener\" target=\"_blank\"><\/p>\n<p>      <img loading=\"lazy\" decoding=\"async\" src=\"https:\/\/www.europesays.com\/no\/wp-content\/uploads\/2025\/10\/82013637.webp\" width=\"980\" height=\"441\" title=\"- De som greier \u00e5 holde seg slanke, har tre ting til felles\" alt=\"\" class=\"lazyload\" style=\"--aspect-ratio-image: 2.22; \"\/><\/p>\n<p>        &#8211; De som greier \u00e5 holde seg slanke, har tre ting til felles<\/p>\n<p>    <\/a><\/p>\n<p>At produkter fra butikkhyllene blir popul\u00e6re er ikke nytt. <a href=\"https:\/\/www.kk.no\/mat\/na-kommer-denne-tilbake-i-butikkhyllene-2\/83603238\" rel=\"nofollow noopener\" target=\"_blank\">KK skrev nylig<\/a> om at Tine nok en gang lanserer fjor\u00e5rets iskaffe med smaken av Pumpkin Spice. Ogs\u00e5 dette produktet gikk viralt og ble n\u00e6rmest revet ut av butikkhyllene.<\/p>\n<p>\u2013 Den fikk stor oppmerksomhet i sosiale medier og trendet gjennom smakstester p\u00e5 TikTok. Ettersp\u00f8rselen ble s\u00e5 stor at den ble utsolgt flere steder. I fjor solgte vi nesten 800 000 enheter, forteller kommunikasjonsr\u00e5dgiver i Tine, Ida Bj\u00f8rnstad Vrangen.<\/p>\n<p>Det kan alts\u00e5 se ut til at vi er glade i \u00e5 hive oss p\u00e5 ulike smakstrender n\u00e5 som h\u00f8stnyhetene inntar butikkhyllene.<\/p>\n","protected":false},"excerpt":{"rendered":"Matnyheter \u2013 Responsen har v\u00e6rt enorm POPUL\u00c6RT: Den siste tiden er det en matnyhet som har v\u00e6rt sv\u00e6rt&hellip;\n","protected":false},"author":2,"featured_media":55174,"comment_status":"","ping_status":"","sticky":false,"template":"","format":"standard","meta":{"footnotes":""},"categories":[56],"tags":[8300,6726,60,61,2854,8299,8298,1390,737,5033,62,30,28,29,447,8297,1394,2930,8296,8295,1702,8301],"class_list":{"0":"post-55173","1":"post","2":"type-post","3":"status-publish","4":"format-standard","5":"has-post-thumbnail","7":"category-naeringsliv","8":"tag-baer","9":"tag-bringebaer","10":"tag-business","11":"tag-economy","12":"tag-frukt","13":"tag-frysetorked","14":"tag-frysetorring","15":"tag-jordbaer","16":"tag-mat","17":"tag-matnyheter","18":"tag-naeringsliv","19":"tag-no","20":"tag-norge","21":"tag-norway","22":"tag-nyhet","23":"tag-populaert","24":"tag-rema-1000","25":"tag-sjokolade","26":"tag-torket-frukt","27":"tag-torket-frukt-som-snacks","28":"tag-trend","29":"tag-viraltrend"},"share_on_mastodon":{"url":"","error":""},"_links":{"self":[{"href":"https:\/\/www.europesays.com\/no\/wp-json\/wp\/v2\/posts\/55173","targetHints":{"allow":["GET"]}}],"collection":[{"href":"https:\/\/www.europesays.com\/no\/wp-json\/wp\/v2\/posts"}],"about":[{"href":"https:\/\/www.europesays.com\/no\/wp-json\/wp\/v2\/types\/post"}],"author":[{"embeddable":true,"href":"https:\/\/www.europesays.com\/no\/wp-json\/wp\/v2\/users\/2"}],"replies":[{"embeddable":true,"href":"https:\/\/www.europesays.com\/no\/wp-json\/wp\/v2\/comments?post=55173"}],"version-history":[{"count":0,"href":"https:\/\/www.europesays.com\/no\/wp-json\/wp\/v2\/posts\/55173\/revisions"}],"wp:featuredmedia":[{"embeddable":true,"href":"https:\/\/www.europesays.com\/no\/wp-json\/wp\/v2\/media\/55174"}],"wp:attachment":[{"href":"https:\/\/www.europesays.com\/no\/wp-json\/wp\/v2\/media?parent=55173"}],"wp:term":[{"taxonomy":"category","embeddable":true,"href":"https:\/\/www.europesays.com\/no\/wp-json\/wp\/v2\/categories?post=55173"},{"taxonomy":"post_tag","embeddable":true,"href":"https:\/\/www.europesays.com\/no\/wp-json\/wp\/v2\/tags?post=55173"}],"curies":[{"name":"wp","href":"https:\/\/api.w.org\/{rel}","templated":true}]}}