{"id":55182,"date":"2025-10-08T00:24:41","date_gmt":"2025-10-08T00:24:41","guid":{"rendered":"https:\/\/www.europesays.com\/no\/55182\/"},"modified":"2025-10-08T00:24:41","modified_gmt":"2025-10-08T00:24:41","slug":"christen-sveaas-kjell-inge-rokke","status":"publish","type":"post","link":"https:\/\/www.europesays.com\/no\/55182\/","title":{"rendered":"Christen Sveaas, Kjell Inge R\u00f8kke"},"content":{"rendered":"\n<p>\u2013 Det blir en pedagogisk gjennomgang av bakteppet av saken og hva det i realiteten dreier seg om n\u00e5r det gjelder likebehandlingen. Vi kommer til \u00e5 g\u00e5 n\u00f8ye gjennom sakskomplekset, sier Kistefos-sjef Bengt Rem p\u00e5 vei inn i Oslo tingrett tirsdag morgen.<\/p>\n<p> Det skriver <a href=\"https:\/\/www.finansavisen.no\/finans\/2025\/10\/07\/8297725\/sveaas-og-rokke-bataljen-i-gang?zephr_sso_ott=nFYMHC\" rel=\"nofollow noopener\" target=\"_blank\">Finansavisen<\/a>.<\/p>\n<p>S\u00f8ksm\u00e5let er knyttet til refinansieringen av offshorerederiet Solstad.<\/p>\n<p>Christen Sveaas&#8217; selskap Kistefos og 46 tidligere medaksjon\u00e6rer har saks\u00f8kt Kjell Inge R\u00f8kkes Aker Capital, Solstad Offshore og Pareto Securities. De mener de ble grovt forskjellsbehandlet under refinansieringen av Solstad i 2023. <\/p>\n<p>Sveaas, som er nest st\u00f8rste eier, mener R\u00f8kke fikk en urimelig fordel, noe R\u00f8kke bestrider.<\/p>\n<p>P\u00e5 Dokka<\/p>\n<p>Sveaas er eier av Kistefos, som hadde sitt utspring i Kistefos Tr\u00e6sliberi p\u00e5 Jevnaker. Det er i dag et anerkjent museum.<\/p>\n<p>Kistefos har ogs\u00e5 en rekke skogeiendommer. Hovedsaklig i omr\u00e5dene rundt Randsfjorden. Den st\u00f8rste delen av den omfattende skogeiendommen ligger i Nordre Land, der ogs\u00e5 selskapet Kistefos Skogtjenester har kontorer. <\/p>\n<p>Konsernet har ogs\u00e5 aksjemajoritet i bedriften Kistefos m\u00f8bler p\u00e5 Dokka. <\/p>\n<p>Ikke tilstede<\/p>\n<p>Verken Sveaas eller R\u00f8kke var til stede i Oslo tingrett tirsdag, men toppsjefer fra alle de ber\u00f8rte selskapene var p\u00e5 plass, if\u00f8lge Finansavisen.<\/p>\n<p>En rekke kjente n\u00e6ringslivsprofiler skal forklare seg under rettssaken, enten i form av partsinnlegg, som vitne eller som sakkyndig.<\/p>\n<p>R\u00f8kke ventes \u00e5 vitne, mens Sveaas verken skal vitne eller holde partsinnlegg.<\/p>\n<p>Solstad Offshore befant seg i en sv\u00e6rt vanskelig \u00f8konomisk situasjon i 2023, til tross for at selskapet gjennomgikk en refinansiering i 2016. Aker kom inn som st\u00f8rste aksjon\u00e6r i en konsolidering med andre kriserammede offshoreselskaper i 2016\/2017.<\/p>\n<p>Under en omfattende restrukturering i 2020 gikk s\u00e5 \u00e5 si hele egenkapitalen tapt, if\u00f8lge Paretos sluttinnlegg i Oslo tingrett.<\/p>\n<p>Det er satt av 13 uker til rettssaken.<\/p>\n","protected":false},"excerpt":{"rendered":"\u2013 Det blir en pedagogisk gjennomgang av bakteppet av saken og hva det i realiteten dreier seg om&hellip;\n","protected":false},"author":2,"featured_media":55183,"comment_status":"","ping_status":"","sticky":false,"template":"","format":"standard","meta":{"footnotes":""},"categories":[56],"tags":[36,60,2414,61,960,62,30,28,29,4187,1510],"class_list":{"0":"post-55182","1":"post","2":"type-post","3":"status-publish","4":"format-standard","5":"has-post-thumbnail","7":"category-naeringsliv","8":"tag-art","9":"tag-business","10":"tag-christen-sveaas","11":"tag-economy","12":"tag-kjell-inge-rokke","13":"tag-naeringsliv","14":"tag-no","15":"tag-norge","16":"tag-norway","17":"tag-rettssak","18":"tag-story"},"share_on_mastodon":{"url":"","error":""},"_links":{"self":[{"href":"https:\/\/www.europesays.com\/no\/wp-json\/wp\/v2\/posts\/55182","targetHints":{"allow":["GET"]}}],"collection":[{"href":"https:\/\/www.europesays.com\/no\/wp-json\/wp\/v2\/posts"}],"about":[{"href":"https:\/\/www.europesays.com\/no\/wp-json\/wp\/v2\/types\/post"}],"author":[{"embeddable":true,"href":"https:\/\/www.europesays.com\/no\/wp-json\/wp\/v2\/users\/2"}],"replies":[{"embeddable":true,"href":"https:\/\/www.europesays.com\/no\/wp-json\/wp\/v2\/comments?post=55182"}],"version-history":[{"count":0,"href":"https:\/\/www.europesays.com\/no\/wp-json\/wp\/v2\/posts\/55182\/revisions"}],"wp:featuredmedia":[{"embeddable":true,"href":"https:\/\/www.europesays.com\/no\/wp-json\/wp\/v2\/media\/55183"}],"wp:attachment":[{"href":"https:\/\/www.europesays.com\/no\/wp-json\/wp\/v2\/media?parent=55182"}],"wp:term":[{"taxonomy":"category","embeddable":true,"href":"https:\/\/www.europesays.com\/no\/wp-json\/wp\/v2\/categories?post=55182"},{"taxonomy":"post_tag","embeddable":true,"href":"https:\/\/www.europesays.com\/no\/wp-json\/wp\/v2\/tags?post=55182"}],"curies":[{"name":"wp","href":"https:\/\/api.w.org\/{rel}","templated":true}]}}