{"id":55195,"date":"2025-10-08T02:13:14","date_gmt":"2025-10-08T02:13:14","guid":{"rendered":"https:\/\/www.europesays.com\/no\/55195\/"},"modified":"2025-10-08T02:13:14","modified_gmt":"2025-10-08T02:13:14","slug":"telenor-saksokes-for-kupp-samarbeid","status":"publish","type":"post","link":"https:\/\/www.europesays.com\/no\/55195\/","title":{"rendered":"Telenor saks\u00f8kes for kupp-samarbeid"},"content":{"rendered":"<p class=\"kicker t20\" style=\"\">Tr\u00f8bbel i Myanmar:<\/p>\n<p>  Etterlatte og en internasjonal organisasjon saks\u00f8ker n\u00e5 Telenor, for \u00e5 ha gitt data til milit\u00e6rjuntaen i Myanmar.<\/p>\n<p>\n    2021: Studentdemonstrasjon etter kuppet i 2021, da milit\u00e6rkjuntaen overtok og den demokratisk valgte lederen, Aung San Suu Kyi, ble satt i husarrest. Foto: AFP\n  <\/p>\n<p>    Kort fortalt<\/p>\n<p lang=\"nb-NO\">Advokat Jan Magne Langseth har sendt et prosessvarsel til Telenor p\u00e5 vegne av organisasjonen Somo og etterlatte.<\/p>\n<p lang=\"nb-NO\">S\u00f8ksm\u00e5let gjelder Telenors samarbeid med kuppmakerne i Myanmar, som skal ha f\u00f8rt til d\u00f8dsfall og forf\u00f8lgelse.<\/p>\n<p lang=\"nb-NO\">Telenor forsvarer seg med at de ikke hadde noe valg p\u00e5 grunn av risikoen for egne ansatte.<\/p>\n<p class=\"italic ai-disclaimer\" data-lab-italic=\"italic\">Sammendraget er laget av ChatGPT og godkjent av B\u00f8rsen.<\/p>\n<p>      Vis mer<br \/>\n      Vis mindre<\/p>\n<p>&#8211; S\u00f8ksm\u00e5let kan fort komme opp i flere hundre millioner kroner, sier advokat Jan Magne Langseth hos Advokatfirmaet Simonsen Vogt Wiig.<\/p>\n<p>Han har undertegnet prosessvarselet som er sendt Telenor. Langseth mener han har en sterk sak mot Telenor, og sier han sitter p\u00e5 mye data som skal f\u00f8res som bevis i saken.<\/p>\n<p>    <a itemprop=\"url\" href=\"https:\/\/borsen.dagbladet.no\/nyheter\/trumps-trusler-hardhendt\/83677718\" rel=\"nofollow noopener\" target=\"_blank\"><\/p>\n<p>      <img loading=\"lazy\" decoding=\"async\" src=\"https:\/\/www.europesays.com\/no\/wp-content\/uploads\/2025\/10\/83678166.webp\" width=\"980\" height=\"441\" title=\"Trumps trusler: - Hardhendt\" alt=\"\" class=\"lazyload\" style=\"--aspect-ratio-image: 2.22; \"\/><\/p>\n<p>        Trumps trusler: &#8211; Hardhendt<\/p>\n<p>    <\/a><\/p>\n<p>Langseth er hyret inn av organisasjonen\u00a0Centre for Research on Multinational Corporations (Somo), basert i Nederland. Somo har tatt opp saken, blant annet p\u00e5 vegne av etterlatte.\u00a0Open Society Justice Initiative (OSJI) st\u00f8tter initiativet.<\/p>\n<p>Geolokasjon\t<\/p>\n<p>Jan Magne Langseth mener Telenors samarbeid med kuppmakerne i Myanmar, blant annet om geolokasjon, utvilsomt har f\u00f8rt til d\u00f8dsfall og <a href=\"https:\/\/www.nrk.no\/dokumentar\/enka-etter-avretta-motstandsmann-saksoker-telenor-1.17585237\" rel=\"nofollow noopener\" target=\"_blank\">forf\u00f8lgelse av motstandsfolk.<\/a> Blant annet er <a href=\"https:\/\/www.nrk.no\/dokumentar\/enka-etter-avretta-motstandsmann-saksoker-telenor-1.17585237\" rel=\"nofollow noopener\" target=\"_blank\">enken<\/a> etter en motstandsmann, som ble p\u00e5grepet 18 dager etter kuppet, og henrettet, blant saks\u00f8kerne.<\/p>\n<p>          <img loading=\"lazy\" decoding=\"async\" src=\"https:\/\/www.europesays.com\/no\/wp-content\/uploads\/2025\/10\/83689998.webp\" width=\"980\" height=\"559\" title=\"TATT P\u00c5 NYTT: Milit\u00e6ret poserer foran administrasjonsbygget i Kyaukme etter \u00e5 ha gjenerobret den fra motstandsbevegelsen n\u00e5 i oktober. Foto: AP \/ NTB\" alt=\"\" class=\"\" style=\"--aspect-ratio-image: 1.75; \"\/><\/p>\n<p>\n          TATT P\u00c5 NYTT: Milit\u00e6ret poserer foran administrasjonsbygget i Kyaukme etter \u00e5 ha gjenerobret den fra motstandsbevegelsen n\u00e5 i oktober. Foto: AP \/ NTB\n      <\/p>\n<p>NRK har skrevet <a href=\"https:\/\/www.nrk.no\/dokumentar\/xl\/_fuck-off_-telenor__-1.17290884\" rel=\"nofollow noopener\" target=\"_blank\">mye om saken<\/a>.<\/p>\n<p>Telenors kommentar er f\u00f8lgende:<\/p>\n<p>&#8211; Den tragiske utviklingen i Myanmar har v\u00e6rt gjenstand for flere behandlinger i politiet og rettsvesenet uten at de har f\u00f8rt frem. Telenor Myanmar havnet i en forferdelig og tragisk situasjon og hadde dessverre ingen gode valg, sier informasjonssjef David Fidjeland.<\/p>\n<p>    <a itemprop=\"url\" href=\"https:\/\/borsen.dagbladet.no\/nyheter\/stordalen-dukket-opp-pa-krykker\/83684552\" rel=\"nofollow noopener\" target=\"_blank\"><\/p>\n<p>      <img loading=\"lazy\" decoding=\"async\" src=\"https:\/\/www.europesays.com\/no\/wp-content\/uploads\/2025\/10\/83685482.webp\" width=\"980\" height=\"441\" title=\"Stordalen dukket opp p\u00e5 krykker\" alt=\"\" class=\"lazyload\" style=\"--aspect-ratio-image: 2.22; \"\/><\/p>\n<p>        Stordalen dukket opp p\u00e5 krykker<\/p>\n<p>    <\/a><\/p>\n<p>Han fortsetter:<\/p>\n<p>&#8211; Vi ser ikke at det er noe i dette varselet som ikke er behandlet tidligere.<\/p>\n<p>&#8211; PR-stunt\t<\/p>\n<p>Og videre:<\/p>\n<p>&#8211; At journalister fra Bangkok og Kuala Lumpur til Marienlyst har f\u00e5tt dette s\u00f8ksm\u00e5lsvarslet lenge f\u00f8r vi selv har f\u00e5tt det, sier dessverre litt om hvor Somo har sitt fokus. Dette virker dessverre mer som et PR-stunt i en tragisk sak enn et seri\u00f8st prosessvarsel.<\/p>\n<p>          <img loading=\"lazy\" decoding=\"async\" src=\"https:\/\/www.europesays.com\/no\/wp-content\/uploads\/2025\/10\/83690026.webp\" width=\"980\" height=\"559\" title=\"2025: Fortsatt er Aung San Suu Kyi i husarrest. Utflyttere fra Myanmar demonstrerer for hennes frigivelse, n\u00e5 i september, i London. Guy Bell \/ Shutterstock\" alt=\"\" class=\"\" style=\"--aspect-ratio-image: 1.75; \"\/><\/p>\n<p>\n          2025: Fortsatt er Aung San Suu Kyi i husarrest. Utflyttere fra Myanmar demonstrerer for hennes frigivelse, n\u00e5 i september, i London. Guy Bell \/ Shutterstock\n      <\/p>\n<p>Etter det Dagbladet forst\u00e5r, basert p\u00e5 Telenors <a href=\"https:\/\/www.nrk.no\/dokumentar\/xl\/_fuck-off_-telenor__-1.17290884\" rel=\"nofollow noopener\" target=\"_blank\">tidligere uttalelser til NRK<\/a>, benekter ikke selskapet overlevering av data til milit\u00e6rjuntaen etter kuppet.<\/p>\n<p>Men Fidjeland uttrykker at selskapet ikke hadde noe valg, av hensyn til egne ansatte:<\/p>\n<p>&#8211; I Myanmar kunne avslag p\u00e5 myndighetenes krav i verste fall f\u00f8re til fengsling eller d\u00f8dsstraff. Det handlet ikke om et reelt valg. Vi kunne ikke spille russisk rulett med v\u00e5re ansattes liv.\u00a0<\/p>\n<p>Kontroversielt salg\t<\/p>\n<p>Telenor Myanmar skal, if\u00f8lge Somo, ha innledet et samarbeid med kuppmakerne, f\u00f8r de i 2022 solgte virksomheten, og persondataene, til selskapet\u00a0Shwe Byain Phyu. Det er et milit\u00e6rtilknyttet selskap som er partner av det libanesiske M1 Group. Med dette salget fikk milit\u00e6rjuntaen tilgang p\u00e5 alle persondata Telenor Myanmar satt p\u00e5, mener Somo.<\/p>\n<p>Telenor mener p\u00e5 sin side de ble \u00abtruet og tvunget\u00bb av milit\u00e6r-juntaen til \u00e5 levere fra seg persondata, slik de m\u00e5 i alle andre land.<\/p>\n<p>Mange motstandfolk i Myanmar f\u00f8ler seg sviktet av det norskeide Telenor.<\/p>\n<p>    <a itemprop=\"url\" href=\"https:\/\/borsen.dagbladet.no\/nyheter\/na-kommer-smellen-betydelig\/83681870\" rel=\"nofollow noopener\" target=\"_blank\"><\/p>\n<p>      <img loading=\"lazy\" decoding=\"async\" src=\"https:\/\/www.europesays.com\/no\/wp-content\/uploads\/2025\/10\/83681953.webp\" width=\"980\" height=\"441\" title=\"N\u00e5 kommer smellen: - Betydelig\" alt=\"\" class=\"lazyload\" style=\"--aspect-ratio-image: 2.22; \"\/><\/p>\n<p>        N\u00e5 kommer smellen: &#8211; Betydelig<\/p>\n<p>    <\/a><\/p>\n<p>If\u00f8lge prosessvarselet skal b\u00e5de den \u00f8verste politiske elite i Norge og toppledelsen i Telenor ha kjent til omstendighetene rundt det kontroversielle salget og samarbeidet med milit\u00e6rjuntaen.<\/p>\n<p>&#8211; Mange sentrale medarbeidere deltok i beslutninger som kan ha f\u00f8rt til flere drap, tortur og fengslinger av opposisjonsmedlemmer og menneskerettighetsforkjempere i Myanmar, heter det i prosessvarselet.<\/p>\n<p>Telenor Myanmar heter n\u00e5 Atom Myanmar.\u00a0<\/p>\n<p>Blant de som har tatt opp saken er OECD, som ikke har konkludert.<\/p>\n","protected":false},"excerpt":{"rendered":"Tr\u00f8bbel i Myanmar: Etterlatte og en internasjonal organisasjon saks\u00f8ker n\u00e5 Telenor, for \u00e5 ha gitt data til milit\u00e6rjuntaen&hellip;\n","protected":false},"author":2,"featured_media":55196,"comment_status":"","ping_status":"","sticky":false,"template":"","format":"standard","meta":{"footnotes":""},"categories":[12],"tags":[20,21,24,25,15,5662,22,23,2626,13,30,28,29,14,16,4187,1418,26,27,42,43,44,45],"class_list":{"0":"post-55195","1":"post","2":"type-post","3":"status-publish","4":"format-standard","5":"has-post-thumbnail","7":"category-verden","8":"tag-breaking-news","9":"tag-breakingnews","10":"tag-featured-news","11":"tag-featurednews","12":"tag-headlines","13":"tag-kupp","14":"tag-latest-news","15":"tag-latestnews","16":"tag-myanmar","17":"tag-news","18":"tag-no","19":"tag-norge","20":"tag-norway","21":"tag-nyheter","22":"tag-overskrifter","23":"tag-rettssak","24":"tag-telenor","25":"tag-top-stories","26":"tag-topstories","27":"tag-verden","28":"tag-world","29":"tag-world-news","30":"tag-worldnews"},"share_on_mastodon":{"url":"","error":""},"_links":{"self":[{"href":"https:\/\/www.europesays.com\/no\/wp-json\/wp\/v2\/posts\/55195","targetHints":{"allow":["GET"]}}],"collection":[{"href":"https:\/\/www.europesays.com\/no\/wp-json\/wp\/v2\/posts"}],"about":[{"href":"https:\/\/www.europesays.com\/no\/wp-json\/wp\/v2\/types\/post"}],"author":[{"embeddable":true,"href":"https:\/\/www.europesays.com\/no\/wp-json\/wp\/v2\/users\/2"}],"replies":[{"embeddable":true,"href":"https:\/\/www.europesays.com\/no\/wp-json\/wp\/v2\/comments?post=55195"}],"version-history":[{"count":0,"href":"https:\/\/www.europesays.com\/no\/wp-json\/wp\/v2\/posts\/55195\/revisions"}],"wp:featuredmedia":[{"embeddable":true,"href":"https:\/\/www.europesays.com\/no\/wp-json\/wp\/v2\/media\/55196"}],"wp:attachment":[{"href":"https:\/\/www.europesays.com\/no\/wp-json\/wp\/v2\/media?parent=55195"}],"wp:term":[{"taxonomy":"category","embeddable":true,"href":"https:\/\/www.europesays.com\/no\/wp-json\/wp\/v2\/categories?post=55195"},{"taxonomy":"post_tag","embeddable":true,"href":"https:\/\/www.europesays.com\/no\/wp-json\/wp\/v2\/tags?post=55195"}],"curies":[{"name":"wp","href":"https:\/\/api.w.org\/{rel}","templated":true}]}}