{"id":55227,"date":"2025-10-08T03:51:10","date_gmt":"2025-10-08T03:51:10","guid":{"rendered":"https:\/\/www.europesays.com\/no\/55227\/"},"modified":"2025-10-08T03:51:10","modified_gmt":"2025-10-08T03:51:10","slug":"reddet-fra-mount-everest","status":"publish","type":"post","link":"https:\/\/www.europesays.com\/no\/55227\/","title":{"rendered":"Reddet fra Mount Everest"},"content":{"rendered":"\n<p class=\"_lead_1994c_2 _lead_xtcu6_50 layout-component text-serif-m layout-normal text-serif-l layout-component layout-wide layout-padded _wide_17hqh_1 layout-padded\">Samtlige turg\u00e5ere som ble fanget av sn\u00f8stormen p\u00e5 \u00f8stsiden av Mount Everest i Tibet, er reddet, opplyser kinesiske myndigheter.<\/p>\n<p> <img class=\"_image_qp4xg_65 layout-component layout-wide\" data-fullscreen- data-track-element-type=\"Article image fullscreen\" data-track-name=\"ImageFullscreen\" fetchpriority=\"high\" decoding=\"sync\" loading=\"eager\" height=\"181\" itemprop=\"image\"  src=\"https:\/\/www.europesays.com\/no\/wp-content\/uploads\/2025\/10\/1759895469_316_ee8a22f50d3954076d30ff52c9e754a7.jpg\"  style=\"object-position:50% 50%;aspect-ratio:1.75;height:auto;object-fit:cover;width:100%\" width=\"102\"\/>  <\/p>\n<ul aria-hidden=\"true\" class=\"_images_1y6fe_106\">\n<li><a class=\"_link_1y6fe_111\" href=\"https:\/\/www.vg.no\/forfatter\/ntb\" style=\"z-index:1\" title=\"NTB\" rel=\"nofollow noopener\" target=\"_blank\"><img alt=\"Bilde av NTB\" class=\"_image_1y6fe_88\" fetchpriority=\"low\" loading=\"lazy\" decoding=\"async\" itemprop=\"image\"  src=\"https:\/\/www.europesays.com\/no\/wp-content\/uploads\/2025\/10\/1759895470_610_c33980b0-5d07-4027-84a1-813f90a7c8d6\"  width=\"480\"\/><\/a><\/li>\n<\/ul>\n<p> Oppdatert onsdag 8. oktober kl. 04:44     <\/p>\n<p class=\"_paragraph_1994c_4 _paragraph_xtcu6_10 layout-component text-serif-m layout-normal text-serif-m layout-padded\">Dermed er en av de st\u00f8rste redningsaksjonene i regionens historie avsluttet. Redningsmannskaper begynte s\u00f8ndag \u00e5 geleide grupper ned til tryggere omr\u00e5der, og de siste turg\u00e5erne ble brakt i sikkerhet tirsdag.<\/p>\n<p class=\"_paragraph_1994c_4 _paragraph_xtcu6_10 layout-component text-serif-m layout-normal text-serif-m layout-padded\">Totalt 580 turg\u00e5ere og over 300 lokale guider, yakf\u00f8rere og annet st\u00f8ttepersonell er evakuert fra Karma-dalen, if\u00f8lge det statlige nyhetsbyr\u00e5et Xinhua. Omr\u00e5det ligger p\u00e5 rundt 4.200 meters h\u00f8yde og ble rammet av uvanlig kraftig sn\u00f8fall i helgen.<\/p>\n<p class=\"_paragraph_1994c_4 _paragraph_xtcu6_10 layout-component text-serif-m layout-normal text-serif-m layout-padded\">Turg\u00e5erne ble v\u00e6rfast i over 4.900 meters h\u00f8yde etter at kraftig sn\u00f8fall i helgen stengte ruten opp Everests \u00f8stlige skr\u00e5ninger.<\/p>\n<p><img alt=\"P\u00e5 dette bildet tatt 4. oktober er landsbyfolk med okser og hester p\u00e5 vei opp i fjellet for \u00e5 bist\u00e5 hundrevis av turg\u00e5ere som er v\u00e6rfaste etter en kraftig sn\u00f8storm ved foten av Mount Everest i Tibet.   Foto: Lingsuiye, AP \/ NTB\" class=\"_image_qp4xg_65 layout-component layout-normal\" data-fullscreen- data-track-element-type=\"Article image fullscreen\" data-track-name=\"ImageFullscreen\" decoding=\"async\" loading=\"lazy\" height=\"1674\" itemprop=\"image\"  src=\"https:\/\/www.europesays.com\/no\/wp-content\/uploads\/2025\/10\/2fc60aaa-4839-4a51-aa91-eaed6603026f\"  style=\"object-position:0% 0%\" width=\"2511\"\/>P\u00e5 dette bildet tatt 4. oktober er landsbyfolk med okser og hester p\u00e5 vei opp i fjellet for \u00e5 bist\u00e5 hundrevis av turg\u00e5ere som er v\u00e6rfaste etter en kraftig sn\u00f8storm ved foten av Mount Everest i Tibet.   Foto: Lingsuiye, AP \/ NTB<\/p>\n<p class=\"_paragraph_1994c_4 _paragraph_xtcu6_10 layout-component text-serif-m layout-normal text-serif-m layout-padded\">Oktober er vanligvis kjent for klarv\u00e6r og mildt klima, og er en popul\u00e6r m\u00e5ned for fotturer i Everest-omr\u00e5det,<\/p>\n<p class=\"_paragraph_1994c_4 _paragraph_xtcu6_10 layout-component text-serif-m layout-normal text-serif-m layout-padded\">Sn\u00f8v\u00e6ret startet fredag kveld og tiltok i styrke utover helgen, noe som overrasket mange av fjellguidene.<\/p>\n<p class=\"_paragraph_1994c_4 _paragraph_xtcu6_10 layout-component text-serif-m layout-normal text-serif-m layout-padded\">\u2013 Jeg har v\u00e6rt i Himalaya mer enn et dusin ganger, men aldri opplevd v\u00e6r som dette,\u00a0<a href=\"https:\/\/www.bbc.com\/news\/articles\/cd079zn2m5vo\" class=\"_link_1994c_39\" rel=\"nofollow noopener\" target=\"_blank\">sa 27 \u00e5r gamle Dong Shuchang til BBC<\/a>.<\/p>\n<p class=\"_paragraph_1994c_4 _paragraph_xtcu6_10 layout-component text-serif-m layout-normal text-serif-m layout-padded\">I nabolandet Nepal har kraftig regn f\u00f8rt til flom og jordras som har krevd over 50 menneskeliv.<\/p>\n<p class=\"_paragraph_1994c_4 _paragraph_xtcu6_10 layout-component text-serif-m layout-normal text-serif-m layout-padded\">Myndighetene har n\u00e5 midlertidig stengt Everest-regionen for publikum, inkludert Karma- og Rongshar-dalene samt fjellet Cho Oyu, som ligger p\u00e5 grensen mellom Kina og Nepal.<\/p>\n<p class=\"_paragraph_1994c_4 _paragraph_xtcu6_10 layout-component text-serif-m layout-normal text-serif-m layout-padded\">Ogs\u00e5 andre fjellomr\u00e5der i Vest-Kina ble rammet av uv\u00e6ret. I Qinghai-provinsen d\u00f8de en turg\u00e5er av nedkj\u00f8ling og h\u00f8ydesyke, og over hundre personer ble evakuert.<\/p>\n","protected":false},"excerpt":{"rendered":"Samtlige turg\u00e5ere som ble fanget av sn\u00f8stormen p\u00e5 \u00f8stsiden av Mount Everest i Tibet, er reddet, opplyser kinesiske&hellip;\n","protected":false},"author":2,"featured_media":55228,"comment_status":"","ping_status":"","sticky":false,"template":"","format":"standard","meta":{"footnotes":""},"categories":[12],"tags":[20,21,24,25,15,22,23,7094,4881,13,30,28,29,14,16,8129,8128,26,27,42,43,44,45],"class_list":{"0":"post-55227","1":"post","2":"type-post","3":"status-publish","4":"format-standard","5":"has-post-thumbnail","7":"category-verden","8":"tag-breaking-news","9":"tag-breakingnews","10":"tag-featured-news","11":"tag-featurednews","12":"tag-headlines","13":"tag-latest-news","14":"tag-latestnews","15":"tag-mount-everest","16":"tag-nepal","17":"tag-news","18":"tag-no","19":"tag-norge","20":"tag-norway","21":"tag-nyheter","22":"tag-overskrifter","23":"tag-snostorm","24":"tag-tibet","25":"tag-top-stories","26":"tag-topstories","27":"tag-verden","28":"tag-world","29":"tag-world-news","30":"tag-worldnews"},"share_on_mastodon":{"url":"","error":""},"_links":{"self":[{"href":"https:\/\/www.europesays.com\/no\/wp-json\/wp\/v2\/posts\/55227","targetHints":{"allow":["GET"]}}],"collection":[{"href":"https:\/\/www.europesays.com\/no\/wp-json\/wp\/v2\/posts"}],"about":[{"href":"https:\/\/www.europesays.com\/no\/wp-json\/wp\/v2\/types\/post"}],"author":[{"embeddable":true,"href":"https:\/\/www.europesays.com\/no\/wp-json\/wp\/v2\/users\/2"}],"replies":[{"embeddable":true,"href":"https:\/\/www.europesays.com\/no\/wp-json\/wp\/v2\/comments?post=55227"}],"version-history":[{"count":0,"href":"https:\/\/www.europesays.com\/no\/wp-json\/wp\/v2\/posts\/55227\/revisions"}],"wp:featuredmedia":[{"embeddable":true,"href":"https:\/\/www.europesays.com\/no\/wp-json\/wp\/v2\/media\/55228"}],"wp:attachment":[{"href":"https:\/\/www.europesays.com\/no\/wp-json\/wp\/v2\/media?parent=55227"}],"wp:term":[{"taxonomy":"category","embeddable":true,"href":"https:\/\/www.europesays.com\/no\/wp-json\/wp\/v2\/categories?post=55227"},{"taxonomy":"post_tag","embeddable":true,"href":"https:\/\/www.europesays.com\/no\/wp-json\/wp\/v2\/tags?post=55227"}],"curies":[{"name":"wp","href":"https:\/\/api.w.org\/{rel}","templated":true}]}}