{"id":55275,"date":"2025-10-08T05:53:09","date_gmt":"2025-10-08T05:53:09","guid":{"rendered":"https:\/\/www.europesays.com\/no\/55275\/"},"modified":"2025-10-08T05:53:09","modified_gmt":"2025-10-08T05:53:09","slug":"nye-data-bekrefter-droner","status":"publish","type":"post","link":"https:\/\/www.europesays.com\/no\/55275\/","title":{"rendered":"Nye data: Bekrefter droner"},"content":{"rendered":"<p class=\"kicker \" style=\"\">Str\u00f8mmen<\/p>\n<p>  Mandag kveld gikk en h\u00e5ndgranat av p\u00e5 Str\u00f8mmen. Naboer forteller om en skremmende utvikling i omr\u00e5det.<\/p>\n<p>\n    &#8211; IKKE TRYGT: Tobarnsfaren vurderer \u00e5 flytte etter flere hendelser den siste tida. Mandag gikk det av en h\u00e5ndgranat i det samme omr\u00e5det p\u00e5 Str\u00f8mmen. Foto: J\u00f8rn H. Moen \/ Dagbladet\n  <\/p>\n<p>STR\u00d8MMEN\/OSLO (Dagbladet): &#8211; Jeg vurderer \u00e5 flytte. Jeg har sm\u00e5 barn, og det er ikke trygt for dem \u00e5 leke ute her.<\/p>\n<p>Det sier en tobarnsfar som bor i omr\u00e5det hvor det like f\u00f8r midnatt s\u00f8ndag\u00a0<a href=\"https:\/\/www.dagbladet.no\/nyheter\/to-pagrepet-etter-eksplosjon\/83688266\" rel=\"nofollow noopener\" target=\"_blank\">gikk av en h\u00e5ndgranat i tilknytning til et serveringssted p\u00e5 Str\u00f8mmen i Lillestr\u00f8m<\/a>.<\/p>\n<p>Under en pressekonferanse tirsdag ettermiddag, bekreftet politiet at det ogs\u00e5 skjedde<a href=\"https:\/\/www.dagbladet.no\/nyheter\/bekrefter-hendelse-i-helga\/83690578\" rel=\"nofollow noopener\" target=\"_blank\"> en trusselhendelse p\u00e5 samme adresse i helga.<\/a><\/p>\n<p>Mannen \u00f8nsker \u00e5 v\u00e6re anonym, men forteller om en urovekkende utvikling i det aktuelle omr\u00e5det.<\/p>\n<p>    <a itemprop=\"url\" href=\"https:\/\/www.dagbladet.no\/nyheter\/bekrefter-hendelse-i-helga\/83690578\" rel=\"nofollow noopener\" target=\"_blank\"><\/p>\n<p>      <img loading=\"lazy\" decoding=\"async\" src=\"https:\/\/www.europesays.com\/no\/wp-content\/uploads\/2025\/10\/83690652.webp\" width=\"980\" height=\"441\" title=\"Bekrefter hendelse i helga\" alt=\"\" class=\"lazyload\" style=\"--aspect-ratio-image: 2.22; \"\/><\/p>\n<p>        Bekrefter hendelse i helga<\/p>\n<p>    <\/a><\/p>\n<p>&#8211; Hadde v\u00e5pen  <\/p>\n<p>&#8211; For en liten stund siden var det en fyr som ble banket opp rett p\u00e5 utsida av blokka. De var rundt 14 personer og flere bikkjer, som til slutt begynte \u00e5 g\u00e5 l\u00f8s p\u00e5 hverandre, hevder han.<\/p>\n<p>If\u00f8lge mannen er det snakk om unge gutter hvor enkelte trolig er ned til 13- og 14-\u00e5rs alder, og som henger p\u00e5 utsida og r\u00f8yker hasj.\u00a0<\/p>\n<p>&#8211; Ingen av dem bor i blokka, de g\u00e5r i dyre kl\u00e6r og dekker ofte ansiktene med hettegenser, hevder mannen.\u00a0<\/p>\n<p>        \u00d8st politidistrikt kalte inn til pressebrifing i forbindelse med eksplosjonen p\u00e5 Str\u00f8mmen natt til tirsdag.<\/p>\n<p>Det er ikke kjent om det er noen sammenheng mellom guttene og hendelsene mannen beskriver, og de omtalte hendelsene som n\u00e5 er under politietterforskning.\u00a0\u00a0<\/p>\n<p>If\u00f8lge tobarnsfaren p\u00e5gikk sl\u00e5sskampen han tidligere var vitne til i omkring fem minutter. Da han ropte for \u00e5 stoppe det, l\u00f8p de involverte til alle kanter.<\/p>\n<p>&#8211; Jeg var p\u00e5 vei ned, men jeg snudde da jeg s\u00e5 at en av disse hadde et v\u00e5pen, forteller mannen.<\/p>\n<p>    <a itemprop=\"url\" href=\"https:\/\/www.dagbladet.no\/nyheter\/to-pagrepet-etter-eksplosjon\/83688266\" rel=\"nofollow noopener\" target=\"_blank\"><\/p>\n<p>      <img loading=\"lazy\" decoding=\"async\" src=\"https:\/\/www.europesays.com\/no\/wp-content\/uploads\/2025\/10\/83675424.webp\" width=\"980\" height=\"441\" title=\"To p\u00e5grepet etter eksplosjon\" alt=\"\" class=\"lazyload\" style=\"--aspect-ratio-image: 2.22; \"\/><\/p>\n<p>        To p\u00e5grepet etter eksplosjon<\/p>\n<p>    <\/a><\/p>\n<p>&#8211; Bekymret<\/p>\n<p>Han har ogs\u00e5 f\u00e5tt h\u00f8re at det hadde g\u00e5tt av pistolskudd p\u00e5 stedet l\u00f8rdag. Ogs\u00e5 en annen Dagbladet snakker med i samme omr\u00e5de, opplyser det samme.\u00a0<\/p>\n<p>Politiet bekrefter at det l\u00f8rdag var en trusselsituasjon ved serveringsstedet som ble rammet av en granateksplosjon.\u00a0<\/p>\n<p>Det er derimot ikke kjent om det er akkurat denne trusselhendelsen vitnene Dagbladet har v\u00e6rt i kontakt med har h\u00f8rt om eller observert.<\/p>\n<p>Politiet \u00f8nsket tidligere tirsdag ikke \u00e5 kommentere den saken ytterligere.\u00a0<\/p>\n<p>&#8211; Det er ikke normalt det som skjer i det omr\u00e5det her n\u00e5, sier familiefaren til Dagbladet.<\/p>\n<p>          <img loading=\"lazy\" decoding=\"async\" src=\"https:\/\/www.europesays.com\/no\/wp-content\/uploads\/2025\/10\/83693005.webp\" width=\"980\" height=\"559\" title=\"ENGSTELIG: Familiefaren f\u00f8ler seg ikke trygg i nabolaget lenger. Han \u00f8nsker ikke \u00e5 st\u00e5 fram med navn og bilde. Foto: Lars Eivind Bones \/ Dagbladet\" alt=\"\" class=\"\" style=\"--aspect-ratio-image: 1.75; \"\/><\/p>\n<p>\n          ENGSTELIG: Familiefaren f\u00f8ler seg ikke trygg i nabolaget lenger. Han \u00f8nsker ikke \u00e5 st\u00e5 fram med navn og bilde. Foto: Lars Eivind Bones \/ Dagbladet\n      <\/p>\n<p>Han mener hendelsene ikke er unike, men en del av en skremmende utvikling i dette omr\u00e5det.<\/p>\n<p>&#8211; Jeg har sett politiet snakke med dem, men disse guttene er ogs\u00e5 verbale mot politiet.<\/p>\n<p>          <img loading=\"lazy\" decoding=\"async\" src=\"https:\/\/www.europesays.com\/no\/wp-content\/uploads\/2025\/10\/83693006.webp\" width=\"980\" height=\"559\" title=\"NABOLAGET: Dagbladet har snakket med flere beboere i nabolaget som ikke lenger f\u00f8ler seg trygge, enten de er beboere i omr\u00e5det, eller jobber der. Bak til h\u00f8yre i bildet ser man Str\u00f8mmen Storsenter. Foto: Lars Eivind Bones \/ Dagbladet\" alt=\"\" class=\"\" style=\"--aspect-ratio-image: 1.75; \"\/><\/p>\n<p>\n          NABOLAGET: Dagbladet har snakket med flere beboere i nabolaget som ikke lenger f\u00f8ler seg trygge, enten de er beboere i omr\u00e5det, eller jobber der. Bak til h\u00f8yre i bildet ser man Str\u00f8mmen Storsenter. Foto: Lars Eivind Bones \/ Dagbladet\n      <\/p>\n<p>Politiadvokat Eirik Braathen i \u00d8st politidistrikt sa til Dagbladet tidligere tirsdag at de er bekymret for at det skal skje flere liknende hendelser som granatangrepet p\u00e5 Str\u00f8mmen.\u00a0<\/p>\n<p>&#8211; Det tror jeg alle er &#8211; b\u00e5de politiet som jobber med dette og den \u00f8vrige befolkningen. Derfor brukes det ogs\u00e5 mye ressurser p\u00e5 dette, b\u00e5de for \u00e5 oppklare hendelsene og p\u00e5 forebygging. Derfor samarbeider vi tett med tilst\u00f8tende politidistrikter og Kripos, sa Braathen.<\/p>\n<p>        H\u00c5NDGRANAT: To unge menn er p\u00e5grepet etter det politiet mener er en eksplosjon fra en h\u00e5ndgranat p\u00e5 Str\u00f8mmen. Reporter: Sondre Andreas Wed\u00f8e Nodland. Video: NTB.<\/p>\n<p>&#8211; H\u00f8yt smell<\/p>\n<p>Dagbladet m\u00f8ter ogs\u00e5 Isabel (35), som bor like ved serveringsstedet der h\u00e5ndgranaten gikk av.<\/p>\n<p>Ogs\u00e5 hun forteller at hun f\u00f8ler seg utrygg.<\/p>\n<p>&#8211; Bare det siste \u00e5ret har jeg h\u00f8rt flere og flere snakke om uroligheter her.\u00a0<\/p>\n<p>          <img loading=\"lazy\" decoding=\"async\" src=\"https:\/\/www.europesays.com\/no\/wp-content\/uploads\/2025\/10\/83690957.webp\" width=\"980\" height=\"559\" title=\"UROLIG: Isabel (35) bor like ved serveringsstedet der granaten gikk av seint mandag kveld. Foto: Lars Eivind Bones \/ Dagbladet\" alt=\"\" class=\"\" style=\"--aspect-ratio-image: 1.75; \"\/><\/p>\n<p>\n          UROLIG: Isabel (35) bor like ved serveringsstedet der granaten gikk av seint mandag kveld. Foto: Lars Eivind Bones \/ Dagbladet\n      <\/p>\n<p>Hun l\u00e5 og sov da granaten gikk av, men v\u00e5knet av smellet.\u00a0<\/p>\n<p>&#8211; Det var et ganske h\u00f8yt smell. Det ristet i bygget. Jeg skvatt, og hunden ble ganske urolig og pep, sier hun.<\/p>\n<p>N\u00e5 er hun bekymret for utviklingen i nabolaget.<\/p>\n<p>&#8211; Det er ikke noe hyggelig, sier hun.<\/p>\n","protected":false},"excerpt":{"rendered":"Str\u00f8mmen Mandag kveld gikk en h\u00e5ndgranat av p\u00e5 Str\u00f8mmen. Naboer forteller om en skremmende utvikling i omr\u00e5det. &#8211;&hellip;\n","protected":false},"author":2,"featured_media":55276,"comment_status":"","ping_status":"","sticky":false,"template":"","format":"standard","meta":{"footnotes":""},"categories":[5],"tags":[20,21,1524,1014,24,25,15,19,179,22,23,17,18,13,30,28,29,14,16,26,27,412],"class_list":{"0":"post-55275","1":"post","2":"type-post","3":"status-publish","4":"format-standard","5":"has-post-thumbnail","7":"category-overskrifter","8":"tag-breaking-news","9":"tag-breakingnews","10":"tag-danmark","11":"tag-droner","12":"tag-featured-news","13":"tag-featurednews","14":"tag-headlines","15":"tag-hovedoppslag","16":"tag-krigen-i-ukraina","17":"tag-latest-news","18":"tag-latestnews","19":"tag-main-news","20":"tag-mainnews","21":"tag-news","22":"tag-no","23":"tag-norge","24":"tag-norway","25":"tag-nyheter","26":"tag-overskrifter","27":"tag-top-stories","28":"tag-topstories","29":"tag-utenriks"},"share_on_mastodon":{"url":"","error":""},"_links":{"self":[{"href":"https:\/\/www.europesays.com\/no\/wp-json\/wp\/v2\/posts\/55275","targetHints":{"allow":["GET"]}}],"collection":[{"href":"https:\/\/www.europesays.com\/no\/wp-json\/wp\/v2\/posts"}],"about":[{"href":"https:\/\/www.europesays.com\/no\/wp-json\/wp\/v2\/types\/post"}],"author":[{"embeddable":true,"href":"https:\/\/www.europesays.com\/no\/wp-json\/wp\/v2\/users\/2"}],"replies":[{"embeddable":true,"href":"https:\/\/www.europesays.com\/no\/wp-json\/wp\/v2\/comments?post=55275"}],"version-history":[{"count":0,"href":"https:\/\/www.europesays.com\/no\/wp-json\/wp\/v2\/posts\/55275\/revisions"}],"wp:featuredmedia":[{"embeddable":true,"href":"https:\/\/www.europesays.com\/no\/wp-json\/wp\/v2\/media\/55276"}],"wp:attachment":[{"href":"https:\/\/www.europesays.com\/no\/wp-json\/wp\/v2\/media?parent=55275"}],"wp:term":[{"taxonomy":"category","embeddable":true,"href":"https:\/\/www.europesays.com\/no\/wp-json\/wp\/v2\/categories?post=55275"},{"taxonomy":"post_tag","embeddable":true,"href":"https:\/\/www.europesays.com\/no\/wp-json\/wp\/v2\/tags?post=55275"}],"curies":[{"name":"wp","href":"https:\/\/api.w.org\/{rel}","templated":true}]}}