{"id":55297,"date":"2025-10-08T06:44:11","date_gmt":"2025-10-08T06:44:11","guid":{"rendered":"https:\/\/www.europesays.com\/no\/55297\/"},"modified":"2025-10-08T06:44:11","modified_gmt":"2025-10-08T06:44:11","slug":"vurderer-a-flytte-dagbladet","status":"publish","type":"post","link":"https:\/\/www.europesays.com\/no\/55297\/","title":{"rendered":"&#8211; Vurderer \u00e5 flytte &#8211; Dagbladet"},"content":{"rendered":"<ol>\n<li><a href=\"https:\/\/news.google.com\/rss\/articles\/CBMia0FVX3lxTE1KLXVZX1dFQVl5ZGVhVVNuOEh3RW5YVmw1cVRVSFZ5aEViMDZrc1VSMXpoYWZWMnRwT284R0Q5LUVSOU9xeFZwYkpCcnRSVFUydDU1S0VFZllWNmNKWnFMLS1YZzZlSktsWndz?oc=5\" target=\"_blank\" rel=\"nofollow noopener\">&#8211; Vurderer \u00e5 flytte<\/a>&nbsp;&nbsp;Dagbladet<\/li>\n<li><a href=\"https:\/\/news.google.com\/rss\/articles\/CBMijgFBVV95cUxON0hVTlBvcllWa0E1ZC1PZWtJM25neVcwYjh4RlNseGtVTU5SQVVkNFRaUU5oVE5IaThESDM3R0lDcFMxa05sdUhUWC00SlkzbUgtSUhIR2tyT0RIMGwxNS1nNU5XWTFMbUZnSzY4VXJweTNHLXFSYzEtbDJnSl9GTVVGbUwxTFcxRXZWOFlR?oc=5\" target=\"_blank\" rel=\"nofollow noopener\">Foxtrot-m\u00e5l har familierelasjon til innehaver av Str\u00f8mmen-restaurant<\/a>&nbsp;&nbsp;VG<\/li>\n<li><a href=\"https:\/\/news.google.com\/rss\/articles\/CBMiigFBVV95cUxNZmY2bFZ4MVVwdkM0LUUwdU82YzkzY0poN0MxVkhhMnZ2VjNnb3lVb2JnZk83ay1BUHgwdE1jNVhJdkVyUElwQXgwSTUyUlMyUTF1a1VtUVM4d28wX3pKbjZ4Sk5ZY0hwWTFxaThNN1ZNXzFVMEcyOF9KRlBkMy1UV2pYNDNRakpleEE?oc=5\" target=\"_blank\" rel=\"nofollow noopener\">Eksplosjon ved serveringssted i Lillestr\u00f8m \u2013 Stor-Oslo<\/a>&nbsp;&nbsp;NRK<\/li>\n<li><a href=\"https:\/\/news.google.com\/rss\/articles\/CBMiqgFBVV95cUxNUlNzN3lBbVFKWjJDRDJKX1d4QjhLeWdGaklaZ0xxRHREMThvZ0Nmc1pWd2ZFX0NwZm1qczF0b1poLVVDZGNCRHRHeDdkX0hOeWJVUjNtYXc2WDJRUEV5YnRQOEhoSHFMenpGQ1BEWjR5eGk5eDRuNTZIeWhaWVNRQkRlT2xnSWlNdkdSWldoZm5nMTF3RkJQamdfYW8zQ2RyVjZUS2EyLTBHdw?oc=5\" target=\"_blank\" rel=\"nofollow noopener\">Opplysninger til TV 2: Fant 3D-printet v\u00e5pen p\u00e5 sushirestaurant f\u00f8r granatangrepet<\/a>&nbsp;&nbsp;TV2.no<\/li>\n<li><a href=\"https:\/\/news.google.com\/rss\/articles\/CBMipwFBVV95cUxQNGdXQXNuRWhxanlwUHkwX0hYYjI4RUtMMFhZaGgzZGd6ZFNfUVBadzkwSFRPdFAwcFdqRWtpNVc3LUZ3RkR1SXg3YzFXSTBUemdjamFwWkhnZFBvcjFZR1FCZkZxUWgxaTh3VW8tZTFvOGxJeXN1RjJVNlpyZmhBTW1aVDZ3NVhkOHgzdXFIMEt3Z3FNNmxWWHlYdzhBTUJUNVlIQ0F3TQ?oc=5\" target=\"_blank\" rel=\"nofollow noopener\">Granatangrep p\u00e5 Str\u00f8mmen: Kobles til Foxtrot-konflikt i Norge<\/a>&nbsp;&nbsp;Aftenposten<\/li>\n<\/ol>\n","protected":false},"excerpt":{"rendered":"&#8211; Vurderer \u00e5 flytte&nbsp;&nbsp;Dagbladet Foxtrot-m\u00e5l har familierelasjon til innehaver av Str\u00f8mmen-restaurant&nbsp;&nbsp;VG Eksplosjon ved serveringssted i Lillestr\u00f8m \u2013 Stor-Oslo&nbsp;&nbsp;NRK&hellip;\n","protected":false},"author":2,"featured_media":55298,"comment_status":"","ping_status":"","sticky":false,"template":"","format":"standard","meta":{"footnotes":""},"categories":[5],"tags":[20,21,24,25,15,19,2539,22,23,17,18,13,30,28,29,14,16,26,27],"class_list":{"0":"post-55297","1":"post","2":"type-post","3":"status-publish","4":"format-standard","5":"has-post-thumbnail","7":"category-overskrifter","8":"tag-breaking-news","9":"tag-breakingnews","10":"tag-featured-news","11":"tag-featurednews","12":"tag-headlines","13":"tag-hovedoppslag","14":"tag-innenriks","15":"tag-latest-news","16":"tag-latestnews","17":"tag-main-news","18":"tag-mainnews","19":"tag-news","20":"tag-no","21":"tag-norge","22":"tag-norway","23":"tag-nyheter","24":"tag-overskrifter","25":"tag-top-stories","26":"tag-topstories"},"share_on_mastodon":{"url":"","error":""},"_links":{"self":[{"href":"https:\/\/www.europesays.com\/no\/wp-json\/wp\/v2\/posts\/55297","targetHints":{"allow":["GET"]}}],"collection":[{"href":"https:\/\/www.europesays.com\/no\/wp-json\/wp\/v2\/posts"}],"about":[{"href":"https:\/\/www.europesays.com\/no\/wp-json\/wp\/v2\/types\/post"}],"author":[{"embeddable":true,"href":"https:\/\/www.europesays.com\/no\/wp-json\/wp\/v2\/users\/2"}],"replies":[{"embeddable":true,"href":"https:\/\/www.europesays.com\/no\/wp-json\/wp\/v2\/comments?post=55297"}],"version-history":[{"count":0,"href":"https:\/\/www.europesays.com\/no\/wp-json\/wp\/v2\/posts\/55297\/revisions"}],"wp:featuredmedia":[{"embeddable":true,"href":"https:\/\/www.europesays.com\/no\/wp-json\/wp\/v2\/media\/55298"}],"wp:attachment":[{"href":"https:\/\/www.europesays.com\/no\/wp-json\/wp\/v2\/media?parent=55297"}],"wp:term":[{"taxonomy":"category","embeddable":true,"href":"https:\/\/www.europesays.com\/no\/wp-json\/wp\/v2\/categories?post=55297"},{"taxonomy":"post_tag","embeddable":true,"href":"https:\/\/www.europesays.com\/no\/wp-json\/wp\/v2\/tags?post=55297"}],"curies":[{"name":"wp","href":"https:\/\/api.w.org\/{rel}","templated":true}]}}