{"id":55344,"date":"2025-10-08T07:56:09","date_gmt":"2025-10-08T07:56:09","guid":{"rendered":"https:\/\/www.europesays.com\/no\/55344\/"},"modified":"2025-10-08T07:56:09","modified_gmt":"2025-10-08T07:56:09","slug":"bane-nor-mistenkt-etter-skred-i-levanger","status":"publish","type":"post","link":"https:\/\/www.europesays.com\/no\/55344\/","title":{"rendered":"Bane Nor mistenkt etter skred i Levanger"},"content":{"rendered":"\n<p class=\"_lead_1994c_2 _lead_xtcu6_50 layout-component text-serif-m layout-normal text-serif-l layout-component layout-wide layout-padded _wide_17hqh_1 layout-padded\">Det skriver politiet i Tr\u00f8ndelag i en pressemelding. <\/p>\n<p><img alt=\" Foto: Jan Langhaug \/ NTB\" class=\"_image_qp4xg_65 layout-component layout-wide\" data-fullscreen- data-track-element-type=\"Article image fullscreen\" data-track-name=\"ImageFullscreen\" fetchpriority=\"high\" decoding=\"sync\" loading=\"eager\" height=\"2268\" itemprop=\"image\"  src=\"https:\/\/www.europesays.com\/no\/wp-content\/uploads\/2025\/10\/52b4032f-275a-4a42-b2bd-6a784dd58758\"  style=\"object-position:0% 0%\" width=\"4032\"\/> Foto: Jan Langhaug \/ NTB<\/p>\n<ul aria-hidden=\"true\" class=\"_images_1y6fe_106\">\n<li><a class=\"_link_1y6fe_111\" href=\"https:\/\/www.vg.no\/forfatter\/kaja-marie-andreassen\" style=\"z-index:1\" title=\"Kaja Marie Andreassen\" rel=\"nofollow noopener\" target=\"_blank\"><img alt=\"Bilde av Kaja Marie Andreassen\" class=\"_image_1y6fe_88\" fetchpriority=\"low\" loading=\"lazy\" decoding=\"async\" itemprop=\"image\"  src=\"https:\/\/www.europesays.com\/no\/wp-content\/uploads\/2025\/10\/1759910167_722_f9ab1286-21d8-4f37-8c46-c914fd91234e\"  width=\"480\"\/><\/a><\/li>\n<\/ul>\n<p> Oppdatert onsdag 8. oktober kl. 09:55     <\/p>\n<p class=\"_paragraph_1994c_4 _paragraph_xtcu6_10 layout-component text-serif-m layout-normal text-serif-m layout-padded\">Det er tre selskap som har f\u00e5tt status som mistenkt i etterforskningen: <\/p>\n<p class=\"_paragraph_1994c_4 _paragraph_xtcu6_10 layout-component text-serif-m layout-normal text-serif-m layout-padded\"><strong class=\"_strong_1994c_25\">Bane Nor (byggherre)<\/strong><\/p>\n<p class=\"_paragraph_1994c_4 _paragraph_xtcu6_10 layout-component text-serif-m layout-normal text-serif-m layout-padded\"><strong class=\"_strong_1994c_25\">Infrakraft (entrepren\u00f8r)<\/strong><\/p>\n<p class=\"_paragraph_1994c_4 _paragraph_xtcu6_10 layout-component text-serif-m layout-normal text-serif-m layout-padded\"><strong class=\"_strong_1994c_25\">Niras (arbeidsgiver til avd\u00f8de)<\/strong><\/p>\n<p class=\"_paragraph_1994c_4 _paragraph_xtcu6_10 layout-component text-serif-m layout-normal text-serif-m layout-padded\">Politiet har \u00e5pnet etterforskning i etterkant av leirskredet i Levanger kommune 30. august, hvor en person mistet livet. <\/p>\n<p class=\"_paragraph_1994c_4 _paragraph_xtcu6_10 layout-component text-serif-m layout-normal text-serif-m layout-padded\">Den ansatte jobbet p\u00e5 et prosjekt for Bane Nor, da\u00a0<a href=\"https:\/\/www.vg.no\/nyheter\/i\/XjrAzg\/trafikken-i-levanger-vil-vaere-paavirket-i-flere-maaneder\" data-track-element-type=\"Link\" data-track-id=\"link:XjrAzg\" class=\"_link_1994c_39\" rel=\"nofollow noopener\" target=\"_blank\">et stort jordskred<\/a>\u00a0ble utl\u00f8st ved E6 ved Nesvatnet i\u00a0<a href=\"https:\/\/www.vg.no\/tag\/levanger?utm_source=vg-article&amp;utm_medium=auto-tagger&amp;utm_campaign=Oov9Q1\" class=\"_link_1994c_39\" rel=\"nofollow noopener\" target=\"_blank\">Levanger<\/a>, nord\u00f8st for Trondheim.<\/p>\n<p class=\"_paragraph_1994c_4 _paragraph_xtcu6_10 layout-component text-serif-m layout-normal text-serif-m layout-padded\">Det var 32 \u00e5r gamle<a href=\"https:\/\/www.vg.no\/nyheter\/i\/rPoa5a\/det-var-32-aar-gamle-jakob-bitsch-jensen-som-doede-i-kvikkleireskredet-i-levanger\" data-track-element-type=\"Link\" data-track-id=\"link:rPoa5a\" class=\"_link_1994c_39\" rel=\"nofollow noopener\" target=\"_blank\"> Jakob Bitsch Jensen som d\u00f8de i raset <\/a>som gikk ved Nesvatnet i Levanger l\u00f8rdag 30. august.<\/p>\n<p class=\"_paragraph_1994c_4 _paragraph_xtcu6_10 layout-component text-serif-m layout-normal text-serif-m layout-padded\">Jensen var dansk statsborger, og var p\u00e5 jobb for det danske selskapet Niras i et prosjekt for Bane Nor da raset skjedde.<\/p>\n<p class=\"_paragraph_1994c_4 _paragraph_xtcu6_10 layout-component text-serif-m layout-normal text-serif-m layout-padded\">Han ble funnet d\u00f8d i rasomr\u00e5det den 12. september.<\/p>\n<p class=\"_paragraph_1994c_4 _paragraph_xtcu6_10 layout-component text-serif-m layout-normal text-serif-m layout-padded\">Raset f\u00f8rte til at nye og gamle E6, samt Nordlandsbanen, skled ut i Nesvatnet.<\/p>\n<p class=\"_paragraph_1994c_4 _paragraph_xtcu6_10 layout-component text-serif-m layout-normal text-serif-m layout-padded\">\u2013 Etterforskningen vil fremover s\u00f8ke \u00e5 avdekke hvilke vurderinger og tiltak som ble gjort av de forskjellige selskapene, i forkant av at raset gikk, sier p\u00e5taleansvarlig i saken, Kjetil Bruland S\u00f8rensen, politiadvokat i Tr\u00f8ndelag politidistrikt.<\/p>\n<p class=\"_paragraph_1994c_4 _paragraph_xtcu6_10 layout-component text-serif-m layout-normal text-serif-m layout-padded\">Det vil bli gjort flere avh\u00f8r av vitner, samt innhenting og bearbeiding av relevant dokumentasjon, skriver politiet videre. Det vil ogs\u00e5 hentet inn eksperter, og etterforskningen vil ta noe tid. Det er forventet at sakkyndigrapporten er ferdigstilt v\u00e5ren 2026. <\/p>\n<p class=\"_paragraph_1994c_4 _paragraph_xtcu6_10 layout-component text-serif-m layout-normal text-serif-m layout-padded\">Bane Nor var i gang med \u00e5 bygge et nytt 900 meter langt kryssingsspor ved Nesvatnet i Levanger for \u00e5 f\u00e5 flere togavganger. Det p\u00e5gikk arbeid med \u00e5 sikre grunnen da skredet gikk 30. august. <\/p>\n<p class=\"_paragraph_1994c_4 _paragraph_xtcu6_10 layout-component text-serif-m layout-normal text-serif-m layout-padded\">Bane Nor <a href=\"https:\/\/www.vg.no\/nyheter\/i\/RzLp1a\/analyse-foer-bane-nor-prosjektet-ras-kan-foere-til-doedsfall\" data-track-element-type=\"Link\" data-track-id=\"link:RzLp1a\" class=\"_link_1994c_39\" rel=\"nofollow noopener\" target=\"_blank\">visste at de arbeidet i et risikabelt omr\u00e5de med mye\u00a0kvikkleire<\/a>, viser dokumenter VG har sett. <\/p>\n<p class=\"_paragraph_1994c_4 _paragraph_xtcu6_10 layout-component text-serif-m layout-normal text-serif-m layout-padded\">I en s\u00e5kalt\u00a0ROS-analyse\u00a0av prosjektet i 2022, ble risikoen for kvikkleireskred eller masseutglidning vurdert til gul \u2013 alts\u00e5 middels h\u00f8y risiko.<\/p>\n<p>    <img decoding=\"async\" alt=\"Tips oss illustrasjon\" width=\"62px\" height=\"auto\" src=\"https:\/\/www.europesays.com\/no\/wp-content\/uploads\/2025\/08\/1754784428_95_W9avJzE.png\"\/>    <\/p>\n<p class=\"title-serif-s\">Har du tips til oss?<\/p>\n<p class=\"text-sans-m\">Send oss informasjon, bilder eller video<\/p>\n<p>  <a href=\"https:\/\/www.vg.no\/tips-oss\" rel=\"nofollow noopener\" target=\"_blank\"> Tips oss <\/a>      <\/p>\n","protected":false},"excerpt":{"rendered":"Det skriver politiet i Tr\u00f8ndelag i en pressemelding. Foto: Jan Langhaug \/ NTB Oppdatert onsdag 8. oktober kl.&hellip;\n","protected":false},"author":2,"featured_media":55345,"comment_status":"","ping_status":"","sticky":false,"template":"","format":"standard","meta":{"footnotes":""},"categories":[10],"tags":[31,20,21,24,25,15,22,23,13,30,28,29,14,16,26,27],"class_list":{"0":"post-55344","1":"post","2":"type-post","3":"status-publish","4":"format-standard","5":"has-post-thumbnail","7":"category-norge","8":"tag-breaking","9":"tag-breaking-news","10":"tag-breakingnews","11":"tag-featured-news","12":"tag-featurednews","13":"tag-headlines","14":"tag-latest-news","15":"tag-latestnews","16":"tag-news","17":"tag-no","18":"tag-norge","19":"tag-norway","20":"tag-nyheter","21":"tag-overskrifter","22":"tag-top-stories","23":"tag-topstories"},"share_on_mastodon":{"url":"","error":""},"_links":{"self":[{"href":"https:\/\/www.europesays.com\/no\/wp-json\/wp\/v2\/posts\/55344","targetHints":{"allow":["GET"]}}],"collection":[{"href":"https:\/\/www.europesays.com\/no\/wp-json\/wp\/v2\/posts"}],"about":[{"href":"https:\/\/www.europesays.com\/no\/wp-json\/wp\/v2\/types\/post"}],"author":[{"embeddable":true,"href":"https:\/\/www.europesays.com\/no\/wp-json\/wp\/v2\/users\/2"}],"replies":[{"embeddable":true,"href":"https:\/\/www.europesays.com\/no\/wp-json\/wp\/v2\/comments?post=55344"}],"version-history":[{"count":0,"href":"https:\/\/www.europesays.com\/no\/wp-json\/wp\/v2\/posts\/55344\/revisions"}],"wp:featuredmedia":[{"embeddable":true,"href":"https:\/\/www.europesays.com\/no\/wp-json\/wp\/v2\/media\/55345"}],"wp:attachment":[{"href":"https:\/\/www.europesays.com\/no\/wp-json\/wp\/v2\/media?parent=55344"}],"wp:term":[{"taxonomy":"category","embeddable":true,"href":"https:\/\/www.europesays.com\/no\/wp-json\/wp\/v2\/categories?post=55344"},{"taxonomy":"post_tag","embeddable":true,"href":"https:\/\/www.europesays.com\/no\/wp-json\/wp\/v2\/tags?post=55344"}],"curies":[{"name":"wp","href":"https:\/\/api.w.org\/{rel}","templated":true}]}}