{"id":55358,"date":"2025-10-08T08:11:10","date_gmt":"2025-10-08T08:11:10","guid":{"rendered":"https:\/\/www.europesays.com\/no\/55358\/"},"modified":"2025-10-08T08:11:10","modified_gmt":"2025-10-08T08:11:10","slug":"nyheter-politi-tre-selskap-har-status-som-mistenkt-etter-skred-i-levanger","status":"publish","type":"post","link":"https:\/\/www.europesays.com\/no\/55358\/","title":{"rendered":"Nyheter, Politi | Tre selskap har status som mistenkt etter skred i Levanger"},"content":{"rendered":"\n<p>Det skriver politiet i Tr\u00f8ndelag i en pressemelding, melder <a href=\"https:\/\/www.vg.no\/nyheter\/i\/8qr5Kw\/bane-nor-mistenkt-etter-skred-i-levanger\" rel=\"Follow nofollow noopener\" target=\"_blank\">VG.<\/a><\/p>\n<p>Det er tre selskap som har f\u00e5tt status som mistenkt i etterforskningen. Det er Bane Nor som byggherre, Infrakraft som entrepren\u00f8r og Niras som arbeidsgiver til avd\u00f8de.<\/p>\n<p>  <a href=\"https:\/\/www.an.no\/5-4-2232350\" class=\"related-teaser has-image default-story-teaser article--c-eRUmMG article--c-eRUmMG-jKCPdD-design-default\" rel=\"nofollow noopener\" target=\"_blank\"><\/p>\n<p>    <img decoding=\"async\" loading=\"lazy\"  src=\"https:\/\/www.europesays.com\/no\/wp-content\/uploads\/2025\/10\/1759911070_169_photo+%283%29.jpg\" alt=\"\" class=\"brick-c-cFOWSL\" style=\"\"\/><\/p>\n<p>\n            Les ogs\u00e5<\/p>\n<p>              Landet delt i to etter skred \u2013 togene p\u00e5 Nordlandsbanen st\u00e5r\n        <\/p>\n<p>  <\/a><\/p>\n<p>Politiet har \u00e5pnet etterforskning i etterkant av leirskredet i Levanger kommune 30. august, hvor en person mistet livet, melder <a href=\"https:\/\/www.vg.no\/nyheter\/i\/8qr5Kw\/bane-nor-mistenkt-etter-skred-i-levanger\" rel=\"Follow nofollow noopener\" target=\"_blank\">VG<\/a> og henviser til pressemeldingen.<\/p>\n<p>Et massivt jordskred tok E6 og jernbanen ved Nesvatnet i Levanger l\u00f8rdag 30. august. Raset f\u00f8rte til at nye og gamle E6, samt deler av Nordlandsbanen, skled ut i Nesvatnet.<\/p>\n<p>En dansk geoteknisk arbeider, ansatt i ingeni\u00f8rselskapet Niras og tilknyttet et prosjekt for Bane Nor, omkom.<\/p>\n<p>Han ble senere funnet d\u00f8d i rasomr\u00e5det den 12. september.<\/p>\n<p>  <a href=\"https:\/\/www.an.no\/5-4-2233414\" class=\"related-teaser has-image default-story-teaser article--c-eRUmMG article--c-eRUmMG-jKCPdD-design-default\" rel=\"nofollow noopener\" target=\"_blank\"><\/p>\n<p>    <img decoding=\"async\" loading=\"lazy\"  src=\"https:\/\/www.europesays.com\/no\/wp-content\/uploads\/2025\/10\/photo%2B29.jpg\" alt=\"\" class=\"brick-c-cFOWSL\" style=\"\"\/><\/p>\n<p>\n            Les ogs\u00e5<\/p>\n<p>              Bekrefter: \u2013 V\u00e5r kollega var involvert i en tragisk ulykke\n        <\/p>\n<p>  <\/a><\/p>\n","protected":false},"excerpt":{"rendered":"Det skriver politiet i Tr\u00f8ndelag i en pressemelding, melder VG. Det er tre selskap som har f\u00e5tt status&hellip;\n","protected":false},"author":2,"featured_media":55359,"comment_status":"","ping_status":"","sticky":false,"template":"","format":"standard","meta":{"footnotes":""},"categories":[5],"tags":[36,20,21,24,25,15,19,22,23,17,18,13,30,450,28,29,14,16,254,1510,26,27],"class_list":{"0":"post-55358","1":"post","2":"type-post","3":"status-publish","4":"format-standard","5":"has-post-thumbnail","7":"category-overskrifter","8":"tag-art","9":"tag-breaking-news","10":"tag-breakingnews","11":"tag-featured-news","12":"tag-featurednews","13":"tag-headlines","14":"tag-hovedoppslag","15":"tag-latest-news","16":"tag-latestnews","17":"tag-main-news","18":"tag-mainnews","19":"tag-news","20":"tag-no","21":"tag-nordlandsbanen","22":"tag-norge","23":"tag-norway","24":"tag-nyheter","25":"tag-overskrifter","26":"tag-politi","27":"tag-story","28":"tag-top-stories","29":"tag-topstories"},"share_on_mastodon":{"url":"","error":""},"_links":{"self":[{"href":"https:\/\/www.europesays.com\/no\/wp-json\/wp\/v2\/posts\/55358","targetHints":{"allow":["GET"]}}],"collection":[{"href":"https:\/\/www.europesays.com\/no\/wp-json\/wp\/v2\/posts"}],"about":[{"href":"https:\/\/www.europesays.com\/no\/wp-json\/wp\/v2\/types\/post"}],"author":[{"embeddable":true,"href":"https:\/\/www.europesays.com\/no\/wp-json\/wp\/v2\/users\/2"}],"replies":[{"embeddable":true,"href":"https:\/\/www.europesays.com\/no\/wp-json\/wp\/v2\/comments?post=55358"}],"version-history":[{"count":0,"href":"https:\/\/www.europesays.com\/no\/wp-json\/wp\/v2\/posts\/55358\/revisions"}],"wp:featuredmedia":[{"embeddable":true,"href":"https:\/\/www.europesays.com\/no\/wp-json\/wp\/v2\/media\/55359"}],"wp:attachment":[{"href":"https:\/\/www.europesays.com\/no\/wp-json\/wp\/v2\/media?parent=55358"}],"wp:term":[{"taxonomy":"category","embeddable":true,"href":"https:\/\/www.europesays.com\/no\/wp-json\/wp\/v2\/categories?post=55358"},{"taxonomy":"post_tag","embeddable":true,"href":"https:\/\/www.europesays.com\/no\/wp-json\/wp\/v2\/tags?post=55358"}],"curies":[{"name":"wp","href":"https:\/\/api.w.org\/{rel}","templated":true}]}}