{"id":55395,"date":"2025-10-08T09:01:12","date_gmt":"2025-10-08T09:01:12","guid":{"rendered":"https:\/\/www.europesays.com\/no\/55395\/"},"modified":"2025-10-08T09:01:12","modified_gmt":"2025-10-08T09:01:12","slug":"krim-prinsdal-prinsdal-drapet-siktet-kvinne-samtykker-til-varetektsfengsling","status":"publish","type":"post","link":"https:\/\/www.europesays.com\/no\/55395\/","title":{"rendered":"Krim, Prinsdal | Prinsdal-drapet: Siktet kvinne samtykker til varetektsfengsling"},"content":{"rendered":"\n<p><b>Avisa Oslo\/Nordstrands Blad<\/b>: En ung kvinne er siktet for <a href=\"https:\/\/www.ao.no\/ringte-politiet-hadde-drept-en-person\/s\/5-128-1163782\" rel=\"Follow nofollow noopener\" target=\"_blank\">drap p\u00e5 et s\u00f8sken p\u00e5 Prinsdal<\/a> p\u00e5 S\u00f8ndre Nordstrand tirsdag kveld.<\/p>\n<p>Forsvarer Cecilie Nakstad sier Nordstrands Blad at den siktede er en ung kvinne, og at hun har forklart seg til politiet i mange timer i natt.<\/p>\n<p><b>\u2013 Hun har v\u00e6rt i avh\u00f8r i mange timer gjennom natten. Hun har forklart seg grundig, godt og lenge, sier Nakstad.<\/b><\/p>\n<p>Hun opplyser at kvinnen har samtykket til varetektsfengsling og at hun trolig vil bli overf\u00f8rt til fengsel i l\u00f8pet av dagen.<\/p>\n<p>\u2013 N\u00e5 er det neste et fengslingsm\u00f8te, men det vil trolig g\u00e5 som kontorforetning, alts\u00e5 en skriftlig behandling, forklarer forsvareren.<\/p>\n<p>Hun \u00f8nsker ikke \u00e5 g\u00e5 i detalj p\u00e5 hvordan den siktede kvinnen har det n\u00e5.<\/p>\n<p>If\u00f8lge Nakstad vil politiet be om fire ukers varetektsfengsling.<\/p>\n<p><b><a rel=\"Follow nofollow noopener\" href=\"https:\/\/www.aftenposten.no\/oslo\/i\/VzKQdr\/prinsdal-drapet-siktet-kvinne-samtykker-til-varetektsfengsling\" target=\"_blank\">Aftenposten <\/a>skriver at drapsofferet er den siktedes yngre bror, som skal v\u00e6re i slutten av ten\u00e5rene.<\/b><\/p>\n<p>   <img decoding=\"async\" width=\"1164\" height=\"655\" fetchpriority=\"low\"  loading=\"lazy\"  src=\"https:\/\/www.europesays.com\/no\/wp-content\/uploads\/2025\/10\/last+ned+%2817%29.png\" alt=\"\" class=\"brick-c-cFOWSL\" style=\"--brick-image-ratio: 1164 \/ 655;\"\/><\/p>\n<p>    Politiet mottok melding om drapet klokken 17.22 tirsdag.<br \/>\n    Foto: Adnan Ayanle \/ PSPresse\n  <\/p>\n<p>  Kontaktet politiet selv<\/p>\n<p>Det var kvinnen selv som ringte til politiet tirsdag ettermiddag rundt klokken 17, og meldte at hun hadde drept en person.<\/p>\n<p>\u2013 Da politiet ankom adressen fant de en hardt skadet person, uttalte operasjonsleder Bjarne Pedersen tirsdag kveld.<\/p>\n<p><b>If\u00f8lge innsatsleder Monica Engebretsen ble personen funnet inne i en leilighet. Det ble igangsatt livreddende tiltak som ikke f\u00f8rte frem. Personen ble erkl\u00e6rt d\u00f8d p\u00e5 stedet. <\/b><\/p>\n<p>Drapet skjedde i et nabolag p\u00e5 Prinsdal i bydel S\u00f8ndre Nordstrand. Politiet sperret av et st\u00f8rre omr\u00e5de her tirsdag kveld.<\/p>\n<p>Senere samme kveld opplyste politiet at den siktede og avd\u00f8de er s\u00f8sken.<\/p>\n<p>\u2013 Politiet kan bekrefte at det er en s\u00f8skenrelasjon mellom siktede og avd\u00f8de. Politiet jobber n\u00e5 videre med taktisk og tekniske etterforskningsskritt. Ut over ovennevnte, \u00f8nsker ikke politiet gi videre detaljer om saken p\u00e5 n\u00e5v\u00e6rende tidspunkt, uttalte Pedersen.<\/p>\n<p>   <img decoding=\"async\" width=\"1200\" height=\"674\" fetchpriority=\"low\"  loading=\"lazy\"  src=\"https:\/\/www.europesays.com\/no\/wp-content\/uploads\/2025\/10\/unnamed%2B29.jpg\" alt=\"\" class=\"brick-c-cFOWSL\" style=\"--brick-image-ratio: 1200 \/ 674;\"\/><\/p>\n<p>    Politiet gjorde unders\u00f8kelser p\u00e5 stedet tirsdag kveld.<br \/>\n    Foto: Adnan Ayanle \/ PSPresse\n  <\/p>\n<p><b>LES OGS\u00c5:<\/b><\/p>\n<p>  <a href=\"https:\/\/www.ao.no\/5-128-1163782\" class=\"related-teaser has-image default-story-teaser article--c-eRUmMG article--c-eRUmMG-jKCPdD-design-default\" rel=\"nofollow noopener\" target=\"_blank\"><\/p>\n<p>    <img decoding=\"async\" loading=\"lazy\"  src=\"https:\/\/www.europesays.com\/no\/wp-content\/uploads\/2025\/10\/1759914072_162_last+ned+%2817%29.png\" alt=\"\" class=\"brick-c-cFOWSL\" style=\"\"\/><\/p>\n<p>\n            Les ogs\u00e5<\/p>\n<p>              Ringte politiet: \u2013 Hadde drept en person\n        <\/p>\n<p>  <\/a><\/p>\n","protected":false},"excerpt":{"rendered":"Avisa Oslo\/Nordstrands Blad: En ung kvinne er siktet for drap p\u00e5 et s\u00f8sken p\u00e5 Prinsdal p\u00e5 S\u00f8ndre Nordstrand&hellip;\n","protected":false},"author":2,"featured_media":55396,"comment_status":"","ping_status":"","sticky":false,"template":"","format":"standard","meta":{"footnotes":""},"categories":[5],"tags":[36,20,21,377,24,25,15,19,983,22,23,17,18,13,30,28,29,14,636,16,8316,1001,1510,26,27],"class_list":{"0":"post-55395","1":"post","2":"type-post","3":"status-publish","4":"format-standard","5":"has-post-thumbnail","7":"category-overskrifter","8":"tag-art","9":"tag-breaking-news","10":"tag-breakingnews","11":"tag-drap","12":"tag-featured-news","13":"tag-featurednews","14":"tag-headlines","15":"tag-hovedoppslag","16":"tag-krim","17":"tag-latest-news","18":"tag-latestnews","19":"tag-main-news","20":"tag-mainnews","21":"tag-news","22":"tag-no","23":"tag-norge","24":"tag-norway","25":"tag-nyheter","26":"tag-oslo","27":"tag-overskrifter","28":"tag-prinsdal","29":"tag-sondre-nordstrand","30":"tag-story","31":"tag-top-stories","32":"tag-topstories"},"share_on_mastodon":{"url":"","error":""},"_links":{"self":[{"href":"https:\/\/www.europesays.com\/no\/wp-json\/wp\/v2\/posts\/55395","targetHints":{"allow":["GET"]}}],"collection":[{"href":"https:\/\/www.europesays.com\/no\/wp-json\/wp\/v2\/posts"}],"about":[{"href":"https:\/\/www.europesays.com\/no\/wp-json\/wp\/v2\/types\/post"}],"author":[{"embeddable":true,"href":"https:\/\/www.europesays.com\/no\/wp-json\/wp\/v2\/users\/2"}],"replies":[{"embeddable":true,"href":"https:\/\/www.europesays.com\/no\/wp-json\/wp\/v2\/comments?post=55395"}],"version-history":[{"count":0,"href":"https:\/\/www.europesays.com\/no\/wp-json\/wp\/v2\/posts\/55395\/revisions"}],"wp:featuredmedia":[{"embeddable":true,"href":"https:\/\/www.europesays.com\/no\/wp-json\/wp\/v2\/media\/55396"}],"wp:attachment":[{"href":"https:\/\/www.europesays.com\/no\/wp-json\/wp\/v2\/media?parent=55395"}],"wp:term":[{"taxonomy":"category","embeddable":true,"href":"https:\/\/www.europesays.com\/no\/wp-json\/wp\/v2\/categories?post=55395"},{"taxonomy":"post_tag","embeddable":true,"href":"https:\/\/www.europesays.com\/no\/wp-json\/wp\/v2\/tags?post=55395"}],"curies":[{"name":"wp","href":"https:\/\/api.w.org\/{rel}","templated":true}]}}