{"id":55473,"date":"2025-10-08T10:21:35","date_gmt":"2025-10-08T10:21:35","guid":{"rendered":"https:\/\/www.europesays.com\/no\/55473\/"},"modified":"2025-10-08T10:21:35","modified_gmt":"2025-10-08T10:21:35","slug":"stavanger-oilers-viking-kolliderer-med-viking-kamp-oilers-tar-grep","status":"publish","type":"post","link":"https:\/\/www.europesays.com\/no\/55473\/","title":{"rendered":"Stavanger Oilers, Viking | Kolliderer med Viking-kamp: Oilers tar grep"},"content":{"rendered":"\n<p>Stavanger Oilers markerer 25-\u00e5rsjubileum innev\u00e6rende sesong.<\/p>\n<p>Oppgj\u00f8ret mot Sparta l\u00f8rdag 25. oktober var i utgangspunktet blitt utpekt som selve jubileumskampen.<\/p>\n<p><b>N\u00e5 blir det i stedet feiring i forbindelse med kampen mot Storhamar i DNB Arena 29. november.<\/b><\/p>\n<p>   <img decoding=\"async\" width=\"6000\" height=\"4000\" fetchpriority=\"low\"  loading=\"lazy\"  src=\"https:\/\/www.europesays.com\/no\/wp-content\/uploads\/2025\/10\/8Q3A9611.JPG\" alt=\"\" class=\"brick-c-cFOWSL\" style=\"--brick-image-ratio: 6000 \/ 4000;\"\/><\/p>\n<p>    Stavanger Oilers forskyver den planlagte jubileumskampen. Dette bilder er fra kampen mot Storhamar i helgen.<br \/>\n    Foto: Amanda Paulsdatter Vennemo\n  <\/p>\n<p>\u00c5rsaken til flyttingen av jubileumsmarkeringen, er at Sparta-kampen 25. oktober kolliderer med Viking \u2013 Bryne p\u00e5 Lyse Arena den samme dagen. Viking-kampen ble flyttet fra s\u00f8ndag til l\u00f8rdag.<\/p>\n<p>Rundt 16.000 tilskuere tar med all sannsynlighet veien til J\u00e5tt\u00e5v\u00e5gen denne l\u00f8rdagsettermiddagen.<\/p>\n<p><b>\u2013 Vi \u00f8nsker selvsagt ikke at idrettsglade rogalendinger skal m\u00e5tte velge mellom godbiter av slikt kaliber i samme nabolag samme dag, skriver Oilers p\u00e5 sitt nettsted.<\/b><\/p>\n<p>   <img decoding=\"async\" width=\"8226\" height=\"5484\" fetchpriority=\"low\"  loading=\"lazy\"  src=\"https:\/\/www.europesays.com\/no\/wp-content\/uploads\/2025\/10\/1759918895_724_NTB_ddzYtMDsJnU.jpg\" alt=\"Stavanger 20250516. &#10;Publikum p\u00e5 tribunen under eliteseriekampen i fotball mellom Viking og Sandefjord p\u00e5 Lyse Arena.&#10;Foto: Carina Johansen \/ NTB\" class=\"brick-c-cFOWSL\" style=\"--brick-image-ratio: 8226 \/ 5484;\"\/><\/p>\n<p>    Rundt 16.000 tilskuere skal p\u00e5 Lyse Arena for \u00e5 se Viking &#8211; Bryne 25. oktober.<br \/>\n    Foto: Carina Johansen\/NTB\n  <\/p>\n<p>Dermed ber Oilers sine supportere om \u00e5 sette kryss i kalenderen p\u00e5 l\u00f8rdag 29. november.<\/p>\n<p><b>\u2013 Du kan forvente deg en kamp av den helt spesielle sorten. Det blir gjensyn med gamle drakter, jubileumsquiz i Sportsbaren og mange tidligere Oilers-helter vil v\u00e6re p\u00e5 plass, melder Oilers.<\/b><\/p>\n<p>Nedslepp i kampen mot Sparta 25. oktober er av samme \u00e5rsak flyttet fra 16.00 til 18.30. Med Viking \u2013 Bryne klokken 16, ligger alt til rette for en superl\u00f8rdag, mener Oilers.<\/p>\n<p><b>\u2013 Vi jobber med \u00e5 legge til rette for effektiv transport fra J\u00e5tt\u00e5v\u00e5gen til DNB Arena, skriver hockeyklubben.<\/b><\/p>\n<p>  <a href=\"https:\/\/www.rastavanger.no\/5-165-162610\" class=\"related-teaser has-image default-story-teaser article--c-eRUmMG article--c-eRUmMG-jKCPdD-design-default\" rel=\"nofollow noopener\" target=\"_blank\"><\/p>\n<p>    <img decoding=\"async\" loading=\"lazy\"  src=\"https:\/\/www.europesays.com\/no\/wp-content\/uploads\/2025\/10\/1759918895_589_NTB_ddzYtMDsJnU.jpg\" alt=\"\" class=\"brick-c-cFOWSL\" style=\"\"\/><\/p>\n<p>\n            Les ogs\u00e5<\/p>\n<p>              M\u00e5tte stoppe billettsalget til Viking-kamp: \u2013 Overgikk alt vi har sett tidligere\n        <\/p>\n<p>  <\/a><\/p>\n<p>  <a href=\"https:\/\/www.rastavanger.no\/5-165-161448\" class=\"related-teaser has-image default-story-teaser article--c-eRUmMG article--c-eRUmMG-jKCPdD-design-default\" rel=\"nofollow noopener\" target=\"_blank\"><\/p>\n<p>    <img decoding=\"async\" loading=\"lazy\"  src=\"https:\/\/www.europesays.com\/no\/wp-content\/uploads\/2025\/10\/8Q3A9633.JPG\" alt=\"\" class=\"brick-c-cFOWSL\" style=\"\"\/><\/p>\n<p>\n            Les ogs\u00e5<\/p>\n<p>              Storhamar-treneren om kampen: \u2013 Vi ser litt sm\u00e5 ut i forhold til Oilers\n        <\/p>\n<p>  <\/a><\/p>\n<p>  <a href=\"https:\/\/www.rastavanger.no\/5-165-160583\" class=\"related-teaser has-image default-story-teaser article--c-eRUmMG article--c-eRUmMG-jKCPdD-design-default\" rel=\"nofollow noopener\" target=\"_blank\"><\/p>\n<p>    <img decoding=\"async\" loading=\"lazy\"  src=\"https:\/\/www.europesays.com\/no\/wp-content\/uploads\/2025\/10\/NTB_68qV-cxHJI8.jpg\" alt=\"\" class=\"brick-c-cFOWSL\" style=\"\"\/><\/p>\n<p>\n            Les ogs\u00e5<\/p>\n<p>              Suksesshistorien fortsetter for R\u00f8dne\n        <\/p>\n<p>  <\/a><\/p>\n","protected":false},"excerpt":{"rendered":"Stavanger Oilers markerer 25-\u00e5rsjubileum innev\u00e6rende sesong. Oppgj\u00f8ret mot Sparta l\u00f8rdag 25. oktober var i utgangspunktet blitt utpekt som&hellip;\n","protected":false},"author":2,"featured_media":55474,"comment_status":"","ping_status":"","sticky":false,"template":"","format":"standard","meta":{"footnotes":""},"categories":[59],"tags":[36,977,30,28,29,83,82,7068,1510,435],"class_list":{"0":"post-55473","1":"post","2":"type-post","3":"status-publish","4":"format-standard","5":"has-post-thumbnail","7":"category-sport","8":"tag-art","9":"tag-ishockey","10":"tag-no","11":"tag-norge","12":"tag-norway","13":"tag-sport","14":"tag-sports","15":"tag-stavanger-oilers","16":"tag-story","17":"tag-viking"},"share_on_mastodon":{"url":"","error":""},"_links":{"self":[{"href":"https:\/\/www.europesays.com\/no\/wp-json\/wp\/v2\/posts\/55473","targetHints":{"allow":["GET"]}}],"collection":[{"href":"https:\/\/www.europesays.com\/no\/wp-json\/wp\/v2\/posts"}],"about":[{"href":"https:\/\/www.europesays.com\/no\/wp-json\/wp\/v2\/types\/post"}],"author":[{"embeddable":true,"href":"https:\/\/www.europesays.com\/no\/wp-json\/wp\/v2\/users\/2"}],"replies":[{"embeddable":true,"href":"https:\/\/www.europesays.com\/no\/wp-json\/wp\/v2\/comments?post=55473"}],"version-history":[{"count":0,"href":"https:\/\/www.europesays.com\/no\/wp-json\/wp\/v2\/posts\/55473\/revisions"}],"wp:featuredmedia":[{"embeddable":true,"href":"https:\/\/www.europesays.com\/no\/wp-json\/wp\/v2\/media\/55474"}],"wp:attachment":[{"href":"https:\/\/www.europesays.com\/no\/wp-json\/wp\/v2\/media?parent=55473"}],"wp:term":[{"taxonomy":"category","embeddable":true,"href":"https:\/\/www.europesays.com\/no\/wp-json\/wp\/v2\/categories?post=55473"},{"taxonomy":"post_tag","embeddable":true,"href":"https:\/\/www.europesays.com\/no\/wp-json\/wp\/v2\/tags?post=55473"}],"curies":[{"name":"wp","href":"https:\/\/api.w.org\/{rel}","templated":true}]}}