{"id":55483,"date":"2025-10-08T10:31:07","date_gmt":"2025-10-08T10:31:07","guid":{"rendered":"https:\/\/www.europesays.com\/no\/55483\/"},"modified":"2025-10-08T10:31:07","modified_gmt":"2025-10-08T10:31:07","slug":"hun-er-ny-regionleder-for-nordea","status":"publish","type":"post","link":"https:\/\/www.europesays.com\/no\/55483\/","title":{"rendered":"Hun er ny region\u00adleder for Nordea"},"content":{"rendered":"<p>&#8211; Jeg gleder meg til \u00e5 ta fatt p\u00e5 oppgaven som regionleder. Trondheim er en by i vekst, og vi i Nordea skal v\u00e6re tett p\u00e5 kundene i b\u00e5de sm\u00e5 og store \u00f8konomiske valg. Vi skal v\u00e6re konkurransedyktige, stabile og innovative, og bidra til at flere oppn\u00e5r sine dr\u00f8mmer og blir \u00f8konomisk trygge. Sammen med laget i Trondheim skal vi styrke bankens posisjon og v\u00e6re en tydelig samfunnsakt\u00f8r i regionen, sier Beate Hulaas Gr\u00f8seth i en pressemelding fra Nordea.<\/p>\n<p>Nordea-regionen best\u00e5r n\u00e5 av omtrent 140 000 kunder, hvorav over halvparten h\u00f8rer hjemme i Trondheim, og det er den nest st\u00f8rste regionen i Norge etter Oslo.<\/p>\n<p>Beate Hulaas Gr\u00f8seth er f\u00f8dt og oppvokst i Levanger og har hele sin yrkeskarriere hatt tilknytning til Tr\u00f8ndelag. Etter utdanning innen \u00f8konomi og administrasjon ved NTNU p\u00e5 Steinkjer, startet hun karrieren som \u00f8konomiansvarlig i Byggmakker Levanger. I 1997 ble hun daglig leder i samme selskap, 26 \u00e5r gammel.<\/p>\n<p>Ulike roller<\/p>\n<p>Hun har senere hatt ulike roller i blant annet Gjensidige Forsikring, JBF og Danske Bank, hvor hun de siste \u00e5rene var en del av ledergruppa i Norge. Da Danske Bank ble overtatt av Nordea i 2024, fikk hun ansvaret spare- og investeringsomr\u00e5det i premiumsegmentet i Trondheim og regionen.<\/p>\n<p>Hulaas Gr\u00f8seth har bodd i Trondheim siden 2006, f\u00f8rst p\u00e5 Heimdal og n\u00e5 p\u00e5 Leangen.<\/p>\n<p>&#8211; Beate har et sterkt kundefokus og bred erfaring fra b\u00e5de sparing og personmarked. Hun kjenner regionen sv\u00e6rt godt, og vi er glade for at hun n\u00e5 tar over hovedansvaret i Trondheim, sier landssjef Randi Marjamaa i Nordea Norge.<\/p>\n<p><a href=\"https:\/\/www.mn24.no\/nyheter\/i\/8qegmE\/tar-over-akvakultur-selskap-i-trondheim\" rel=\"nofollow noopener\" target=\"_blank\"> <img decoding=\"async\" src=\"data:image\/gif;base64,R0lGODlhEAAJAIAAAP\/\/\/wAAACH5BAEAAAAALAAAAAAQAAkAAAIKhI+py+0Po5yUFQA7\" alt=\"\"\/>   Tar over akvakultur-selskap i Trondheim  <\/a> <\/p>\n","protected":false},"excerpt":{"rendered":"&#8211; Jeg gleder meg til \u00e5 ta fatt p\u00e5 oppgaven som regionleder. Trondheim er en by i vekst,&hellip;\n","protected":false},"author":2,"featured_media":55484,"comment_status":"","ping_status":"","sticky":false,"template":"","format":"standard","meta":{"footnotes":""},"categories":[56],"tags":[465,60,8347,61,416,466,62,30,4429,28,29,596],"class_list":{"0":"post-55483","1":"post","2":"type-post","3":"status-publish","4":"format-standard","5":"has-post-thumbnail","7":"category-naeringsliv","8":"tag-arbeidsliv","9":"tag-business","10":"tag-danske-bank","11":"tag-economy","12":"tag-jobb","13":"tag-karriere","14":"tag-naeringsliv","15":"tag-no","16":"tag-nordea","17":"tag-norge","18":"tag-norway","19":"tag-trondheim"},"share_on_mastodon":{"url":"","error":""},"_links":{"self":[{"href":"https:\/\/www.europesays.com\/no\/wp-json\/wp\/v2\/posts\/55483","targetHints":{"allow":["GET"]}}],"collection":[{"href":"https:\/\/www.europesays.com\/no\/wp-json\/wp\/v2\/posts"}],"about":[{"href":"https:\/\/www.europesays.com\/no\/wp-json\/wp\/v2\/types\/post"}],"author":[{"embeddable":true,"href":"https:\/\/www.europesays.com\/no\/wp-json\/wp\/v2\/users\/2"}],"replies":[{"embeddable":true,"href":"https:\/\/www.europesays.com\/no\/wp-json\/wp\/v2\/comments?post=55483"}],"version-history":[{"count":0,"href":"https:\/\/www.europesays.com\/no\/wp-json\/wp\/v2\/posts\/55483\/revisions"}],"wp:featuredmedia":[{"embeddable":true,"href":"https:\/\/www.europesays.com\/no\/wp-json\/wp\/v2\/media\/55484"}],"wp:attachment":[{"href":"https:\/\/www.europesays.com\/no\/wp-json\/wp\/v2\/media?parent=55483"}],"wp:term":[{"taxonomy":"category","embeddable":true,"href":"https:\/\/www.europesays.com\/no\/wp-json\/wp\/v2\/categories?post=55483"},{"taxonomy":"post_tag","embeddable":true,"href":"https:\/\/www.europesays.com\/no\/wp-json\/wp\/v2\/tags?post=55483"}],"curies":[{"name":"wp","href":"https:\/\/api.w.org\/{rel}","templated":true}]}}