{"id":55536,"date":"2025-10-08T11:47:14","date_gmt":"2025-10-08T11:47:14","guid":{"rendered":"https:\/\/www.europesays.com\/no\/55536\/"},"modified":"2025-10-08T11:47:14","modified_gmt":"2025-10-08T11:47:14","slug":"vraket-nyland-apner-opp-om-klubbsmellen-kom-som-lyn-fra-klar-himmel","status":"publish","type":"post","link":"https:\/\/www.europesays.com\/no\/55536\/","title":{"rendered":"Vraket Nyland \u00e5pner opp om klubb\u00adsmellen: \u2013 Kom som lyn fra klar himmel"},"content":{"rendered":"<p>L\u00f8rdag vokter keeperveteranen Norges m\u00e5l i skjebnekampen mot Israel. Da er det \u00e9n m\u00e5ned siden forrige kamp for 35-\u00e5ringen.<\/p>\n<p>Sisteskansen var fast mann mellom stengene i Sevilla i sesongoppkj\u00f8ringen i Spania og spilte ogs\u00e5 de fem f\u00f8rste kampene. Siden har han v\u00e6rt henvist til benken.<\/p>\n<p>Greske Odysseas Vlachodimos, som er hentet til Spania p\u00e5 l\u00e5n fra Newcastle, har storspilt etter at han fikk sjansen.<\/p>\n<p>\u2013 Klubbsituasjonen min har forandret seg litt fra forrige landslagssamling. Jeg kan v\u00e6re \u00e6rlig og si at det kom som lyn fra klar himmel. Selvf\u00f8lgelig er jeg skuffet over det, sier Nyland til NTB.<\/p>\n<p>VM i bakhodet<\/p>\n<p>Han understreker samtidig at han kommer til den p\u00e5g\u00e5ende landslagssamlingen med et sportslig godt utgangspunkt, all den tid han relativt nylig spilte kamper for Sevilla.<\/p>\n<p>\u2013 Jeg er ikke s\u00e5 veldig stresset akkurat n\u00e5, men selvsagt er det en situasjon jeg ville unng\u00e5tt og noe jeg vil endre p\u00e5. Jeg m\u00e5 bare fortsette \u00e5 jobbe godt, sier veteranen.<\/p>\n<p>\u2013 Kan det bli aktuelt \u00e5 bytte klubb i neste overgangsvindu?<\/p>\n<p>\u2013 Alt kommer an p\u00e5 hvordan situasjonen min er inn mot neste vindu. Mye kan skje fram til da. Jeg m\u00e5 bare se n\u00e5r vinduet \u00e5pner, svarer Nyland.<\/p>\n<p>Han vet samtidig godt at en langvarig benketilv\u00e6relse er d\u00e5rlig nytt med tanke p\u00e5 \u00e5 f\u00e5 plass og spilletid i en eventuell norsk VM-tropp.<\/p>\n<p>\u2013 Alle som eventuelt er skadet eller sliter med spilletid n\u00e5, har selvsagt det i bakhodet. De har lyst til \u00e5 v\u00e6re med i den troppen, konstaterer Nyland.<\/p>\n<p>Sjefen ikke urolig<\/p>\n<p>Kontrakten hans med Sevilla g\u00e5r ut neste sommer. Hva som skjer fram til da, er alts\u00e5 i det bl\u00e5.<\/p>\n<p>Landslagssjef St\u00e5le Solbakken sier han ikke er urolig for klubbsituasjonen til landslagets f\u00f8rstevalg \u2013 enn\u00e5.<\/p>\n<p>\u2013 N\u00e5 er det ikke prek\u00e6rt. Han har to-tre uker uten kamptrening. Han har v\u00e6rt ute mye lenger f\u00f8r, s\u00e5 det er jeg ikke bekymret for, sier Solbakken inn mot Israel-kampen.<\/p>\n<p>\u2013 Men det er jo ikke bra hvis det fortsetter, legger han til.<\/p>\n<p>67 kamper<\/p>\n<p>Nyland fikk landslagsdebuten tilbake i 2013. Siden har det blitt 67 kamper for Norge.<\/p>\n<p>* Fra h\u00f8sten 2016 til h\u00f8sten 2021 spilte han bare fem landskamper, kun \u00e9n av dem av ordentlig betydning.<\/p>\n<p>* Siden 5-1-seieren over Gibraltar i EM-kvalifiseringen i 2021 har han derimot v\u00e6rt fast p\u00e5 laget.<\/p>\n<p>* De siste fire \u00e5rene har Nyland kun g\u00e5tt glipp av seks kamper. Fire av dem er skaderelatert, og to er for \u00e5 gi andre spillere sjansen.<\/p>\n<p>L\u00f8rdag handler alt om Israel.<\/p>\n<p>\u2013 Vi vet at dette er et lag som skapte problemer for Italia. Det s\u00e5 vi sist, s\u00e5 for oss handler det om \u00e5 vinne kampen og \u00f8ke sjansene til \u00e5 kvalifisere oss, sier Nyland.<\/p>\n","protected":false},"excerpt":{"rendered":"L\u00f8rdag vokter keeperveteranen Norges m\u00e5l i skjebnekampen mot Israel. Da er det \u00e9n m\u00e5ned siden forrige kamp for&hellip;\n","protected":false},"author":2,"featured_media":55537,"comment_status":"","ping_status":"","sticky":false,"template":"","format":"standard","meta":{"footnotes":""},"categories":[59],"tags":[967,52,30,28,29,7063,8356,83,82],"class_list":{"0":"post-55536","1":"post","2":"type-post","3":"status-publish","4":"format-standard","5":"has-post-thumbnail","7":"category-sport","8":"tag-artikler-fra-ntb","9":"tag-israel","10":"tag-no","11":"tag-norge","12":"tag-norway","13":"tag-orjan-haskjold-nyland","14":"tag-sevilla","15":"tag-sport","16":"tag-sports"},"share_on_mastodon":{"url":"","error":""},"_links":{"self":[{"href":"https:\/\/www.europesays.com\/no\/wp-json\/wp\/v2\/posts\/55536","targetHints":{"allow":["GET"]}}],"collection":[{"href":"https:\/\/www.europesays.com\/no\/wp-json\/wp\/v2\/posts"}],"about":[{"href":"https:\/\/www.europesays.com\/no\/wp-json\/wp\/v2\/types\/post"}],"author":[{"embeddable":true,"href":"https:\/\/www.europesays.com\/no\/wp-json\/wp\/v2\/users\/2"}],"replies":[{"embeddable":true,"href":"https:\/\/www.europesays.com\/no\/wp-json\/wp\/v2\/comments?post=55536"}],"version-history":[{"count":0,"href":"https:\/\/www.europesays.com\/no\/wp-json\/wp\/v2\/posts\/55536\/revisions"}],"wp:featuredmedia":[{"embeddable":true,"href":"https:\/\/www.europesays.com\/no\/wp-json\/wp\/v2\/media\/55537"}],"wp:attachment":[{"href":"https:\/\/www.europesays.com\/no\/wp-json\/wp\/v2\/media?parent=55536"}],"wp:term":[{"taxonomy":"category","embeddable":true,"href":"https:\/\/www.europesays.com\/no\/wp-json\/wp\/v2\/categories?post=55536"},{"taxonomy":"post_tag","embeddable":true,"href":"https:\/\/www.europesays.com\/no\/wp-json\/wp\/v2\/tags?post=55536"}],"curies":[{"name":"wp","href":"https:\/\/api.w.org\/{rel}","templated":true}]}}