{"id":55597,"date":"2025-10-08T12:49:18","date_gmt":"2025-10-08T12:49:18","guid":{"rendered":"https:\/\/www.europesays.com\/no\/55597\/"},"modified":"2025-10-08T12:49:18","modified_gmt":"2025-10-08T12:49:18","slug":"ulrikke-brandstorp-kultur-underholdning","status":"publish","type":"post","link":"https:\/\/www.europesays.com\/no\/55597\/","title":{"rendered":"Ulrikke Brandstorp, Kultur &#038; underholdning"},"content":{"rendered":"\n<p>Her forteller Ulrikke Brandstorp at hun ikke lenger f\u00e5r v\u00e6re en del av NRK-produksjonen etter tre sesonger, hvor den siste ble avbrutt av at f\u00f8dselen satte i gang to m\u00e5neder for tidlig i mai.<\/p>\n<p>\u2013 I g\u00e5r var en ordentlig kjip dag. En dag jeg har fryktet siden f\u00f8dselen, sier hun i videoen.<\/p>\n<p>Hun sier videre at hun deler videoen for \u00e5 fortelle hvorfor hun ble s\u00e5 lei seg.<\/p>\n<p>Det var <a href=\"https:\/\/www.vg.no\/rampelys\/i\/KMOrRG\/ulrikke-brandstorp-ferdig-i-bakemesterskapet-skuffa\" rel=\"Follow nofollow noopener\" target=\"_blank\">VG<\/a> som omtalte saken f\u00f8rst.<\/p>\n<p>\u2013 Jeg trenger \u00e5 fortelle hvorfor. For det handler ikke bare om at jeg ikke har f\u00e5tt en jobb, utdyper hun.<\/p>\n<p>T\u00f8ff bransje<\/p>\n<p>Hun forteller om en t\u00f8ff bransje, og om hvordan hun fryktet at jobben var tapt s\u00e5 fort f\u00f8dselen satte i gang.<\/p>\n<p>\u2013 Det var dette jeg var redd for, midt oppe i en styrtf\u00f8dsel og en prematur baby, s\u00e5 sendte jeg melding til produksjonen for \u00e5 si at jeg kunne komme dagen etter. Nettopp fordi jeg var s\u00e5 redd for at jobben skulle g\u00e5 tapt, en jobb jeg er s\u00e5 utrolig glad i, sier hun.<\/p>\n<p>Hun sier at det er synd at man som f\u00f8dende kvinne i 2025 skal frykte for jobben.<\/p>\n<p>\u2013 Det er ikke greit at det er s\u00e5nn i 2025. Det er s\u00e5nn bransjen er, og jeg vet at man ikke er sikret en jobb. Det kan ogs\u00e5 godt v\u00e6re at man uansett skulle bytte meg ut etter tre sesonger. Men det var ikke mitt valg at jeg ikke kom tilbake i teltet.<\/p>\n<p>Til VG forteller programredakt\u00f8r Kristin Ytre-Arne at de n\u00e5 planlegger for en fjerde sesong, hvor Julie Str\u00f8msv\u00e5g blir programleder.<\/p>\n<p>Str\u00f8msv\u00e5g var programlederen som steppet inn da Ulrikke gikk i f\u00f8dsel. De var da i gang med innspillingen av den tredje sesongen av programmet. Denne sesongen har enn\u00e5 ikke blitt vist p\u00e5 TV.<\/p>\n<p>Roser Ulrikke, men bytter likevel<\/p>\n<p>Programdirekt\u00f8r Ytre-Arne svarer til Sarpsborg Arbeiderblad at hun forst\u00e5r skuffelsen til Ulrikke. Hun takker for en formidabel innsats, som blant annet har bidratt til \u00e5 gj\u00f8re programmet popul\u00e6rt.<\/p>\n<p>De \u00f8nsket imidlertid \u00e5 fornye programmet og forteller at det er helt vanlig \u00e5 bytte programleder. Det skal ikke ha noe \u00e5 gj\u00f8re med f\u00f8dselen eller at Ulrikke n\u00e5 har blitt mor.<\/p>\n<p>\u2013 Programlederjobben avtales sesong for sesong. Det er helt vanlig \u00e5 bytte programleder i etablerte konsept. Det er en naturlig del av jobben med \u00e5 utvikle og fornye formatet. Det er standard prosedyre f\u00f8r nye sesonger. Beslutningen om \u00e5 ikke fortsette med Ulrikke som programleder for sesong 4 har ingenting \u00e5 gj\u00f8re med at med Ulrikke har blitt mor, sier Ytre-Arne.<\/p>\n<p>Programdirekt\u00f8ren f\u00f8lger opp med \u00e5 poengtere at hun selv bes\u00f8kte Sarpsborg-stjernen p\u00e5 sykehus etter f\u00f8dselen.<\/p>\n<p>\u2013 Da det plutselig ble f\u00f8dsel over natten var vi i NRK opptatt av \u00e5 ivareta Ulrikke slik at hun kunne v\u00e6re mamma og konsentrere seg om det og ikke tenke p\u00e5 produksjonen i Baketeltet. Jeg var selv p\u00e5 barselbes\u00f8k p\u00e5 Haukeland og fikk hilse p\u00e5 den nydelige gutten og de stolte foreldrene s\u00e5 dialogen har v\u00e6rt n\u00e6r og god. Ulrikke er en varm og fin person med stort engasjement og sterke f\u00f8lelser for alt hun gj\u00f8r. Derfor er det naturlig at hun er skuffet over ikke \u00e5 fortsette. Det forst\u00e5r vi godt, sier hun.<\/p>\n<p>Ble byttet ut med vikaren<\/p>\n<p>Julie Str\u00f8msv\u00e5g som har f\u00e5tt oppdraget for neste sesong var ogs\u00e5 vikar for Ulrikke i sesongen som skal sendes p\u00e5 TV snart.<\/p>\n<p>\u2013 Kort tid etter at vi avtalte sesong 3 med Ulrikke fortalte hun oss om den gledelige nyheten om at hun var gravid. Det endret ikke v\u00e5re planer med henne, utover at vi m\u00e5tte ha en vikar i beredskap i tilfelle f\u00f8dselen skjedde mens opptakene p\u00e5gikk. S\u00e5 vet vi alle at hun f\u00f8dte natt til f\u00f8rste opptaksdag og vikar Julie kom i hui og hast slik at vi kunne komme i gang med opptakene av 16 episoder. Det ble naturlig og best for produksjonen at samme programleder Julie tok sesong 3 i m\u00e5l. Kontrakten med Ulrikke for den sesongen ble ikke endret. Hun fikk fullt honorar for jobben hun skulle ha gjort.<\/p>\n<p>Ulrikkes innlegg<\/p>\n<p>Under er hele Ulrikkes innlegg p\u00e5 Instagram:<\/p>\n<p>\u00abDet f\u00f8les rart \u00e5 ikke skulle si noe siden Bakemesterskapet betyr s\u00e5 mye for meg, og fordi situasjonen har v\u00e6rt, og er s\u00e5 spesiell. Da jeg plutselig var i f\u00f8dsel to m\u00e5neder f\u00f8r termin i Bergen i mai, var jeg utrolig redd for at det skulle g\u00e5 utover jobben min som jeg elsker. Jeg fornektet at f\u00f8dselen var i gang fordi jeg fryktet at jeg skulle miste muligheten til \u00e5 lede BM, og tekstet derfor produksjonen under og etter f\u00f8dselen for \u00e5 gi beskjed om at jeg kunne m\u00f8te opp til innspilling dagen etterp\u00e5. Det er utrolig trist \u00e5 tenke p\u00e5 at fokuset mitt under en slik traumatisk opplevelse var frykten for \u00e5 miste jobben. Jeg skulle \u00f8nske at en slik frykt var irrasjonell i 2025, men i g\u00e5r fikk jeg beskjed om at jeg dessverre ikke er \u00f8nsket tilbake i teltet. Jeg har forst\u00e5else for at man \u00f8nsker \u00e5 fornye konsepter og at programlederrollen ikke var min for alltid, men det f\u00f8les ekstra vondt og skuffende \u00e5 ikke f\u00e5 gj\u00f8re en ny sesong, da avgj\u00f8relsen om \u00e5 ikke gjennomf\u00f8re etter f\u00f8dsel ble tatt av andre enn Timotheus og meg.\u00bb<\/p>\n<p>  <a href=\"https:\/\/www.sa.no\/5-46-1889220\" class=\"related-teaser has-image default-feature-teaser article--c-eRUmMG article--c-eRUmMG-jKCPdD-design-default\" rel=\"nofollow noopener\" target=\"_blank\"><\/p>\n<p>    <img decoding=\"async\" loading=\"lazy\"  src=\"https:\/\/www.europesays.com\/no\/wp-content\/uploads\/2025\/10\/20250918-VM_L3792.jpg\" alt=\"\" class=\"brick-c-cFOWSL\" style=\"\"\/><\/p>\n<p>\n            Les ogs\u00e5<\/p>\n<p>              Ulrikke (30): \u2013 Denne mora blir gal om hun bare g\u00e5r hjemme\n        <\/p>\n<p>  <\/a><\/p>\n<p>  <a href=\"https:\/\/www.sa.no\/5-46-1854063\" class=\"related-teaser has-image default-story-teaser article--c-eRUmMG article--c-eRUmMG-jKCPdD-design-default\" rel=\"nofollow noopener\" target=\"_blank\"><\/p>\n<p>    <img decoding=\"async\" loading=\"lazy\"  src=\"https:\/\/www.europesays.com\/no\/wp-content\/uploads\/2025\/10\/IMG_8969.jpeg\" alt=\"\" class=\"brick-c-cFOWSL\" style=\"\"\/><\/p>\n<p>\n            Les ogs\u00e5<\/p>\n<p>              \u00c5pner opp om tiden etter f\u00f8dsel: \u2013 Et herlig kaos\n        <\/p>\n<p>  <\/a><\/p>\n<p>  <a href=\"https:\/\/www.sa.no\/5-46-1831808\" class=\"related-teaser has-image default-story-teaser article--c-eRUmMG article--c-eRUmMG-jKCPdD-design-default\" rel=\"nofollow noopener\" target=\"_blank\"><\/p>\n<p>    <img decoding=\"async\" loading=\"lazy\"  src=\"https:\/\/www.europesays.com\/no\/wp-content\/uploads\/2025\/10\/5_46_1700863+Ulrikke+Brandstorp+danset+med+skade%3A+++Rumpa+ises+ned%21.bin\" alt=\"\" class=\"brick-c-cFOWSL\" style=\"\"\/><\/p>\n<p>\n            Les ogs\u00e5<\/p>\n<p>              Ulrikke (29) delte f\u00f8dselen \u00abminutt for minutt\u00bb \u2013 f\u00e5r kritikk\n        <\/p>\n<p>  <\/a><\/p>\n","protected":false},"excerpt":{"rendered":"Her forteller Ulrikke Brandstorp at hun ikke lenger f\u00e5r v\u00e6re en del av NRK-produksjonen etter tre sesonger, hvor&hellip;\n","protected":false},"author":2,"featured_media":55598,"comment_status":"","ping_status":"","sticky":false,"template":"","format":"standard","meta":{"footnotes":""},"categories":[5],"tags":[36,20,21,24,25,15,19,282,22,23,17,18,13,30,28,29,787,14,16,1510,26,27,4388],"class_list":{"0":"post-55597","1":"post","2":"type-post","3":"status-publish","4":"format-standard","5":"has-post-thumbnail","7":"category-overskrifter","8":"tag-art","9":"tag-breaking-news","10":"tag-breakingnews","11":"tag-featured-news","12":"tag-featurednews","13":"tag-headlines","14":"tag-hovedoppslag","15":"tag-kultur-underholdning","16":"tag-latest-news","17":"tag-latestnews","18":"tag-main-news","19":"tag-mainnews","20":"tag-news","21":"tag-no","22":"tag-norge","23":"tag-norway","24":"tag-nrk","25":"tag-nyheter","26":"tag-overskrifter","27":"tag-story","28":"tag-top-stories","29":"tag-topstories","30":"tag-ulrikke-brandstorp"},"share_on_mastodon":{"url":"","error":""},"_links":{"self":[{"href":"https:\/\/www.europesays.com\/no\/wp-json\/wp\/v2\/posts\/55597","targetHints":{"allow":["GET"]}}],"collection":[{"href":"https:\/\/www.europesays.com\/no\/wp-json\/wp\/v2\/posts"}],"about":[{"href":"https:\/\/www.europesays.com\/no\/wp-json\/wp\/v2\/types\/post"}],"author":[{"embeddable":true,"href":"https:\/\/www.europesays.com\/no\/wp-json\/wp\/v2\/users\/2"}],"replies":[{"embeddable":true,"href":"https:\/\/www.europesays.com\/no\/wp-json\/wp\/v2\/comments?post=55597"}],"version-history":[{"count":0,"href":"https:\/\/www.europesays.com\/no\/wp-json\/wp\/v2\/posts\/55597\/revisions"}],"wp:featuredmedia":[{"embeddable":true,"href":"https:\/\/www.europesays.com\/no\/wp-json\/wp\/v2\/media\/55598"}],"wp:attachment":[{"href":"https:\/\/www.europesays.com\/no\/wp-json\/wp\/v2\/media?parent=55597"}],"wp:term":[{"taxonomy":"category","embeddable":true,"href":"https:\/\/www.europesays.com\/no\/wp-json\/wp\/v2\/categories?post=55597"},{"taxonomy":"post_tag","embeddable":true,"href":"https:\/\/www.europesays.com\/no\/wp-json\/wp\/v2\/tags?post=55597"}],"curies":[{"name":"wp","href":"https:\/\/api.w.org\/{rel}","templated":true}]}}