{"id":55798,"date":"2025-10-08T17:32:12","date_gmt":"2025-10-08T17:32:12","guid":{"rendered":"https:\/\/www.europesays.com\/no\/55798\/"},"modified":"2025-10-08T17:32:12","modified_gmt":"2025-10-08T17:32:12","slug":"leif-gunnar-smerud-sk-brann-2","status":"publish","type":"post","link":"https:\/\/www.europesays.com\/no\/55798\/","title":{"rendered":"Leif Gunnar Smerud, SK Brann"},"content":{"rendered":"\n<p>Nei, jeg snakker ikke om s\u00f8ndagens seriefinale mot V\u00e5lerenga i Oslo. Selv om et tap i den kampen neppe kommer til \u00e5 gj\u00f8re Leif Gunnar Smerud mer popul\u00e6r, verken blant fansen eller blant de kritiske r\u00f8stene i egen tropp. For han sliter hvis de ikke kommer ut av s\u00f8ndagens kamp med poeng.<\/p>\n<p>Det hjelper nemlig ikke hvor mye man sl\u00e5r alle de andre lagene i Toppserien. Det skal dette Brann-laget gj\u00f8re. Kampene mot V\u00e5lerenga og europacupkampene er det en Brann-trener m\u00e5 bli m\u00e5lt p\u00e5, i hvert fall p\u00e5 damesiden. Serie- og cupgull i tillegg til en plass i Champions League er der r\u00f8dtr\u00f8yene m\u00e5 sikte hvert \u00e5r. Det er det trenerne m\u00e5 bli d\u00f8mt etter.<\/p>\n<p>  <a href=\"https:\/\/www.ba.no\/5-8-3181361\" class=\"related-teaser has-image default-story-teaser article--c-eRUmMG article--c-eRUmMG-jKCPdD-design-default\" rel=\"nofollow noopener\" target=\"_blank\"><\/p>\n<p>    <img decoding=\"async\" loading=\"lazy\"  src=\"https:\/\/www.europesays.com\/no\/wp-content\/uploads\/2025\/10\/IMG_9785-X3.jpg\" alt=\"\" class=\"brick-c-cFOWSL\" style=\"\"\/><\/p>\n<p>\n            Les ogs\u00e5<\/p>\n<p>              Hadde flybilletter til Brann-kamp. S\u00e5 fikk hun beskjed av treneren om \u00e5 ikke komme.\n        <\/p>\n<p>  <\/a><\/p>\n<p>For interessens del er det ogs\u00e5 helt n\u00f8dvendig at Brann-damene har momentum, og n\u00e5 er det p\u00e5 tide med en tittel igjen. De kan ikke leve p\u00e5 tidligere bragder eller publikumsrekord mot Manchester United.<\/p>\n<p>Suksessen gj\u00f8r ogs\u00e5 at kravene heves. Etter det pinlige tapet mot Hammarby tirsdag, var det flere som raste mot Smerud. Det er et raseri kun hans kollegaer p\u00e5 herresiden i Brann har opplevd f\u00f8r, og det forteller hvor langt interessene for Brann-damene er kommet. Det betyr ogs\u00e5 et langt mer krevende arbeidsmilj\u00f8 for dem som spiller, trener og leder damelaget.<\/p>\n<p>Om man har rett folk p\u00e5 rett plass vil de neste m\u00e5nedene gi svar p\u00e5. For det er ikke bare seriegullet som kan glippe. Det venter ogs\u00e5 helt andre utfordringer for ledelsen p\u00e5 Stadion.<\/p>\n<p>   <img decoding=\"async\" width=\"1530\" height=\"1020\" fetchpriority=\"low\"  loading=\"lazy\"  src=\"https:\/\/www.europesays.com\/no\/wp-content\/uploads\/2025\/10\/SE1_0583+kopi.jpg\" alt=\"\" class=\"brick-c-cFOWSL\" style=\"--brick-image-ratio: 1530 \/ 1020;\"\/><\/p>\n<p>    Cecilie Kvamme.<br \/>\n    Foto: SKJALG EKELAND\n  <\/p>\n<p>La oss begynne med det som trolig er den st\u00f8rste: Cecilie Redisch Kvamme. Det ble skrevet sak opp og sak ned om b\u00e5de hvor langt inn mot f\u00f8dselen forsvarsspilleren trente, og hvor kjapt hun var tilbake i trening. Brann har f\u00e5tt mye ros for hvordan de har h\u00e5ndtert situasjonen. Den tidligere kapteinen har kontrakt ut sesongen. Hva n\u00e5?<\/p>\n<p>Spilletiden hennes har nesten v\u00e6rt frav\u00e6rende. Hun er rett og slett ikke p\u00e5 det niv\u00e5et som kreves for \u00e5 spille i en toppklubb som Brann enn\u00e5. Kommer hun der igjen? Hvor lang t\u00e5lmodighet skal Brann ha? Akkurat n\u00e5 er svaret at prestisjespilleren, som overtok kapteinsbindet etter publikumsfavoritten Tuva Hansen, ikke er god nok til \u00e5 f\u00e5 ny kontrakt. Hvordan skal Brann h\u00e5ndtere det dersom det er svaret om noen uker ogs\u00e5? Det er jo det sportslige som skal avgj\u00f8re, egentlig.<\/p>\n<p>Venninnen til Kvamme, Ingrid Stenevik, st\u00e5r ogs\u00e5 med utg\u00e5ende kontrakt. Brann-stallen er allerede for stor. Noen m\u00e5 ut, men til forskjell fra Kvamme har Stenevik spilt mye. N\u00e5r er det p\u00e5 tide \u00e5 gi henne svar p\u00e5 fremtiden? Jo lengre det dr\u00f8yer, jo mer naturlig er det for spilleren selv \u00e5 tenke at dette er slutt. De dr\u00f8yer bare med \u00e5 fortelle det for \u00e5 unng\u00e5 uro i troppen. Det samme vil nok Kvamme tenke.<\/p>\n<p>  <a href=\"https:\/\/www.ba.no\/5-8-3168928\" class=\"related-teaser has-image default-story-teaser article--c-eRUmMG article--c-eRUmMG-jKCPdD-design-default\" rel=\"nofollow noopener\" target=\"_blank\"><\/p>\n<p>    <img decoding=\"async\" loading=\"lazy\"  src=\"https:\/\/www.europesays.com\/no\/wp-content\/uploads\/2025\/10\/2721.jpg\" alt=\"\" class=\"brick-c-cFOWSL\" style=\"\"\/><\/p>\n<p>\n            Les ogs\u00e5<\/p>\n<p>              Kapteinen om TV 2-saken: \u2013 Det er seri\u00f8se p\u00e5stander\n        <\/p>\n<p>  <\/a><\/p>\n<p>Klare svar virker Johanna Renmark \u00e5 mangle ogs\u00e5. I hvert fall virker det s\u00e5nn i saken BA avsl\u00f8rte onsdag. Den svenske angrepsspilleren fikk i bunn og grunn beskjed at det ikke var bruk for henne i cupsemifinalen, som Brann endte opp med \u00e5 tape, mot V\u00e5lerenga. I samme sak f\u00e5r vi vite at Djurg\u00e5rden \u00f8nsket \u00e5 hente henne i sommer, men at hun da selv valgte \u00e5 bli. Selv sier Renmark at hun ville kjempe om plassen i Brann, men det kan jo selvsagt v\u00e6re \u00f8konomiske grunner til valget hennes. N\u00e5r en ser p\u00e5 svenskens spilletid n\u00e5, h\u00e5per jeg den sportslige ledelsen p\u00e5 Stadion var klinkende klare til henne om fremtiden f\u00f8r hun tok valget om \u00e5 bli. For en ny kontrakt n\u00e5r denne g\u00e5r ut i vinter, f\u00e5r hun ikke.<\/p>\n<p>Det samme gjelder for Rikke Nygard. Den skadeforfulgte spilleren er n\u00e5 p\u00e5 utl\u00e5n til LSK Kvinner, og m\u00e5 levere helt enorme prestasjoner der for at Brann skal forlenge. R\u00f8dtr\u00f8yene har allerede gjort det en gang, mens hun var alvorlig skadet, men man driver jo butikk p\u00e5 Stadion. Da st\u00e5r fort Nora Lie Eghdami uten kontrakt etter nytt\u00e5r.<\/p>\n<p>I mine \u00f8yne er det nok bare reservekeeper Sandra Stavenes og Ingrid Stenevik som har muligheter til for forlengelse, om det ikke er noen familiefor\u00f8kelser vi ikke vet om. I \u00e5r innf\u00f8rte Toppserien at alle spillere som er i uke tolv av svangerskapet f\u00f8r siste kontrakts\u00e5r ender, skal automatisk f\u00e5 fornyet kontrakten med ett \u00e5r.<\/p>\n<p>            Disse spillerne har utg\u00e5ende kontrakt<\/p>\n<p>Cecilie Redish Kvamme<\/p>\n<p>Ingrid Stenevik<\/p>\n<p>Johanna Renmark<\/p>\n<p>Rikke Nygard<\/p>\n<p>Nora Lie Eghdami<\/p>\n<p>Sandra Stavenes<\/p>\n<p>I en h\u00f8st som fortsatt kan ende med seriegull og likevel en del problemer, m\u00e5 en ogs\u00e5 stille seg sp\u00f8rsm\u00e5let om Brann-damene har en ledelse som er klar for \u00e5 takle de problemene. Det er \u00e5penbart at sportssjef Lars Johan Myklebust st\u00e5r i en situasjon han aldri har gjort i f\u00f8r. Leif Gunnar Smerud har st\u00e5tt i noen stormer, men p\u00e5 landslag. Der er ikke det ukentlige presset fra utsiden like stort.<\/p>\n<p>Jeg er usikker p\u00e5 om toppledelsen p\u00e5 Stadion hadde sett for seg at kravene og st\u00f8yen rundt damelaget skulle bli s\u00e5 stor, s\u00e5 fort som den har gjort. S\u00e5 viser det seg at noen nedturer og rapporter om misn\u00f8ye i spillergruppen med ny trener, gir oppmerksomhet en del eliteserieklubber p\u00e5 herresiden bare kan dr\u00f8mme om ogs\u00e5. Jeg er usikker p\u00e5 om Brann-damenes ansettelser hadde blitt de samme om man visste det.<\/p>\n<p>   <img decoding=\"async\" width=\"4528\" height=\"3016\" fetchpriority=\"low\"  loading=\"lazy\"  src=\"https:\/\/www.europesays.com\/no\/wp-content\/uploads\/2025\/10\/image_65E57B2E-17CF-48F3-9EF5-EB5772CFCB9C_1758889578.jpeg\" alt=\"Tv2 melder at det misn\u00f8ye til Brann-trener Leif Gunnar Smerud i spillergruppen.\" class=\"brick-c-cFOWSL\" style=\"--brick-image-ratio: 4528 \/ 3016;\"\/><\/p>\n<p>    Sportssjef Lars Johan Myklebust (t.v.) og daglig leder i Brann Christian Kalvenes.<br \/>\n    Foto: SONDRE ERIKSEN HORVEI\n  <\/p>\n<p>Det er ikke bare for ledelsen denne perioden er en pr\u00f8ve. Det er det for spillerne ogs\u00e5. Toppfotballen for kvinner i Norge skriker etter oppmerksomhet, men de f\u00e6rreste av klubbene eller spillerne er gode p\u00e5 \u00e5 takle vanskelige saker. De som kommer ved \u00f8kt oppmerksomhet. I Brann har vi i media opplevd gang p\u00e5 gang at spillere skjermes n\u00e5r det stormer rundt dem, og at de slipper \u00e5 svare p\u00e5 sp\u00f8rsm\u00e5l. Selv om det bare forlenger tiden st\u00f8yen varer for b\u00e5de spilleren og klubben.<\/p>\n<p>Spillerne i Brann har ogs\u00e5 noe \u00f8konomisk \u00e5 tape p\u00e5 g\u00e5 kontrakten ut. Vi skal ikke mange \u00e5r tilbake i tid f\u00f8r det knapt var profesjonelle spillere \u00e5 finne i Toppserien. N\u00e5 er alle Branns spillere profesjonelle. De kan leve av \u00e5 spille fotball. Hvis Brann ikke vil fornye kontraktene, er det bortimot umulig \u00e5 f\u00e5 en ny heltidskontrakt i Norge. Det er en stressfaktor som kan skape b\u00e5de st\u00f8y og misn\u00f8ye, og jeg forst\u00e5r spillerne der.<\/p>\n<p>Derfor blir klare svar viktige b\u00e5de for klubbledelse, trener og spillere fremover. Enhver misforst\u00e5else kan antenne noe, og jo lenger man venter med \u00e5 gi beskjed til spillere om de f\u00e5r fortsette \u00e5 ha fotball som yrke, jo mer spent stemning blir det.<\/p>\n","protected":false},"excerpt":{"rendered":"Nei, jeg snakker ikke om s\u00f8ndagens seriefinale mot V\u00e5lerenga i Oslo. Selv om et tap i den kampen&hellip;\n","protected":false},"author":2,"featured_media":55799,"comment_status":"","ping_status":"","sticky":false,"template":"","format":"standard","meta":{"footnotes":""},"categories":[59],"tags":[36,5999,30,28,29,1533,418,83,82,895],"class_list":{"0":"post-55798","1":"post","2":"type-post","3":"status-publish","4":"format-standard","5":"has-post-thumbnail","7":"category-sport","8":"tag-art","9":"tag-leif-gunnar-smerud","10":"tag-no","11":"tag-norge","12":"tag-norway","13":"tag-opinion","14":"tag-sk-brann","15":"tag-sport","16":"tag-sports","17":"tag-toppserien"},"share_on_mastodon":{"url":"","error":""},"_links":{"self":[{"href":"https:\/\/www.europesays.com\/no\/wp-json\/wp\/v2\/posts\/55798","targetHints":{"allow":["GET"]}}],"collection":[{"href":"https:\/\/www.europesays.com\/no\/wp-json\/wp\/v2\/posts"}],"about":[{"href":"https:\/\/www.europesays.com\/no\/wp-json\/wp\/v2\/types\/post"}],"author":[{"embeddable":true,"href":"https:\/\/www.europesays.com\/no\/wp-json\/wp\/v2\/users\/2"}],"replies":[{"embeddable":true,"href":"https:\/\/www.europesays.com\/no\/wp-json\/wp\/v2\/comments?post=55798"}],"version-history":[{"count":0,"href":"https:\/\/www.europesays.com\/no\/wp-json\/wp\/v2\/posts\/55798\/revisions"}],"wp:featuredmedia":[{"embeddable":true,"href":"https:\/\/www.europesays.com\/no\/wp-json\/wp\/v2\/media\/55799"}],"wp:attachment":[{"href":"https:\/\/www.europesays.com\/no\/wp-json\/wp\/v2\/media?parent=55798"}],"wp:term":[{"taxonomy":"category","embeddable":true,"href":"https:\/\/www.europesays.com\/no\/wp-json\/wp\/v2\/categories?post=55798"},{"taxonomy":"post_tag","embeddable":true,"href":"https:\/\/www.europesays.com\/no\/wp-json\/wp\/v2\/tags?post=55798"}],"curies":[{"name":"wp","href":"https:\/\/api.w.org\/{rel}","templated":true}]}}