{"id":55850,"date":"2025-10-08T18:35:10","date_gmt":"2025-10-08T18:35:10","guid":{"rendered":"https:\/\/www.europesays.com\/no\/55850\/"},"modified":"2025-10-08T18:35:10","modified_gmt":"2025-10-08T18:35:10","slug":"amadeus-sogaard-og-matilda-linderoth-venter-sitt-forste-barn","status":"publish","type":"post","link":"https:\/\/www.europesays.com\/no\/55850\/","title":{"rendered":"Amadeus S\u00f6gaard og Matilda Linderoth venter sitt f\u00f8rste barn"},"content":{"rendered":"<p class=\"kicker \" style=\"\">Carola\u00a0H\u00e4ggkvist:\u00a0<\/p>\n<p>  Artist Carola H\u00e4ggkvist og Runar S\u00f8gaard skal bli besteforeldre.<\/p>\n<p>\n    NY ROLLE: Carola H\u00e4ggkvist skal bli farmor. Foto: Heiko Junge\/ NTB\n  <\/p>\n<p><a href=\"https:\/\/www.seher.no\/kjendis\/jeg-er-sa-lykkelig-pa-deres-vegne\/83197428\" target=\"_blank\" rel=\"nofollow noopener\">Amadeus S\u00f6gaard (27) og kj\u00e6resten Matilda Linderoth (27)<\/a> venter sitt f\u00f8rste barn, det deler paret p\u00e5 Instagram.\u00a0<\/p>\n<p>        NY SERIE: Gunilla Persson har f\u00e5tt sitt eget datingprogram, hvor vi ogs\u00e5 f\u00e5r f\u00f8lge livet hennes, men noen av kravene hun har til mennene kan nok oppfattes som litt store. Video: Viaplay \/ \u00abDen rette for Gunilla\u00bb \/\/ Reporter: H\u00e5vard Bj\u00f8rnerem<\/p>\n<p>Der viser de fram et ultralydbilde, s\u00f8te \u00f8yeblikk og et stort smil.<\/p>\n<p>          <img loading=\"lazy\" decoding=\"async\" src=\"https:\/\/www.europesays.com\/no\/wp-content\/uploads\/2025\/10\/83697536.webp\" width=\"686\" height=\"831\" title=\"FORELDRE: Paret blir foreldre for f\u00f8rste gang. Foto: Instagram \/ @matildalinderoths\" alt=\"\" class=\"\" style=\"--aspect-ratio-image: 0.83; \"\/><\/p>\n<p>\n          FORELDRE: Paret blir foreldre for f\u00f8rste gang. Foto: Instagram \/ @matildalinderoths\n      <\/p>\n<p>\u00abLoading\u2026\u00bb, skriver de under bildene.<\/p>\n<p class=\"font-weight-normal m-font-weight-normal\" data-lab-font_weight=\"font-weight-normal\">Amadeus, som er s\u00f8nn av Carola H\u00e4ggkvist og Runar S\u00f8gaard, giftet seg med Matilda i sommer.\u00a0<\/p>\n<p class=\"font-weight-normal m-font-weight-normal\" data-lab-font_weight=\"font-weight-normal\">Det storsl\u00e5tte bryllupet fant sted p\u00e5 Sveriges nasjonaldag, og Carola delte i den annleding en r\u00f8rende melding til det nygifte paret.\u00a0<\/p>\n<p class=\"font-weight-normal m-font-weight-normal\" data-lab-font_weight=\"font-weight-normal\">&#8211; N\u00e5 er de gift, min s\u00f8nn og hans vakre, elskede Matilda, skrev Carola p\u00e5 Instagram i juni.\u00a0<\/p>\n<p>          <img loading=\"lazy\" decoding=\"async\" src=\"https:\/\/www.europesays.com\/no\/wp-content\/uploads\/2025\/10\/83697490.webp\" width=\"980\" height=\"559\" title=\"FAMILIE: Carola H\u00e4ggkvist sammen med s\u00f8nnen Amadeus og Runar S\u00f8gaard. N\u00e5 skal eksparet bli besteforeldre. Foto: Karin T\u00f6rnblom\/IBL\/NTB\" alt=\"\" class=\"\" style=\"--aspect-ratio-image: 1.75; \"\/><\/p>\n<p>\n          FAMILIE: Carola H\u00e4ggkvist sammen med s\u00f8nnen Amadeus og Runar S\u00f8gaard. N\u00e5 skal eksparet bli besteforeldre. Foto: Karin T\u00f6rnblom\/IBL\/NTB\n      <\/p>\n<p class=\"font-weight-normal m-font-weight-normal\" data-lab-font_weight=\"font-weight-normal\">Under baby-avsl\u00f8ringen renner det inn med lykke\u00f8nskninger til paret.\u00a0<\/p>\n<p>          <img loading=\"lazy\" decoding=\"async\" src=\"https:\/\/www.europesays.com\/no\/wp-content\/uploads\/2025\/10\/83697534.webp\" width=\"686\" height=\"501\" title=\"MOR OG S\u00d8NN: Carola med s\u00f8nnen Amadeus. Foto: NTB\" alt=\"\" class=\"\" style=\"--aspect-ratio-image: 1.37; \"\/><\/p>\n<p>\n          MOR OG S\u00d8NN: Carola med s\u00f8nnen Amadeus. Foto: NTB\n      <\/p>\n<p> Paret bor i dag sammen i Stockholm. Amadeus spiller fotball for IFK Norrk\u00f6ping, men har tidligere uttalt at han har en stor interesse for musikk.<\/p>\n<p> Amadeus og Matilda m\u00f8ttes da de begge gikk p\u00e5 ungdomsskolen, og har v\u00e6rt et par siden de var ten\u00e5ringer.<\/p>\n","protected":false},"excerpt":{"rendered":"Carola\u00a0H\u00e4ggkvist:\u00a0 Artist Carola H\u00e4ggkvist og Runar S\u00f8gaard skal bli besteforeldre. NY ROLLE: Carola H\u00e4ggkvist skal bli farmor. Foto:&hellip;\n","protected":false},"author":2,"featured_media":55851,"comment_status":"","ping_status":"","sticky":false,"template":"","format":"standard","meta":{"footnotes":""},"categories":[10],"tags":[8388,20,21,7787,24,25,15,479,2543,22,23,13,30,28,29,14,16,1583,26,27],"class_list":{"0":"post-55850","1":"post","2":"type-post","3":"status-publish","4":"format-standard","5":"has-post-thumbnail","7":"category-norge","8":"tag-amadeus-sogaard","9":"tag-breaking-news","10":"tag-breakingnews","11":"tag-carola-haggkvist","12":"tag-featured-news","13":"tag-featurednews","14":"tag-headlines","15":"tag-kjendis","16":"tag-kjendisdesken","17":"tag-latest-news","18":"tag-latestnews","19":"tag-news","20":"tag-no","21":"tag-norge","22":"tag-norway","23":"tag-nyheter","24":"tag-overskrifter","25":"tag-runar-sogaard","26":"tag-top-stories","27":"tag-topstories"},"share_on_mastodon":{"url":"","error":""},"_links":{"self":[{"href":"https:\/\/www.europesays.com\/no\/wp-json\/wp\/v2\/posts\/55850","targetHints":{"allow":["GET"]}}],"collection":[{"href":"https:\/\/www.europesays.com\/no\/wp-json\/wp\/v2\/posts"}],"about":[{"href":"https:\/\/www.europesays.com\/no\/wp-json\/wp\/v2\/types\/post"}],"author":[{"embeddable":true,"href":"https:\/\/www.europesays.com\/no\/wp-json\/wp\/v2\/users\/2"}],"replies":[{"embeddable":true,"href":"https:\/\/www.europesays.com\/no\/wp-json\/wp\/v2\/comments?post=55850"}],"version-history":[{"count":0,"href":"https:\/\/www.europesays.com\/no\/wp-json\/wp\/v2\/posts\/55850\/revisions"}],"wp:featuredmedia":[{"embeddable":true,"href":"https:\/\/www.europesays.com\/no\/wp-json\/wp\/v2\/media\/55851"}],"wp:attachment":[{"href":"https:\/\/www.europesays.com\/no\/wp-json\/wp\/v2\/media?parent=55850"}],"wp:term":[{"taxonomy":"category","embeddable":true,"href":"https:\/\/www.europesays.com\/no\/wp-json\/wp\/v2\/categories?post=55850"},{"taxonomy":"post_tag","embeddable":true,"href":"https:\/\/www.europesays.com\/no\/wp-json\/wp\/v2\/tags?post=55850"}],"curies":[{"name":"wp","href":"https:\/\/api.w.org\/{rel}","templated":true}]}}