{"id":55891,"date":"2025-10-08T19:15:32","date_gmt":"2025-10-08T19:15:32","guid":{"rendered":"https:\/\/www.europesays.com\/no\/55891\/"},"modified":"2025-10-08T19:15:32","modified_gmt":"2025-10-08T19:15:32","slug":"andreassen-om-hvorfor-vi-kan-forvente-saftige-rentekutt","status":"publish","type":"post","link":"https:\/\/www.europesays.com\/no\/55891\/","title":{"rendered":"Andreassen om hvorfor vi kan forvente saftige rentekutt"},"content":{"rendered":"<p><strong>Sjef\u00f8konom i Eika Jan Ludvig Andreassen tror Norges Bank kan bli presset til \u00e5 kutte renten kraftig neste \u00e5r dersom Donald Trumps \u00f8konomiske politikk f\u00f8rer til et markant fall i dollaren.<\/strong><\/p>\n<p>\u2013 Norges Bank kan m\u00e5tte kutte fire\u2013fem ganger neste \u00e5r, ned mot 2,5 til 3 prosent p\u00e5 sikt, sier Andreassen til <a href=\"https:\/\/e24.no\/internasjonal-oekonomi\/i\/mPOA10\/norges-bank-kan-maatte-kutte-fire-fem-ganger-neste-aar?referer=https%3A%2F%2Fwww.vg.no\" rel=\"nofollow noopener\" target=\"_blank\">E24<\/a>.<\/p>\n<p>Han viser til en mulig \u00abMiran-effekt\u00bb i USA, oppkalt etter Trumps \u00f8konomiske r\u00e5dgiver Stephen Miran, som \u00f8nsker \u00e5 akseptere negative realrenter for \u00e5 svekke dollaren og redusere handelsunderskuddet.<\/p>\n<p>Andreassen advarer samtidig om at en svakere dollar kan bety lavere oljepris m\u00e5lt i norske kroner \u2013 og et inntektsfall p\u00e5 rundt 150 milliarder kroner for staten.<\/p>\n<p>Kjetil Olsen i Nordea Markets deler vurderingen av en svakere dollar, men mener motivet bak Trumps linje f\u00f8rst og fremst handler om \u00e5 betale mindre p\u00e5 statsgjelden. Han tror ikke Norges Bank vil f\u00f8lge like raskt etter.<\/p>\n<p>\u2013 Det er ikke opplagt at dollarfallet gir mange rentekutt her hjemme, sier Olsen til E24.<\/p>\n<p>Begge \u00f8konomene peker p\u00e5 at dollarfallet kan f\u00e5 store ringvirkninger, men avviser at det i seg selv vil utl\u00f8se en ny finanskrise.<\/p>\n","protected":false},"excerpt":{"rendered":"Sjef\u00f8konom i Eika Jan Ludvig Andreassen tror Norges Bank kan bli presset til \u00e5 kutte renten kraftig neste&hellip;\n","protected":false},"author":2,"featured_media":55892,"comment_status":"","ping_status":"","sticky":false,"template":"","format":"standard","meta":{"footnotes":""},"categories":[56],"tags":[60,61,8399,2322,62,30,8400,28,241,29,1020,766],"class_list":{"0":"post-55891","1":"post","2":"type-post","3":"status-publish","4":"format-standard","5":"has-post-thumbnail","7":"category-naeringsliv","8":"tag-business","9":"tag-economy","10":"tag-jan-ludvig-andreassen","11":"tag-kjetil-olsen","12":"tag-naeringsliv","13":"tag-no","14":"tag-nordea-markets","15":"tag-norge","16":"tag-norges-bank","17":"tag-norway","18":"tag-renter","19":"tag-trump"},"share_on_mastodon":{"url":"","error":""},"_links":{"self":[{"href":"https:\/\/www.europesays.com\/no\/wp-json\/wp\/v2\/posts\/55891","targetHints":{"allow":["GET"]}}],"collection":[{"href":"https:\/\/www.europesays.com\/no\/wp-json\/wp\/v2\/posts"}],"about":[{"href":"https:\/\/www.europesays.com\/no\/wp-json\/wp\/v2\/types\/post"}],"author":[{"embeddable":true,"href":"https:\/\/www.europesays.com\/no\/wp-json\/wp\/v2\/users\/2"}],"replies":[{"embeddable":true,"href":"https:\/\/www.europesays.com\/no\/wp-json\/wp\/v2\/comments?post=55891"}],"version-history":[{"count":0,"href":"https:\/\/www.europesays.com\/no\/wp-json\/wp\/v2\/posts\/55891\/revisions"}],"wp:featuredmedia":[{"embeddable":true,"href":"https:\/\/www.europesays.com\/no\/wp-json\/wp\/v2\/media\/55892"}],"wp:attachment":[{"href":"https:\/\/www.europesays.com\/no\/wp-json\/wp\/v2\/media?parent=55891"}],"wp:term":[{"taxonomy":"category","embeddable":true,"href":"https:\/\/www.europesays.com\/no\/wp-json\/wp\/v2\/categories?post=55891"},{"taxonomy":"post_tag","embeddable":true,"href":"https:\/\/www.europesays.com\/no\/wp-json\/wp\/v2\/tags?post=55891"}],"curies":[{"name":"wp","href":"https:\/\/api.w.org\/{rel}","templated":true}]}}