{"id":55905,"date":"2025-10-08T19:32:14","date_gmt":"2025-10-08T19:32:14","guid":{"rendered":"https:\/\/www.europesays.com\/no\/55905\/"},"modified":"2025-10-08T19:32:14","modified_gmt":"2025-10-08T19:32:14","slug":"gloppen-veg-blei-ikkje-landets-darlegaste-veg","status":"publish","type":"post","link":"https:\/\/www.europesays.com\/no\/55905\/","title":{"rendered":"Gloppen, Veg | Blei ikkje landets d\u00e5rlegaste veg"},"content":{"rendered":"\n<p>Fylkesveg 615 mellom Storebru og Sandane har tidlegare blitt k\u00e5ra til Norges nest verste veg. I \u00e5r vart vegen nominert p\u00e5 nytt i ei ny k\u00e5ring, og blei nok ein gong finalist.<\/p>\n<p>Sj\u00f8lv om alle kan vere einige om at vegen er alt for d\u00e5rleg, fekk den ikkje tittelen som \u00abnorges verste\u00bb.<\/p>\n<p>Nesten 9.000 personar stemde i avstemminga til Opplysningsr\u00e5det for Veitrafikken (OFV). Det var fylkesveg 33 langs Mj\u00f8sa som fekk flest stemmer, og dermed er k\u00e5ra til landets d\u00e5rlegaste.<\/p>\n<p>NRK melde f\u00f8rst om resultatet av k\u00e5ringa.<\/p>\n<p>  <a href=\"https:\/\/www.firda.no\/5-15-1941760\" class=\"related-teaser has-image default-story-teaser article--c-eRUmMG article--c-eRUmMG-jKCPdD-design-default\" rel=\"nofollow noopener\" target=\"_blank\"><\/p>\n<p>    <img decoding=\"async\" loading=\"lazy\"  src=\"https:\/\/www.europesays.com\/no\/wp-content\/uploads\/2025\/10\/5_15_1190944+RAS+image0000001001.jpg\" alt=\"\" class=\"brick-c-cFOWSL\" style=\"\"\/><\/p>\n<p>\n            Les ogs\u00e5<\/p>\n<p>              Denne strekka kan bli k\u00e5ra til Norges verste\n        <\/p>\n<p>  <\/a><\/p>\n","protected":false},"excerpt":{"rendered":"Fylkesveg 615 mellom Storebru og Sandane har tidlegare blitt k\u00e5ra til Norges nest verste veg. I \u00e5r vart&hellip;\n","protected":false},"author":2,"featured_media":55906,"comment_status":"","ping_status":"","sticky":false,"template":"","format":"standard","meta":{"footnotes":""},"categories":[10],"tags":[36,20,21,24,25,8393,5225,15,22,23,13,30,28,29,14,16,1510,26,27,8402],"class_list":{"0":"post-55905","1":"post","2":"type-post","3":"status-publish","4":"format-standard","5":"has-post-thumbnail","7":"category-norge","8":"tag-art","9":"tag-breaking-news","10":"tag-breakingnews","11":"tag-featured-news","12":"tag-featurednews","13":"tag-fylkesveg","14":"tag-gloppen","15":"tag-headlines","16":"tag-latest-news","17":"tag-latestnews","18":"tag-news","19":"tag-no","20":"tag-norge","21":"tag-norway","22":"tag-nyheter","23":"tag-overskrifter","24":"tag-story","25":"tag-top-stories","26":"tag-topstories","27":"tag-veg"},"share_on_mastodon":{"url":"","error":""},"_links":{"self":[{"href":"https:\/\/www.europesays.com\/no\/wp-json\/wp\/v2\/posts\/55905","targetHints":{"allow":["GET"]}}],"collection":[{"href":"https:\/\/www.europesays.com\/no\/wp-json\/wp\/v2\/posts"}],"about":[{"href":"https:\/\/www.europesays.com\/no\/wp-json\/wp\/v2\/types\/post"}],"author":[{"embeddable":true,"href":"https:\/\/www.europesays.com\/no\/wp-json\/wp\/v2\/users\/2"}],"replies":[{"embeddable":true,"href":"https:\/\/www.europesays.com\/no\/wp-json\/wp\/v2\/comments?post=55905"}],"version-history":[{"count":0,"href":"https:\/\/www.europesays.com\/no\/wp-json\/wp\/v2\/posts\/55905\/revisions"}],"wp:featuredmedia":[{"embeddable":true,"href":"https:\/\/www.europesays.com\/no\/wp-json\/wp\/v2\/media\/55906"}],"wp:attachment":[{"href":"https:\/\/www.europesays.com\/no\/wp-json\/wp\/v2\/media?parent=55905"}],"wp:term":[{"taxonomy":"category","embeddable":true,"href":"https:\/\/www.europesays.com\/no\/wp-json\/wp\/v2\/categories?post=55905"},{"taxonomy":"post_tag","embeddable":true,"href":"https:\/\/www.europesays.com\/no\/wp-json\/wp\/v2\/tags?post=55905"}],"curies":[{"name":"wp","href":"https:\/\/api.w.org\/{rel}","templated":true}]}}