{"id":55923,"date":"2025-10-08T19:48:10","date_gmt":"2025-10-08T19:48:10","guid":{"rendered":"https:\/\/www.europesays.com\/no\/55923\/"},"modified":"2025-10-08T19:48:10","modified_gmt":"2025-10-08T19:48:10","slug":"ronaldos-familie-ber-ham-slutte-han-vil-score-1000-mal","status":"publish","type":"post","link":"https:\/\/www.europesays.com\/no\/55923\/","title":{"rendered":"Ronaldos familie ber ham slutte \u2013 han vil score 1000 m\u00e5l"},"content":{"rendered":"\n<p class=\"_lead_1994c_2 _lead_xtcu6_50 layout-component text-serif-m layout-normal text-serif-l layout-component layout-wide layout-padded _wide_17hqh_1 layout-padded\">Men fotballstjernen har fortsatt minst ett stort m\u00e5l igjen.<\/p>\n<p><img alt=\"VENTER OG VENTER: Cristiano Ronaldo forteller at samboeren Georgina Rodr\u00edguez har begynt \u00e5 se frem til at fotballkarrieren er over. Foto: FAYEZ NURELDINE \/ AFP \/ NTB\" class=\"_image_qp4xg_65 layout-component layout-wide\" data-fullscreen- data-track-element-type=\"Article image fullscreen\" data-track-name=\"ImageFullscreen\" fetchpriority=\"high\" decoding=\"sync\" loading=\"eager\" height=\"1585\" itemprop=\"image\"  src=\"https:\/\/www.europesays.com\/no\/wp-content\/uploads\/2025\/10\/d98b794f-feb4-4b10-9764-0fd4dc2bbd9b\"  style=\"object-position:0% 0%\" width=\"2379\"\/>VENTER OG VENTER: Cristiano Ronaldo forteller at samboeren Georgina Rodr\u00edguez har begynt \u00e5 se frem til at fotballkarrieren er over. Foto: FAYEZ NURELDINE \/ AFP \/ NTB<\/p>\n<ul aria-hidden=\"true\" class=\"_images_1y6fe_106\">\n<li><a class=\"_link_1y6fe_111\" href=\"https:\/\/www.vg.no\/forfatter\/yasmin-sunde-hoel\" style=\"z-index:1\" title=\"Yasmin Sunde Hoel\" rel=\"nofollow noopener\" target=\"_blank\"><img alt=\"Bilde av Yasmin Sunde Hoel\" class=\"_image_1y6fe_88\" fetchpriority=\"low\" loading=\"lazy\" decoding=\"async\" itemprop=\"image\"  src=\"https:\/\/www.europesays.com\/no\/wp-content\/uploads\/2025\/10\/1759952889_779_9b0968a4-bfc7-4456-a6f4-b0a569ad0436\"  width=\"480\"\/><\/a><\/li>\n<\/ul>\n<p> Oppdatert onsdag 8. oktober kl. 21:39    <\/p>\n<ul class=\"_list_1994c_3 _list_64s2r_85 _unordered_1994c_105 text-sans-m\">\n<li class=\"_item_1994c_30\">Familien ber Cristiano Ronaldo slutte, men han vil fortsette karrieren. I intervjuet nevnes \u00ab1000 m\u00e5l\u00bb.<\/li>\n<li class=\"_item_1994c_30\">40-\u00e5ringen har over 940 m\u00e5l, kontrakt i Al Nassr til 2027 og er p\u00e5 landslagssamling f\u00f8r VM-kvalik mot Irland.<\/li>\n<li class=\"_item_1994c_30\">Han mottok Prestige-prisen og ble fotballens f\u00f8rste dollarmilliard\u00e6r; VM 2026 kan bli siste sjanse.<\/li>\n<\/ul>\n<p>Vis mer <\/p>\n<p class=\"_paragraph_1994c_4 _paragraph_xtcu6_10 layout-component text-serif-m layout-normal text-serif-m layout-padded\"><a href=\"https:\/\/www.vg.no\/tag\/cristiano-ronaldo?utm_source=vg-article&amp;utm_medium=auto-tagger&amp;utm_campaign=8qrEox\" class=\"_link_1994c_39\" rel=\"nofollow noopener\" target=\"_blank\">Cristiano Ronaldo<\/a> har derfor ingen planer om \u00e5 gi seg med det f\u00f8rste, forteller han i et nytt intervju. Han vil nemlig n\u00e5 milep\u00e6len 1000 m\u00e5l i karrieren.<\/p>\n<p class=\"_paragraph_1994c_4 _paragraph_xtcu6_10 layout-component text-serif-m layout-normal text-serif-m layout-padded\">\u2013 Folk, spesielt familien min, sier: \u00abDet er p\u00e5 tide at du slutter. Du har gjort alt. Hvorfor vil du score tusen m\u00e5l?\u00bb, sier Ronaldo til Canal 11, if\u00f8lge <a href=\"https:\/\/www.espn.co.uk\/football\/story\/_\/id\/46528134\/cristiano-ronaldo-family-ask-stop-want-1000-goals\" class=\"_link_1994c_39\" rel=\"nofollow noopener\" target=\"_blank\">ESPN<\/a>.<\/p>\n<p class=\"_paragraph_1994c_4 _paragraph_xtcu6_10 layout-component text-serif-m layout-normal text-serif-m layout-padded\"><strong class=\"_strong_1994c_25\">Ronaldo er samboer og forlovet med Georgina Rodr\u00edguez og har fem barn. <\/strong><\/p>\n<p class=\"_paragraph_1994c_4 _paragraph_xtcu6_10 layout-component text-serif-m layout-normal text-serif-m layout-padded\">\u2013 Men jeg tenker ikke s\u00e5nn. Jeg tror jeg fortsatt gj\u00f8r det bra, jeg hjelper klubben min og landslaget, og hvorfor ikke fortsette? sier han.<\/p>\n<p class=\"_paragraph_1994c_4 _paragraph_xtcu6_10 layout-component text-serif-m layout-normal text-serif-m layout-padded\">40-\u00e5ringen ankom Portugals landslagssamling tirsdag denne uken. Laget m\u00f8ter Irland i en VM-kvalifiseringskamp l\u00f8rdag kveld.<\/p>\n<p class=\"_paragraph_1994c_4 _paragraph_xtcu6_10 layout-component text-serif-m layout-normal text-serif-m layout-padded\">Ronaldo har scoret over 940 m\u00e5l i karrieren og er tidenes toppscorer for herrelandslag med 141 m\u00e5l p\u00e5 223 kamper for Portugal. <\/p>\n<p><img alt=\"GIR SEG IKKE: Ronaldo sl\u00e5r av en prat med Portugal-trener Roberto Martinez tirsdag denne uken, da de m\u00f8ttes igjen til ny samling. Martinez gir fortsatt mye tillit til den 40 \u00e5r gamle stjernen.  Foto: JOSE SENA GOULAO \/ EPA \/ NTB\" class=\"_image_qp4xg_65 layout-component layout-normal\" data-fullscreen- data-track-element-type=\"Article image fullscreen\" data-track-name=\"ImageFullscreen\" decoding=\"async\" loading=\"lazy\" height=\"2739\" itemprop=\"image\"  src=\"https:\/\/www.europesays.com\/no\/wp-content\/uploads\/2025\/10\/94b136d2-963e-4bf0-a9e4-8364263226c8\"  style=\"object-position:0% 0%\" width=\"4109\"\/>GIR SEG IKKE: Ronaldo sl\u00e5r av en prat med Portugal-trener Roberto Martinez tirsdag denne uken, da de m\u00f8ttes igjen til ny samling. Martinez gir fortsatt mye tillit til den 40 \u00e5r gamle stjernen.  Foto: JOSE SENA GOULAO \/ EPA \/ NTB<\/p>\n<p class=\"_paragraph_1994c_4 _paragraph_xtcu6_10 layout-component text-serif-m layout-normal text-serif-m layout-padded\"><strong class=\"_strong_1994c_25\">Al Nassr-spissen har kontrakt til 2027 og sier han fortsatt har lidenskap for spillet.<\/strong><\/p>\n<p class=\"_paragraph_1994c_4 _paragraph_xtcu6_10 layout-component text-serif-m layout-normal text-serif-m layout-padded\">\u2013 Jeg er sikker p\u00e5 at n\u00e5r jeg slutter, vil jeg v\u00e6re tilfreds, fordi jeg ga alt. Jeg vet at jeg ikke har mange \u00e5r igjen, men de f\u00e5 jeg har, pr\u00f8ver jeg \u00e5 nyte fullt ut, sier han.<\/p>\n<p class=\"_paragraph_1994c_4 _paragraph_xtcu6_10 layout-component text-serif-m layout-normal text-serif-m layout-padded\">Den femdoble Ballon d&#8217;Or-vinneren mottok tirsdag Prestige-prisen under Portugal Football Globes.<\/p>\n<p class=\"_paragraph_1994c_4 _paragraph_xtcu6_10 layout-component text-serif-m layout-normal text-serif-m layout-padded\">\u2013 Det er ikke en slutt-p\u00e5-karrieren-pris. Jeg ser det som anerkjennelse av \u00e5r med innsats, dedikasjon og ambisjoner, sier Ronaldo.<\/p>\n<p class=\"_paragraph_1994c_4 _paragraph_xtcu6_10 layout-component text-serif-m layout-normal text-serif-m layout-padded\">VM 2026 kan bli hans siste sjanse til \u00e5 vinne det eneste store trofeet som mangler.<\/p>\n<ul class=\"_list_1994c_3 _list_xtcu6_9 _unordered_1994c_105 layout-component text-serif-m layout-normal text-serif-m layout-padded\">\n<li class=\"_item_1994c_30\"><a href=\"https:\/\/e24.no\/naeringsliv\/i\/LM866q\/ronaldo-er-fotballens-foerste-dollarmilliardaer\" class=\"_link_1994c_39\" rel=\"nofollow noopener\" target=\"_blank\"><strong class=\"_strong_1994c_25\">Tidligere onsdag ble det klart at Ronaldo er tidenes f\u00f8rste fotball-dollarmilliard\u00e6r.<\/strong><\/a><\/li>\n<\/ul>\n","protected":false},"excerpt":{"rendered":"Men fotballstjernen har fortsatt minst ett stort m\u00e5l igjen. VENTER OG VENTER: Cristiano Ronaldo forteller at samboeren Georgina&hellip;\n","protected":false},"author":2,"featured_media":55924,"comment_status":"","ping_status":"","sticky":false,"template":"","format":"standard","meta":{"footnotes":""},"categories":[59],"tags":[1288,30,28,29,4495,83,82,46,4167],"class_list":{"0":"post-55923","1":"post","2":"type-post","3":"status-publish","4":"format-standard","5":"has-post-thumbnail","7":"category-sport","8":"tag-cristiano-ronaldo","9":"tag-no","10":"tag-norge","11":"tag-norway","12":"tag-portugal","13":"tag-sport","14":"tag-sports","15":"tag-vgai","16":"tag-vm-kvalifisering"},"share_on_mastodon":{"url":"","error":""},"_links":{"self":[{"href":"https:\/\/www.europesays.com\/no\/wp-json\/wp\/v2\/posts\/55923","targetHints":{"allow":["GET"]}}],"collection":[{"href":"https:\/\/www.europesays.com\/no\/wp-json\/wp\/v2\/posts"}],"about":[{"href":"https:\/\/www.europesays.com\/no\/wp-json\/wp\/v2\/types\/post"}],"author":[{"embeddable":true,"href":"https:\/\/www.europesays.com\/no\/wp-json\/wp\/v2\/users\/2"}],"replies":[{"embeddable":true,"href":"https:\/\/www.europesays.com\/no\/wp-json\/wp\/v2\/comments?post=55923"}],"version-history":[{"count":0,"href":"https:\/\/www.europesays.com\/no\/wp-json\/wp\/v2\/posts\/55923\/revisions"}],"wp:featuredmedia":[{"embeddable":true,"href":"https:\/\/www.europesays.com\/no\/wp-json\/wp\/v2\/media\/55924"}],"wp:attachment":[{"href":"https:\/\/www.europesays.com\/no\/wp-json\/wp\/v2\/media?parent=55923"}],"wp:term":[{"taxonomy":"category","embeddable":true,"href":"https:\/\/www.europesays.com\/no\/wp-json\/wp\/v2\/categories?post=55923"},{"taxonomy":"post_tag","embeddable":true,"href":"https:\/\/www.europesays.com\/no\/wp-json\/wp\/v2\/tags?post=55923"}],"curies":[{"name":"wp","href":"https:\/\/api.w.org\/{rel}","templated":true}]}}